{"id":77831,"date":"2025-07-20T07:47:04","date_gmt":"2025-07-20T10:47:04","guid":{"rendered":"https:\/\/blogopara.com.br\/?p=77831"},"modified":"2025-07-19T11:48:50","modified_gmt":"2025-07-19T14:48:50","slug":"terceirizados-da-uneb-ameacam-paralisacao-por-salarios-atrasados-em-juazeiro-suica-e-sindilimpba-exigem-solucao","status":"publish","type":"post","link":"https:\/\/blogopara.com.br\/index.php\/2025\/07\/20\/terceirizados-da-uneb-ameacam-paralisacao-por-salarios-atrasados-em-juazeiro-suica-e-sindilimpba-exigem-solucao","title":{"rendered":"Terceirizados da Uneb amea\u00e7am paralisa\u00e7\u00e3o por sal\u00e1rios atrasados em Juazeiro; Su\u00edca e SindilimpBA exigem solu\u00e7\u00e3o"},"content":{"rendered":"<div class=\"post-header-area\">\n<p><span style=\"font-size: 1rem;\">Trabalhadores terceirizados do Campus 3 da Universidade do Estado da Bahia (Uneb), em Juazeiro, realizaram um protesto e amea\u00e7am paralisar as atividades devido ao atraso nos pagamentos. A empresa respons\u00e1vel pelo servi\u00e7o, Creta, est\u00e1 h\u00e1 15 dias sem quitar sal\u00e1rios, vale alimenta\u00e7\u00e3o, vale transporte e tamb\u00e9m n\u00e3o tem fornecido plano de sa\u00fade ou fardamento aos funcion\u00e1rios.<\/span><\/p>\n<\/div>\n<div class=\"post-content-area\">\n<p>Os profissionais de asseio e conserva\u00e7\u00e3o afirmam que essa situa\u00e7\u00e3o tem gerado dificuldades financeiras e compromete a continuidade dos servi\u00e7os prestados no campus. Eles destacam a import\u00e2ncia da regulariza\u00e7\u00e3o imediata dos pagamentos para garantir a manuten\u00e7\u00e3o da qualidade do trabalho e o bem-estar dos funcion\u00e1rios, que se sentem desamparados diante da falta de respostas da empresa.<\/p>\n<p>Diante da continuidade dos atrasos nos pagamentos e da falta de respostas da empresa, o diretor regional do SindilimpBA, Jamay Damasceno, refor\u00e7ou a posi\u00e7\u00e3o da categoria sobre a paralisa\u00e7\u00e3o. &#8220;J\u00e1 encaminhamos o of\u00edcio para a empresa, j\u00e1 comunicamos que vamos ficar paralisados e vamos aguardar que o dinheiro caia na conta desses trabalhadores. Enquanto isso n\u00e3o acontecer, a gente vai continuar aqui com a paralisa\u00e7\u00e3o, com a manifesta\u00e7\u00e3o, para cobrar os direitos que s\u00e3o devidos&#8221;.<\/p>\n<div><sub>&#8212;&#8212;&#8212; MAT\u00c9RIA CONTINUA DEPOIS DA PUBLI<\/sub><iframe loading=\"lazy\" title=\"Funcion\u00e1rios terceirizados da Uneb protestam por sal\u00e1rios atrasados em Juazeiro\" src=\"https:\/\/www.youtube.com\/embed\/gZoquZgsTpM?feature=oembed\" width=\"580\" height=\"326\" frameborder=\"0\" allowfullscreen=\"allowfullscreen\"><\/iframe><\/div>\n<p><iframe loading=\"lazy\" title=\"Funcion\u00e1rios terceirizados da Uneb protestam por sal\u00e1rios atrasados em Juazeiro\" width=\"640\" height=\"360\" src=\"https:\/\/www.youtube.com\/embed\/gZoquZgsTpM?feature=oembed\" frameborder=\"0\" allow=\"accelerometer; autoplay; clipboard-write; encrypted-media; gyroscope; picture-in-picture; web-share\" referrerpolicy=\"strict-origin-when-cross-origin\" allowfullscreen><\/iframe><\/p>\n<p>Ana Ang\u00e9lica Rabello, coordenadora geral do SindilimpBA, refor\u00e7ou a insatisfa\u00e7\u00e3o da categoria diante do descaso da empresa terceirizada e cobrou uma solu\u00e7\u00e3o urgente para o impasse. &#8220;N\u00e3o \u00e9 admiss\u00edvel que trabalhadores fiquem tanto tempo sem sal\u00e1rio e benef\u00edcios b\u00e1sicos. Faremos de tudo para garantir que nenhum direito seja negligenciado&#8221;.<\/p>\n<p>O ex-vereador Luiz Carlos Su\u00edca (PT), conhecido por sua atua\u00e7\u00e3o em defesa dos direitos dos garis e margaridas, tamb\u00e9m expressou surpresa e indigna\u00e7\u00e3o com o descaso da empresa Creta em rela\u00e7\u00e3o aos trabalhadores terceirizados da Uneb em Juazeiro.<\/p>\n<p>&#8220;\u00c9 revoltante ver profissionais essenciais, que mant\u00eam a universidade funcionando todos os dias, passarem por esse tipo de humilha\u00e7\u00e3o. N\u00e3o se trata apenas de uma quest\u00e3o trabalhista, mas de respeito, dignidade e valoriza\u00e7\u00e3o de quem presta um servi\u00e7o fundamental \u00e0 sociedade&#8221;, afirma Su\u00edca.<\/p>\n<p>&nbsp;<\/p>\n<p>&nbsp;<\/p>\n<p>&nbsp;<\/p>\n<p>Ascom do SindilimpBA<\/p><\/div>\n","protected":false},"excerpt":{"rendered":"<p>Trabalhadores terceirizados do Campus 3 da Universidade do Estado da Bahia (Uneb), em Juazeiro, realizaram um protesto e amea\u00e7am paralisar as atividades devido ao atraso nos pagamentos. A empresa respons\u00e1vel pelo servi\u00e7o, Creta, est\u00e1 h\u00e1 15 dias sem quitar sal\u00e1rios, vale alimenta\u00e7\u00e3o, vale transporte e tamb\u00e9m n\u00e3o tem fornecido plano de sa\u00fade ou fardamento aos [&hellip;]<\/p>\n","protected":false},"author":1,"featured_media":77832,"comment_status":"open","ping_status":"open","sticky":false,"template":"","format":"standard","meta":{"_uag_custom_page_level_css":"","_monsterinsights_skip_tracking":false,"_monsterinsights_sitenote_active":false,"_monsterinsights_sitenote_note":"","_monsterinsights_sitenote_category":0,"jetpack_post_was_ever_published":false,"_jetpack_newsletter_access":"","_jetpack_dont_email_post_to_subs":false,"_jetpack_newsletter_tier_id":0,"_jetpack_memberships_contains_paywalled_content":false,"_jetpack_memberships_contains_paid_content":false,"footnotes":"","jetpack_publicize_message":"","jetpack_publicize_feature_enabled":true,"jetpack_social_post_already_shared":true,"jetpack_social_options":{"image_generator_settings":{"template":"highway","default_image_id":0,"font":"","enabled":false},"version":2}},"categories":[203],"tags":[],"class_list":["post-77831","post","type-post","status-publish","format-standard","has-post-thumbnail","hentry","category-juazeiro"],"jetpack_publicize_connections":[],"jetpack_featured_media_url":"https:\/\/blogopara.com.br\/wp-content\/uploads\/2025\/07\/fFOTO-Divulgacao.jpg","uagb_featured_image_src":{"full":["https:\/\/blogopara.com.br\/wp-content\/uploads\/2025\/07\/fFOTO-Divulgacao.jpg",500,294,false],"thumbnail":["https:\/\/blogopara.com.br\/wp-content\/uploads\/2025\/07\/fFOTO-Divulgacao-150x150.jpg",150,150,true],"medium":["https:\/\/blogopara.com.br\/wp-content\/uploads\/2025\/07\/fFOTO-Divulgacao-300x176.jpg",300,176,true],"medium_large":["https:\/\/blogopara.com.br\/wp-content\/uploads\/2025\/07\/fFOTO-Divulgacao.jpg",500,294,false],"large":["https:\/\/blogopara.com.br\/wp-content\/uploads\/2025\/07\/fFOTO-Divulgacao.jpg",500,294,false],"1536x1536":["https:\/\/blogopara.com.br\/wp-content\/uploads\/2025\/07\/fFOTO-Divulgacao.jpg",500,294,false],"2048x2048":["https:\/\/blogopara.com.br\/wp-content\/uploads\/2025\/07\/fFOTO-Divulgacao.jpg",500,294,false],"mantranews-slider-large":["https:\/\/blogopara.com.br\/wp-content\/uploads\/2025\/07\/fFOTO-Divulgacao.jpg",500,294,false],"mantranews-featured-medium":["https:\/\/blogopara.com.br\/wp-content\/uploads\/2025\/07\/fFOTO-Divulgacao-420x294.jpg",420,294,true],"mantranews-featured-long":["https:\/\/blogopara.com.br\/wp-content\/uploads\/2025\/07\/fFOTO-Divulgacao-300x294.jpg",300,294,true],"mantranews-block-medium":["https:\/\/blogopara.com.br\/wp-content\/uploads\/2025\/07\/fFOTO-Divulgacao-464x290.jpg",464,290,true],"mantranews-carousel-image":["https:\/\/blogopara.com.br\/wp-content\/uploads\/2025\/07\/fFOTO-Divulgacao.jpg",500,294,false],"mantranews-block-thumb":["https:\/\/blogopara.com.br\/wp-content\/uploads\/2025\/07\/fFOTO-Divulgacao-322x230.jpg",322,230,true],"mantranews-single-large":["https:\/\/blogopara.com.br\/wp-content\/uploads\/2025\/07\/fFOTO-Divulgacao.jpg",500,294,false]},"uagb_author_info":{"display_name":"Reda\u00e7\u00e3o geral","author_link":"https:\/\/blogopara.com.br\/index.php\/author\/blogopara"},"uagb_comment_info":0,"uagb_excerpt":"Trabalhadores terceirizados do Campus 3 da Universidade do Estado da Bahia (Uneb), em Juazeiro, realizaram um protesto e amea\u00e7am paralisar as atividades devido ao atraso nos pagamentos. A empresa respons\u00e1vel pelo servi\u00e7o, Creta, est\u00e1 h\u00e1 15 dias sem quitar sal\u00e1rios, vale alimenta\u00e7\u00e3o, vale transporte e tamb\u00e9m n\u00e3o tem fornecido plano de sa\u00fade ou fardamento aos&hellip;","jetpack_sharing_enabled":true,"jetpack_likes_enabled":true,"_links":{"self":[{"href":"https:\/\/blogopara.com.br\/index.php\/wp-json\/wp\/v2\/posts\/77831","targetHints":{"allow":["GET"]}}],"collection":[{"href":"https:\/\/blogopara.com.br\/index.php\/wp-json\/wp\/v2\/posts"}],"about":[{"href":"https:\/\/blogopara.com.br\/index.php\/wp-json\/wp\/v2\/types\/post"}],"author":[{"embeddable":true,"href":"https:\/\/blogopara.com.br\/index.php\/wp-json\/wp\/v2\/users\/1"}],"replies":[{"embeddable":true,"href":"https:\/\/blogopara.com.br\/index.php\/wp-json\/wp\/v2\/comments?post=77831"}],"version-history":[{"count":1,"href":"https:\/\/blogopara.com.br\/index.php\/wp-json\/wp\/v2\/posts\/77831\/revisions"}],"predecessor-version":[{"id":77833,"href":"https:\/\/blogopara.com.br\/index.php\/wp-json\/wp\/v2\/posts\/77831\/revisions\/77833"}],"wp:featuredmedia":[{"embeddable":true,"href":"https:\/\/blogopara.com.br\/index.php\/wp-json\/wp\/v2\/media\/77832"}],"wp:attachment":[{"href":"https:\/\/blogopara.com.br\/index.php\/wp-json\/wp\/v2\/media?parent=77831"}],"wp:term":[{"taxonomy":"category","embeddable":true,"href":"https:\/\/blogopara.com.br\/index.php\/wp-json\/wp\/v2\/categories?post=77831"},{"taxonomy":"post_tag","embeddable":true,"href":"https:\/\/blogopara.com.br\/index.php\/wp-json\/wp\/v2\/tags?post=77831"}],"curies":[{"name":"wp","href":"https:\/\/api.w.org\/{rel}","templated":true}]}}