{"id":77879,"date":"2025-07-22T09:29:14","date_gmt":"2025-07-22T12:29:14","guid":{"rendered":"https:\/\/blogopara.com.br\/?p=77879"},"modified":"2025-07-22T09:29:14","modified_gmt":"2025-07-22T12:29:14","slug":"argentino-e-preso-apos-dar-tapa-na-cara-de-filho-de-2-anos-em-pizzaria-nao-sabia-que-era-crime","status":"publish","type":"post","link":"https:\/\/blogopara.com.br\/index.php\/2025\/07\/22\/argentino-e-preso-apos-dar-tapa-na-cara-de-filho-de-2-anos-em-pizzaria-nao-sabia-que-era-crime","title":{"rendered":"Argentino \u00e9 preso ap\u00f3s dar tapa na cara de filho de 2 anos em pizzaria: &#8216;N\u00e3o sabia que era crime&#8217;"},"content":{"rendered":"<div class=\"flex flex-col w-full font-normal text-[18px] leading-[30px] text-tw-theme-text-default\">\n<p id=\"paragrafo-ampuvzyp21\">Um turista argentino foi preso agredindo o filho de 2 anos em uma pizzaria dentro de um shopping de Macei\u00f3 (AL), na noite da segunda-feira (21). As informa\u00e7\u00f5es s\u00e3o da TV Gazeta.<\/p>\n<\/div>\n<div class=\"flex flex-col w-full font-normal text-[18px] leading-[30px] text-tw-theme-text-default\">\n<p id=\"paragrafo-jgsjoqslv4\">A delegada Ana Luzia Nogueira, coordenadora das Delegacias Especializadas no Atendimento \u00e0 Mulher (Deams) da cidade estava no local e presenciou quando o pai deu um tapa na cara na crian\u00e7a, dando voz de pris\u00e3o em flagrante ao turista.<\/p>\n<\/div>\n<div class=\"flex flex-col w-full\">\n<div id=\"embed-e3vn0of1aq\" class=\"component--embed \">\n<div class=\"twitter-tweet twitter-tweet-rendered\"><iframe id=\"twitter-widget-0\" class=\"\" title=\"X Post\" src=\"https:\/\/platform.twitter.com\/embed\/Tweet.html?dnt=false&amp;embedId=twitter-widget-0&amp;features=eyJ0ZndfdGltZWxpbmVfbGlzdCI6eyJidWNrZXQiOltdLCJ2ZXJzaW9uIjpudWxsfSwidGZ3X2ZvbGxvd2VyX2NvdW50X3N1bnNldCI6eyJidWNrZXQiOnRydWUsInZlcnNpb24iOm51bGx9LCJ0ZndfdHdlZXRfZWRpdF9iYWNrZW5kIjp7ImJ1Y2tldCI6Im9uIiwidmVyc2lvbiI6bnVsbH0sInRmd19yZWZzcmNfc2Vzc2lvbiI6eyJidWNrZXQiOiJvbiIsInZlcnNpb24iOm51bGx9LCJ0ZndfZm9zbnJfc29mdF9pbnRlcnZlbnRpb25zX2VuYWJsZWQiOnsiYnVja2V0Ijoib24iLCJ2ZXJzaW9uIjpudWxsfSwidGZ3X21peGVkX21lZGlhXzE1ODk3Ijp7ImJ1Y2tldCI6InRyZWF0bWVudCIsInZlcnNpb24iOm51bGx9LCJ0ZndfZXhwZXJpbWVudHNfY29va2llX2V4cGlyYXRpb24iOnsiYnVja2V0IjoxMjA5NjAwLCJ2ZXJzaW9uIjpudWxsfSwidGZ3X3Nob3dfYmlyZHdhdGNoX3Bpdm90c19lbmFibGVkIjp7ImJ1Y2tldCI6Im9uIiwidmVyc2lvbiI6bnVsbH0sInRmd19kdXBsaWNhdGVfc2NyaWJlc190b19zZXR0aW5ncyI6eyJidWNrZXQiOiJvbiIsInZlcnNpb24iOm51bGx9LCJ0ZndfdXNlX3Byb2ZpbGVfaW1hZ2Vfc2hhcGVfZW5hYmxlZCI6eyJidWNrZXQiOiJvbiIsInZlcnNpb24iOm51bGx9LCJ0ZndfdmlkZW9faGxzX2R5bmFtaWNfbWFuaWZlc3RzXzE1MDgyIjp7ImJ1Y2tldCI6InRydWVfYml0cmF0ZSIsInZlcnNpb24iOm51bGx9LCJ0ZndfbGVnYWN5X3RpbWVsaW5lX3N1bnNldCI6eyJidWNrZXQiOnRydWUsInZlcnNpb24iOm51bGx9LCJ0ZndfdHdlZXRfZWRpdF9mcm9udGVuZCI6eyJidWNrZXQiOiJvbiIsInZlcnNpb24iOm51bGx9fQ%3D%3D&amp;frame=false&amp;hideCard=false&amp;hideThread=false&amp;id=1947619429564449233&amp;lang=pt&amp;maxWidth=560px&amp;origin=https%3A%2F%2Fwww.correio24horas.com.br%2Fbrasil%2Fargentino-e-preso-apos-dar-tapa-na-cara-de-filho-de-2-anos-em-pizzaria-nao-sabia-que-era-crime-0725&amp;sessionId=4d238b70660a194d6cbc3627f342f7ba688b0d96&amp;siteScreenName=correio24hba&amp;theme=light&amp;widgetsVersion=2615f7e52b7e0%3A1702314776716&amp;width=550px\" frameborder=\"0\" scrolling=\"no\" allowfullscreen=\"allowfullscreen\" data-tweet-id=\"1947619429564449233\" data-mce-fragment=\"1\"><\/iframe><\/div>\n<\/div>\n<\/div>\n<div class=\"article_intext inline-block text-center w-full h-280\">\n<div id=\"internas_336x280_02\" data-google-query-id=\"CI2S9_q60I4DFROEywEdBTYbeQ\"><\/div>\n<\/div>\n<div class=\"flex flex-col w-full font-normal text-[18px] leading-[30px] text-tw-theme-text-default\">\n<div>\n<div class=\"trv-player-container\">\n<div class=\"trv-wrapper\">\n<div id=\"br_video_player_d4887fba42c283f1ba76a36e78aafaa0eeb14140\" class=\"trvd_video_player trvdinstream\">\n<div class=\"trv-autoskip-container\">\n<div class=\"trv-autoskip-background\">\n<div class=\"trv-autoskip-line-top\">\n<div><\/div>\n<\/div>\n<div class=\"trv-autoskip-line-left\"><\/div>\n<\/div>\n<\/div>\n<\/div>\n<\/div>\n<\/div>\n<\/div>\n<p id=\"paragrafo-4xzz87ot78\">O beb\u00ea estava com os pais na pizzaria, bastante agitado e choroso. A m\u00e3e foi ao banheiro em determinado momento, hora em que o pai deu o tapa na crian\u00e7a.<\/p>\n<\/div>\n<div class=\"flex flex-col w-full font-normal text-[18px] leading-[30px] text-tw-theme-text-default\">\n<p id=\"paragrafo-k2amhg9mw9\">Depois que a delegada prendeu o turista, ele foi levado \u00e0 Central de Flagrantes. Ele prestou depoimento e afirmou que na Argentina o que ele fez \u00e9 permitido e n\u00e3o sabia que se tratava de crime no Brasil. &#8220;Disse que era comum educar o filho dessa maneira, o que foi refor\u00e7ado pela m\u00e3e da crian\u00e7a\u201d, afirma a delegada.<\/p>\n<\/div>\n<div class=\"flex flex-col w-full font-normal text-[18px] leading-[30px] text-tw-theme-text-default\">\n<p id=\"paragrafo-x60k9y2qe3\">A audi\u00eancia de cust\u00f3dia do turista est\u00e1 marcada para esta ter\u00e7a (22).<\/p>\n<\/div>\n","protected":false},"excerpt":{"rendered":"<p>Um turista argentino foi preso agredindo o filho de 2 anos em uma pizzaria dentro de um shopping de Macei\u00f3 (AL), na noite da segunda-feira (21). As informa\u00e7\u00f5es s\u00e3o da TV Gazeta. A delegada Ana Luzia Nogueira, coordenadora das Delegacias Especializadas no Atendimento \u00e0 Mulher (Deams) da cidade estava no local e presenciou quando o [&hellip;]<\/p>\n","protected":false},"author":1,"featured_media":77880,"comment_status":"open","ping_status":"open","sticky":false,"template":"","format":"standard","meta":{"_uag_custom_page_level_css":"","_monsterinsights_skip_tracking":false,"_monsterinsights_sitenote_active":false,"_monsterinsights_sitenote_note":"","_monsterinsights_sitenote_category":0,"jetpack_post_was_ever_published":false,"_jetpack_newsletter_access":"","_jetpack_dont_email_post_to_subs":false,"_jetpack_newsletter_tier_id":0,"_jetpack_memberships_contains_paywalled_content":false,"_jetpack_memberships_contains_paid_content":false,"footnotes":"","jetpack_publicize_message":"","jetpack_publicize_feature_enabled":true,"jetpack_social_post_already_shared":true,"jetpack_social_options":{"image_generator_settings":{"template":"highway","default_image_id":0,"font":"","enabled":false},"version":2}},"categories":[200,202],"tags":[],"class_list":["post-77879","post","type-post","status-publish","format-standard","has-post-thumbnail","hentry","category-brasil","category-policia"],"jetpack_publicize_connections":[],"jetpack_featured_media_url":"https:\/\/blogopara.com.br\/wp-content\/uploads\/2025\/07\/Capturar-51.jpg","uagb_featured_image_src":{"full":["https:\/\/blogopara.com.br\/wp-content\/uploads\/2025\/07\/Capturar-51.jpg",500,268,false],"thumbnail":["https:\/\/blogopara.com.br\/wp-content\/uploads\/2025\/07\/Capturar-51-150x150.jpg",150,150,true],"medium":["https:\/\/blogopara.com.br\/wp-content\/uploads\/2025\/07\/Capturar-51-300x161.jpg",300,161,true],"medium_large":["https:\/\/blogopara.com.br\/wp-content\/uploads\/2025\/07\/Capturar-51.jpg",500,268,false],"large":["https:\/\/blogopara.com.br\/wp-content\/uploads\/2025\/07\/Capturar-51.jpg",500,268,false],"1536x1536":["https:\/\/blogopara.com.br\/wp-content\/uploads\/2025\/07\/Capturar-51.jpg",500,268,false],"2048x2048":["https:\/\/blogopara.com.br\/wp-content\/uploads\/2025\/07\/Capturar-51.jpg",500,268,false],"mantranews-slider-large":["https:\/\/blogopara.com.br\/wp-content\/uploads\/2025\/07\/Capturar-51.jpg",500,268,false],"mantranews-featured-medium":["https:\/\/blogopara.com.br\/wp-content\/uploads\/2025\/07\/Capturar-51-420x268.jpg",420,268,true],"mantranews-featured-long":["https:\/\/blogopara.com.br\/wp-content\/uploads\/2025\/07\/Capturar-51-300x268.jpg",300,268,true],"mantranews-block-medium":["https:\/\/blogopara.com.br\/wp-content\/uploads\/2025\/07\/Capturar-51-464x268.jpg",464,268,true],"mantranews-carousel-image":["https:\/\/blogopara.com.br\/wp-content\/uploads\/2025\/07\/Capturar-51.jpg",500,268,false],"mantranews-block-thumb":["https:\/\/blogopara.com.br\/wp-content\/uploads\/2025\/07\/Capturar-51-322x230.jpg",322,230,true],"mantranews-single-large":["https:\/\/blogopara.com.br\/wp-content\/uploads\/2025\/07\/Capturar-51.jpg",500,268,false]},"uagb_author_info":{"display_name":"Reda\u00e7\u00e3o geral","author_link":"https:\/\/blogopara.com.br\/index.php\/author\/blogopara"},"uagb_comment_info":0,"uagb_excerpt":"Um turista argentino foi preso agredindo o filho de 2 anos em uma pizzaria dentro de um shopping de Macei\u00f3 (AL), na noite da segunda-feira (21). As informa\u00e7\u00f5es s\u00e3o da TV Gazeta. A delegada Ana Luzia Nogueira, coordenadora das Delegacias Especializadas no Atendimento \u00e0 Mulher (Deams) da cidade estava no local e presenciou quando o&hellip;","jetpack_sharing_enabled":true,"jetpack_likes_enabled":true,"_links":{"self":[{"href":"https:\/\/blogopara.com.br\/index.php\/wp-json\/wp\/v2\/posts\/77879","targetHints":{"allow":["GET"]}}],"collection":[{"href":"https:\/\/blogopara.com.br\/index.php\/wp-json\/wp\/v2\/posts"}],"about":[{"href":"https:\/\/blogopara.com.br\/index.php\/wp-json\/wp\/v2\/types\/post"}],"author":[{"embeddable":true,"href":"https:\/\/blogopara.com.br\/index.php\/wp-json\/wp\/v2\/users\/1"}],"replies":[{"embeddable":true,"href":"https:\/\/blogopara.com.br\/index.php\/wp-json\/wp\/v2\/comments?post=77879"}],"version-history":[{"count":1,"href":"https:\/\/blogopara.com.br\/index.php\/wp-json\/wp\/v2\/posts\/77879\/revisions"}],"predecessor-version":[{"id":77881,"href":"https:\/\/blogopara.com.br\/index.php\/wp-json\/wp\/v2\/posts\/77879\/revisions\/77881"}],"wp:featuredmedia":[{"embeddable":true,"href":"https:\/\/blogopara.com.br\/index.php\/wp-json\/wp\/v2\/media\/77880"}],"wp:attachment":[{"href":"https:\/\/blogopara.com.br\/index.php\/wp-json\/wp\/v2\/media?parent=77879"}],"wp:term":[{"taxonomy":"category","embeddable":true,"href":"https:\/\/blogopara.com.br\/index.php\/wp-json\/wp\/v2\/categories?post=77879"},{"taxonomy":"post_tag","embeddable":true,"href":"https:\/\/blogopara.com.br\/index.php\/wp-json\/wp\/v2\/tags?post=77879"}],"curies":[{"name":"wp","href":"https:\/\/api.w.org\/{rel}","templated":true}]}}