{"id":77882,"date":"2025-07-22T09:34:58","date_gmt":"2025-07-22T12:34:58","guid":{"rendered":"https:\/\/blogopara.com.br\/?p=77882"},"modified":"2025-07-22T09:34:58","modified_gmt":"2025-07-22T12:34:58","slug":"renato-kayzer-e-responsavel-por-80-dos-gols-marcados-pelo-vitoria-desde-que-estreou","status":"publish","type":"post","link":"https:\/\/blogopara.com.br\/index.php\/2025\/07\/22\/renato-kayzer-e-responsavel-por-80-dos-gols-marcados-pelo-vitoria-desde-que-estreou","title":{"rendered":"Renato Kayzer \u00e9 respons\u00e1vel por 80% dos gols marcados pelo Vit\u00f3ria desde que estreou"},"content":{"rendered":"<div class=\"flex flex-col w-full font-normal text-[18px] leading-[30px] text-tw-theme-text-default\">\n<p id=\"paragrafo-4zbgaq7nds\">Contratado em abril junto ao Fortaleza, Renato Kayzer demorou a engrenar com a camisa do Vit\u00f3ria. Custando R$ 5 milh\u00f5es aos cofres do clube, o atacante chegou sob desconfian\u00e7a da torcida, tanto pelo valor investido quanto por j\u00e1 ter 29 anos. Al\u00e9m disso, chegou lesionado e levou pouco mais de um m\u00eas para fazer sua estreia oficial. No entanto, at\u00e9 o momento, a longa espera e o investimento parecem estar valendo a pena.<\/p>\n<\/div>\n<div class=\"flex flex-col w-full font-normal text-[18px] leading-[30px] text-tw-theme-text-default\">\n<p id=\"paragrafo-xr10pd86nn\">O camisa 79 do Le\u00e3o da Barra marcou dois gols logo em sua estreia, comandando a vit\u00f3ria de virada por 2 a 1 contra o Vasco, em maio, pela 8\u00aa rodada do Brasileir\u00e3o. Na rodada seguinte, voltou a balan\u00e7ar as redes, marcando o \u00fanico gol do time na derrota por 2 a 1 para o Bahia.<\/p>\n<\/div>\n<div class=\"flex flex-col w-full font-normal text-[18px] leading-[30px] text-tw-theme-text-default\">\n<p id=\"paragrafo-f2jc61ug5n\">Kayzer voltou a marcar neste \u00faltimo domingo (20), anotando o gol da vit\u00f3ria contra o Bragantino, no Barrad\u00e3o. O tento encerrou uma sequ\u00eancia de oito jogos sem vit\u00f3rias e sete partidas sem marcar da equipe. Ao todo, ele soma quatro gols em nove partidas pelo Vit\u00f3ria, alcan\u00e7ando uma m\u00e9dia de 0,44 gols por jogo, e \u00e9 respons\u00e1vel direto por 5 dos 15 pontos que a equipe conquistou no Brasileir\u00e3o.<\/p>\n<\/div>\n<div class=\"flex flex-col w-full font-normal text-[18px] leading-[30px] text-tw-theme-text-default\">\n<p id=\"paragrafo-dxr53fgpwp\">Desde sua estreia, o centroavante foi o \u00fanico jogador do clube a marcar gols no Brasileir\u00e3o. Considerando todas as competi\u00e7\u00f5es, apenas Claudinho balan\u00e7ou as redes nesse per\u00edodo, ao marcar na vit\u00f3ria contra o Cerro Largo, no Uruguai, pela 5\u00aa rodada do Grupo B da Copa Sul-Americana. Ou seja, nos \u00faltimos 72 dias, Kayzer foi respons\u00e1vel por 80% dos gols do Vit\u00f3ria, atuando em nove dos dez jogos disputados pelo time no intervalo.<\/p>\n<\/div>\n<div class=\"flex flex-col w-full font-normal text-[18px] leading-[30px] text-tw-theme-text-default\">\n<p id=\"paragrafo-wq3m5viqye\">Kayzer tamb\u00e9m j\u00e1 figura como vice-artilheiro do clube na temporada, ao lado de Fabri, Carlinhos, Matheuzinho e Gustavo Mosquito. A diferen\u00e7a \u00e9 que, enquanto esses jogadores disputaram pelo menos 20 partidas, o camisa 79 atuou em apenas nove. Ele s\u00f3 est\u00e1 atr\u00e1s de Janderson, que marcou oito gols em 34 jogos antes de deixar o clube.<\/p>\n<\/div>\n<div class=\"flex flex-col w-full font-normal text-[18px] leading-[30px] text-tw-theme-text-default\">\n<p id=\"paragrafo-6n720f83rd\">Sem tempo para descanso ap\u00f3s a vit\u00f3ria sobre o Bragantino, Renato Kayzer e o restante do elenco se reapresentaram no CT Manoel Pontes Tanajura na \u00faltima segunda-feira (21). Enquanto o atacante e os demais titulares participaram de atividades regenerativas, o restante do grupo venceu o time sub-20 em um jogo-treino por 2 a 1, com dois gols de Renzo L\u00f3pez. Na tarde desta ter\u00e7a-feira (22), o elenco volta aos treinos para finalizar a prepara\u00e7\u00e3o visando o duelo contra o Sport, nesta quarta-feira (23), \u00e0s 21h30, no Barrad\u00e3o, pela 16\u00aa rodada do Campeonato Brasileiro.<\/p>\n<\/div>\n","protected":false},"excerpt":{"rendered":"<p>Contratado em abril junto ao Fortaleza, Renato Kayzer demorou a engrenar com a camisa do Vit\u00f3ria. Custando R$ 5 milh\u00f5es aos cofres do clube, o atacante chegou sob desconfian\u00e7a da torcida, tanto pelo valor investido quanto por j\u00e1 ter 29 anos. Al\u00e9m disso, chegou lesionado e levou pouco mais de um m\u00eas para fazer sua [&hellip;]<\/p>\n","protected":false},"author":1,"featured_media":77883,"comment_status":"open","ping_status":"open","sticky":false,"template":"","format":"standard","meta":{"_uag_custom_page_level_css":"","_monsterinsights_skip_tracking":false,"_monsterinsights_sitenote_active":false,"_monsterinsights_sitenote_note":"","_monsterinsights_sitenote_category":0,"jetpack_post_was_ever_published":false,"_jetpack_newsletter_access":"","_jetpack_dont_email_post_to_subs":false,"_jetpack_newsletter_tier_id":0,"_jetpack_memberships_contains_paywalled_content":false,"_jetpack_memberships_contains_paid_content":false,"footnotes":"","jetpack_publicize_message":"","jetpack_publicize_feature_enabled":true,"jetpack_social_post_already_shared":true,"jetpack_social_options":{"image_generator_settings":{"template":"highway","default_image_id":0,"font":"","enabled":false},"version":2}},"categories":[199],"tags":[],"class_list":["post-77882","post","type-post","status-publish","format-standard","has-post-thumbnail","hentry","category-bahia"],"jetpack_publicize_connections":[],"jetpack_featured_media_url":"https:\/\/blogopara.com.br\/wp-content\/uploads\/2025\/07\/Capturar-52.jpg","uagb_featured_image_src":{"full":["https:\/\/blogopara.com.br\/wp-content\/uploads\/2025\/07\/Capturar-52.jpg",500,281,false],"thumbnail":["https:\/\/blogopara.com.br\/wp-content\/uploads\/2025\/07\/Capturar-52-150x150.jpg",150,150,true],"medium":["https:\/\/blogopara.com.br\/wp-content\/uploads\/2025\/07\/Capturar-52-300x169.jpg",300,169,true],"medium_large":["https:\/\/blogopara.com.br\/wp-content\/uploads\/2025\/07\/Capturar-52.jpg",500,281,false],"large":["https:\/\/blogopara.com.br\/wp-content\/uploads\/2025\/07\/Capturar-52.jpg",500,281,false],"1536x1536":["https:\/\/blogopara.com.br\/wp-content\/uploads\/2025\/07\/Capturar-52.jpg",500,281,false],"2048x2048":["https:\/\/blogopara.com.br\/wp-content\/uploads\/2025\/07\/Capturar-52.jpg",500,281,false],"mantranews-slider-large":["https:\/\/blogopara.com.br\/wp-content\/uploads\/2025\/07\/Capturar-52.jpg",500,281,false],"mantranews-featured-medium":["https:\/\/blogopara.com.br\/wp-content\/uploads\/2025\/07\/Capturar-52-420x281.jpg",420,281,true],"mantranews-featured-long":["https:\/\/blogopara.com.br\/wp-content\/uploads\/2025\/07\/Capturar-52-300x281.jpg",300,281,true],"mantranews-block-medium":["https:\/\/blogopara.com.br\/wp-content\/uploads\/2025\/07\/Capturar-52-464x281.jpg",464,281,true],"mantranews-carousel-image":["https:\/\/blogopara.com.br\/wp-content\/uploads\/2025\/07\/Capturar-52.jpg",500,281,false],"mantranews-block-thumb":["https:\/\/blogopara.com.br\/wp-content\/uploads\/2025\/07\/Capturar-52-322x230.jpg",322,230,true],"mantranews-single-large":["https:\/\/blogopara.com.br\/wp-content\/uploads\/2025\/07\/Capturar-52.jpg",500,281,false]},"uagb_author_info":{"display_name":"Reda\u00e7\u00e3o geral","author_link":"https:\/\/blogopara.com.br\/index.php\/author\/blogopara"},"uagb_comment_info":0,"uagb_excerpt":"Contratado em abril junto ao Fortaleza, Renato Kayzer demorou a engrenar com a camisa do Vit\u00f3ria. Custando R$ 5 milh\u00f5es aos cofres do clube, o atacante chegou sob desconfian\u00e7a da torcida, tanto pelo valor investido quanto por j\u00e1 ter 29 anos. Al\u00e9m disso, chegou lesionado e levou pouco mais de um m\u00eas para fazer sua&hellip;","jetpack_sharing_enabled":true,"jetpack_likes_enabled":true,"_links":{"self":[{"href":"https:\/\/blogopara.com.br\/index.php\/wp-json\/wp\/v2\/posts\/77882","targetHints":{"allow":["GET"]}}],"collection":[{"href":"https:\/\/blogopara.com.br\/index.php\/wp-json\/wp\/v2\/posts"}],"about":[{"href":"https:\/\/blogopara.com.br\/index.php\/wp-json\/wp\/v2\/types\/post"}],"author":[{"embeddable":true,"href":"https:\/\/blogopara.com.br\/index.php\/wp-json\/wp\/v2\/users\/1"}],"replies":[{"embeddable":true,"href":"https:\/\/blogopara.com.br\/index.php\/wp-json\/wp\/v2\/comments?post=77882"}],"version-history":[{"count":1,"href":"https:\/\/blogopara.com.br\/index.php\/wp-json\/wp\/v2\/posts\/77882\/revisions"}],"predecessor-version":[{"id":77884,"href":"https:\/\/blogopara.com.br\/index.php\/wp-json\/wp\/v2\/posts\/77882\/revisions\/77884"}],"wp:featuredmedia":[{"embeddable":true,"href":"https:\/\/blogopara.com.br\/index.php\/wp-json\/wp\/v2\/media\/77883"}],"wp:attachment":[{"href":"https:\/\/blogopara.com.br\/index.php\/wp-json\/wp\/v2\/media?parent=77882"}],"wp:term":[{"taxonomy":"category","embeddable":true,"href":"https:\/\/blogopara.com.br\/index.php\/wp-json\/wp\/v2\/categories?post=77882"},{"taxonomy":"post_tag","embeddable":true,"href":"https:\/\/blogopara.com.br\/index.php\/wp-json\/wp\/v2\/tags?post=77882"}],"curies":[{"name":"wp","href":"https:\/\/api.w.org\/{rel}","templated":true}]}}