{"id":77892,"date":"2025-07-22T10:05:43","date_gmt":"2025-07-22T13:05:43","guid":{"rendered":"https:\/\/blogopara.com.br\/?p=77892"},"modified":"2025-07-22T10:05:43","modified_gmt":"2025-07-22T13:05:43","slug":"justica-determina-retorno-de-moradores-a-nova-morada-apos-acao-da-prefeitura-de-juazeiro","status":"publish","type":"post","link":"https:\/\/blogopara.com.br\/index.php\/2025\/07\/22\/justica-determina-retorno-de-moradores-a-nova-morada-apos-acao-da-prefeitura-de-juazeiro","title":{"rendered":"Justi\u00e7a determina retorno de moradores \u00e0 Nova Morada ap\u00f3s a\u00e7\u00e3o da Prefeitura de Juazeiro"},"content":{"rendered":"<p>O juiz Mateus de Santana Menezes, da 1\u00aa Vara da Fazenda P\u00fablica de Juazeiro, deferiu a manuten\u00e7\u00e3o da posse da Associa\u00e7\u00e3o de Moradores da Nova Morada, reconhecendo o direito de cerca de 300 fam\u00edlias de permanecerem no local onde vivem desde 2022.<\/p>\n<p>A decis\u00e3o foi motivada por duas a\u00e7\u00f5es de remo\u00e7\u00e3o for\u00e7ada, realizadas pelo Munic\u00edpio com apoio da Guarda Municipal e uso de tratores, sem ordem judicial ou processo administrativo pr\u00e9vio. A mais recente ocorreu na madrugada de 7 de julho, com destrui\u00e7\u00e3o de casas, planta\u00e7\u00f5es e uso de spray de pimenta e balas de borracha, inclusive contra crian\u00e7as e idosos.<\/p>\n<p>&#8220;O uso da for\u00e7a p\u00fablica para, aparentemente, atender a um interesse privado, sem o devido respaldo legal e judicial, constitui, em cogni\u00e7\u00e3o sum\u00e1ria, um desvio de finalidade e um abuso de poder que n\u00e3o podem ser chancelados por este Ju\u00edzo&#8221;, afirmou o magistrado na decis\u00e3o. Uma das v\u00edtimas da a\u00e7\u00e3o, questionou. &#8220;Essa a\u00e7\u00e3o interessou a quem? Por que utilizar maquin\u00e1rios do munic\u00edpio e for\u00e7a policial?&#8221;<\/p>\n<p>O terreno \u00e9 disputado judicialmente com uma construtora privada, mas n\u00e3o pertence ao munic\u00edpio, segundo registro imobili\u00e1rio. A comunidade, composta por fam\u00edlias em situa\u00e7\u00e3o de vulnerabilidade social e inscritas no Cadastro \u00danico, j\u00e1 havia iniciado cultivo, constru\u00eddo moradias e fundado uma associa\u00e7\u00e3o formal.<\/p>\n<p>Com base nas provas apresentadas, o juiz concedeu tutela de urg\u00eancia para garantir a perman\u00eancia dos moradores e proibiu novas a\u00e7\u00f5es de remo\u00e7\u00e3o, sob pena de multa de R$ 1.000 por ato, at\u00e9 R$ 30 mil, por r\u00e9u. O uso de for\u00e7a policial em favor dos moradores tamb\u00e9m foi autorizado, caso necess\u00e1rio.<\/p>\n<p>Fonte de informa\u00e7\u00f5es: RedeGN<\/p>\n","protected":false},"excerpt":{"rendered":"<p>O juiz Mateus de Santana Menezes, da 1\u00aa Vara da Fazenda P\u00fablica de Juazeiro, deferiu a manuten\u00e7\u00e3o da posse da Associa\u00e7\u00e3o de Moradores da Nova Morada, reconhecendo o direito de cerca de 300 fam\u00edlias de permanecerem no local onde vivem desde 2022. A decis\u00e3o foi motivada por duas a\u00e7\u00f5es de remo\u00e7\u00e3o for\u00e7ada, realizadas pelo Munic\u00edpio [&hellip;]<\/p>\n","protected":false},"author":1,"featured_media":77832,"comment_status":"open","ping_status":"open","sticky":false,"template":"","format":"standard","meta":{"_uag_custom_page_level_css":"","_monsterinsights_skip_tracking":false,"_monsterinsights_sitenote_active":false,"_monsterinsights_sitenote_note":"","_monsterinsights_sitenote_category":0,"jetpack_post_was_ever_published":false,"_jetpack_newsletter_access":"","_jetpack_dont_email_post_to_subs":false,"_jetpack_newsletter_tier_id":0,"_jetpack_memberships_contains_paywalled_content":false,"_jetpack_memberships_contains_paid_content":false,"footnotes":"","jetpack_publicize_message":"","jetpack_publicize_feature_enabled":true,"jetpack_social_post_already_shared":true,"jetpack_social_options":{"image_generator_settings":{"template":"highway","default_image_id":0,"font":"","enabled":false},"version":2}},"categories":[203],"tags":[],"class_list":["post-77892","post","type-post","status-publish","format-standard","has-post-thumbnail","hentry","category-juazeiro"],"jetpack_publicize_connections":[],"jetpack_featured_media_url":"https:\/\/blogopara.com.br\/wp-content\/uploads\/2025\/07\/fFOTO-Divulgacao.jpg","uagb_featured_image_src":{"full":["https:\/\/blogopara.com.br\/wp-content\/uploads\/2025\/07\/fFOTO-Divulgacao.jpg",500,294,false],"thumbnail":["https:\/\/blogopara.com.br\/wp-content\/uploads\/2025\/07\/fFOTO-Divulgacao-150x150.jpg",150,150,true],"medium":["https:\/\/blogopara.com.br\/wp-content\/uploads\/2025\/07\/fFOTO-Divulgacao-300x176.jpg",300,176,true],"medium_large":["https:\/\/blogopara.com.br\/wp-content\/uploads\/2025\/07\/fFOTO-Divulgacao.jpg",500,294,false],"large":["https:\/\/blogopara.com.br\/wp-content\/uploads\/2025\/07\/fFOTO-Divulgacao.jpg",500,294,false],"1536x1536":["https:\/\/blogopara.com.br\/wp-content\/uploads\/2025\/07\/fFOTO-Divulgacao.jpg",500,294,false],"2048x2048":["https:\/\/blogopara.com.br\/wp-content\/uploads\/2025\/07\/fFOTO-Divulgacao.jpg",500,294,false],"mantranews-slider-large":["https:\/\/blogopara.com.br\/wp-content\/uploads\/2025\/07\/fFOTO-Divulgacao.jpg",500,294,false],"mantranews-featured-medium":["https:\/\/blogopara.com.br\/wp-content\/uploads\/2025\/07\/fFOTO-Divulgacao-420x294.jpg",420,294,true],"mantranews-featured-long":["https:\/\/blogopara.com.br\/wp-content\/uploads\/2025\/07\/fFOTO-Divulgacao-300x294.jpg",300,294,true],"mantranews-block-medium":["https:\/\/blogopara.com.br\/wp-content\/uploads\/2025\/07\/fFOTO-Divulgacao-464x290.jpg",464,290,true],"mantranews-carousel-image":["https:\/\/blogopara.com.br\/wp-content\/uploads\/2025\/07\/fFOTO-Divulgacao.jpg",500,294,false],"mantranews-block-thumb":["https:\/\/blogopara.com.br\/wp-content\/uploads\/2025\/07\/fFOTO-Divulgacao-322x230.jpg",322,230,true],"mantranews-single-large":["https:\/\/blogopara.com.br\/wp-content\/uploads\/2025\/07\/fFOTO-Divulgacao.jpg",500,294,false]},"uagb_author_info":{"display_name":"Reda\u00e7\u00e3o geral","author_link":"https:\/\/blogopara.com.br\/index.php\/author\/blogopara"},"uagb_comment_info":0,"uagb_excerpt":"O juiz Mateus de Santana Menezes, da 1\u00aa Vara da Fazenda P\u00fablica de Juazeiro, deferiu a manuten\u00e7\u00e3o da posse da Associa\u00e7\u00e3o de Moradores da Nova Morada, reconhecendo o direito de cerca de 300 fam\u00edlias de permanecerem no local onde vivem desde 2022. A decis\u00e3o foi motivada por duas a\u00e7\u00f5es de remo\u00e7\u00e3o for\u00e7ada, realizadas pelo Munic\u00edpio&hellip;","jetpack_sharing_enabled":true,"jetpack_likes_enabled":true,"_links":{"self":[{"href":"https:\/\/blogopara.com.br\/index.php\/wp-json\/wp\/v2\/posts\/77892","targetHints":{"allow":["GET"]}}],"collection":[{"href":"https:\/\/blogopara.com.br\/index.php\/wp-json\/wp\/v2\/posts"}],"about":[{"href":"https:\/\/blogopara.com.br\/index.php\/wp-json\/wp\/v2\/types\/post"}],"author":[{"embeddable":true,"href":"https:\/\/blogopara.com.br\/index.php\/wp-json\/wp\/v2\/users\/1"}],"replies":[{"embeddable":true,"href":"https:\/\/blogopara.com.br\/index.php\/wp-json\/wp\/v2\/comments?post=77892"}],"version-history":[{"count":1,"href":"https:\/\/blogopara.com.br\/index.php\/wp-json\/wp\/v2\/posts\/77892\/revisions"}],"predecessor-version":[{"id":77893,"href":"https:\/\/blogopara.com.br\/index.php\/wp-json\/wp\/v2\/posts\/77892\/revisions\/77893"}],"wp:featuredmedia":[{"embeddable":true,"href":"https:\/\/blogopara.com.br\/index.php\/wp-json\/wp\/v2\/media\/77832"}],"wp:attachment":[{"href":"https:\/\/blogopara.com.br\/index.php\/wp-json\/wp\/v2\/media?parent=77892"}],"wp:term":[{"taxonomy":"category","embeddable":true,"href":"https:\/\/blogopara.com.br\/index.php\/wp-json\/wp\/v2\/categories?post=77892"},{"taxonomy":"post_tag","embeddable":true,"href":"https:\/\/blogopara.com.br\/index.php\/wp-json\/wp\/v2\/tags?post=77892"}],"curies":[{"name":"wp","href":"https:\/\/api.w.org\/{rel}","templated":true}]}}