{"id":77921,"date":"2025-07-23T10:46:35","date_gmt":"2025-07-23T13:46:35","guid":{"rendered":"https:\/\/blogopara.com.br\/?p=77921"},"modified":"2025-07-23T12:29:31","modified_gmt":"2025-07-23T15:29:31","slug":"hospital-universitario-da-univasf-chega-a-170-de-ocupacao-e-tem-256-pacientes-internados-muitos-em-corredores","status":"publish","type":"post","link":"https:\/\/blogopara.com.br\/index.php\/2025\/07\/23\/hospital-universitario-da-univasf-chega-a-170-de-ocupacao-e-tem-256-pacientes-internados-muitos-em-corredores","title":{"rendered":"Hospital Universit\u00e1rio da Univasf chega a 170% de ocupa\u00e7\u00e3o e tem 256 pacientes internados, muitos em corredores"},"content":{"rendered":"<p>O Hospital Universit\u00e1rio da Univasf (HU-Univasf), em Petrolina, atingiu nesta quarta-feira (23) uma taxa de 170% de ocupa\u00e7\u00e3o. Segundo informa\u00e7\u00f5es exclusivas enviadas pela assessoria de comunica\u00e7\u00e3o da unidade ao programa\u00a0<em>Nossa Voz<\/em>, 256 pacientes est\u00e3o internados atualmente, n\u00famero muito acima da capacidade f\u00edsica do hospital.<\/p>\n<p>Desse total, mais de uma centena de pacientes est\u00e3o fora das enfermarias, em leitos improvisados montados em corredores e \u00e1reas de circula\u00e7\u00e3o. A estrutura da unidade, que \u00e9 refer\u00eancia para casos de m\u00e9dia e alta complexidade no Sert\u00e3o, est\u00e1 sobrecarregada.<\/p>\n<p>Segundo os dados repassados, 256 pacientes est\u00e3o internados no hospital neste in\u00edcio de semana, sendo 107 em leitos improvisados, fora das enfermarias, o que inclui corredores e \u00e1reas adaptadas para conter a demanda. A capacidade da unidade, que j\u00e1 vinha operando sob press\u00e3o, chegou agora a um limite considerado cr\u00edtico.<\/p>\n<p>O HU-Univasf \u00e9 o principal destino de pacientes n\u00e3o s\u00f3 de Petrolina, mas tamb\u00e9m de cidades do\u00a0<strong>interior da Bahia e do Piau\u00ed<\/strong>, o que amplia o desafio de gest\u00e3o da unidade, principalmente em casos de urg\u00eancia e trauma.<\/p>\n<p>Outro fator que ajuda a explicar a alta ocupa\u00e7\u00e3o \u00e9 o volume crescente de v\u00edtimas de\u00a0<strong>acidentes de transporte terrestre (ATT)<\/strong>. Nos seis primeiros meses de 2025,\u00a0<strong>5.733 pessoas foram atendidas<\/strong>\u00a0com esse perfil na emerg\u00eancia do hospital.<\/p>\n<p>Isso representa, em m\u00e9dia, <strong>32 atendimentos por dia<\/strong>\u00a0apenas com acidentados em estradas e vias urbanas.<\/p>\n<figure class=\"wp-block-table\">\n<table class=\"has-fixed-layout\">\n<thead>\n<tr>\n<th>M\u00eas<\/th>\n<th>Acidentes atendidos<\/th>\n<\/tr>\n<\/thead>\n<tbody>\n<tr>\n<td>Janeiro<\/td>\n<td>773<\/td>\n<\/tr>\n<tr>\n<td>Fevereiro<\/td>\n<td>888<\/td>\n<\/tr>\n<tr>\n<td>Mar\u00e7o<\/td>\n<td>977<\/td>\n<\/tr>\n<tr>\n<td>Abril<\/td>\n<td>1.041<\/td>\n<\/tr>\n<tr>\n<td>Maio<\/td>\n<td>1.017<\/td>\n<\/tr>\n<tr>\n<td>Junho<\/td>\n<td>1.037<\/td>\n<\/tr>\n<\/tbody>\n<\/table>\n<\/figure>\n<p>A maioria dos casos envolve traumas ortop\u00e9dicos e cirurgias emergenciais, o que exige recursos especializados e perman\u00eancia hospitalar mais longa, gerando ac\u00famulo de pacientes internados.<\/p>\n<p>&nbsp;<\/p>\n<p>Fonte de informa\u00e7\u00f5es: Blog Nossa Voz<\/p>\n","protected":false},"excerpt":{"rendered":"<p>O Hospital Universit\u00e1rio da Univasf (HU-Univasf), em Petrolina, atingiu nesta quarta-feira (23) uma taxa de 170% de ocupa\u00e7\u00e3o. Segundo informa\u00e7\u00f5es exclusivas enviadas pela assessoria de comunica\u00e7\u00e3o da unidade ao programa\u00a0Nossa Voz, 256 pacientes est\u00e3o internados atualmente, n\u00famero muito acima da capacidade f\u00edsica do hospital. Desse total, mais de uma centena de pacientes est\u00e3o fora das [&hellip;]<\/p>\n","protected":false},"author":1,"featured_media":11325,"comment_status":"open","ping_status":"open","sticky":false,"template":"","format":"standard","meta":{"_uag_custom_page_level_css":"","_monsterinsights_skip_tracking":false,"_monsterinsights_sitenote_active":false,"_monsterinsights_sitenote_note":"","_monsterinsights_sitenote_category":0,"jetpack_post_was_ever_published":false,"_jetpack_newsletter_access":"","_jetpack_dont_email_post_to_subs":false,"_jetpack_newsletter_tier_id":0,"_jetpack_memberships_contains_paywalled_content":false,"_jetpack_memberships_contains_paid_content":false,"footnotes":"","jetpack_publicize_message":"","jetpack_publicize_feature_enabled":true,"jetpack_social_post_already_shared":true,"jetpack_social_options":{"image_generator_settings":{"template":"highway","default_image_id":0,"font":"","enabled":false},"version":2}},"categories":[205],"tags":[],"class_list":["post-77921","post","type-post","status-publish","format-standard","has-post-thumbnail","hentry","category-saude"],"jetpack_publicize_connections":[],"jetpack_featured_media_url":"https:\/\/blogopara.com.br\/wp-content\/uploads\/2020\/06\/Hospital-Universit\u00e1rio-696x389-1.png","uagb_featured_image_src":{"full":["https:\/\/blogopara.com.br\/wp-content\/uploads\/2020\/06\/Hospital-Universit\u00e1rio-696x389-1.png",500,279,false],"thumbnail":["https:\/\/blogopara.com.br\/wp-content\/uploads\/2020\/06\/Hospital-Universit\u00e1rio-696x389-1-150x150.png",150,150,true],"medium":["https:\/\/blogopara.com.br\/wp-content\/uploads\/2020\/06\/Hospital-Universit\u00e1rio-696x389-1-300x167.png",300,167,true],"medium_large":["https:\/\/blogopara.com.br\/wp-content\/uploads\/2020\/06\/Hospital-Universit\u00e1rio-696x389-1.png",500,279,false],"large":["https:\/\/blogopara.com.br\/wp-content\/uploads\/2020\/06\/Hospital-Universit\u00e1rio-696x389-1.png",500,279,false],"1536x1536":["https:\/\/blogopara.com.br\/wp-content\/uploads\/2020\/06\/Hospital-Universit\u00e1rio-696x389-1.png",500,279,false],"2048x2048":["https:\/\/blogopara.com.br\/wp-content\/uploads\/2020\/06\/Hospital-Universit\u00e1rio-696x389-1.png",500,279,false],"mantranews-slider-large":["https:\/\/blogopara.com.br\/wp-content\/uploads\/2020\/06\/Hospital-Universit\u00e1rio-696x389-1.png",500,279,false],"mantranews-featured-medium":["https:\/\/blogopara.com.br\/wp-content\/uploads\/2020\/06\/Hospital-Universit\u00e1rio-696x389-1-420x279.png",420,279,true],"mantranews-featured-long":["https:\/\/blogopara.com.br\/wp-content\/uploads\/2020\/06\/Hospital-Universit\u00e1rio-696x389-1-300x279.png",300,279,true],"mantranews-block-medium":["https:\/\/blogopara.com.br\/wp-content\/uploads\/2020\/06\/Hospital-Universit\u00e1rio-696x389-1-464x279.png",464,279,true],"mantranews-carousel-image":["https:\/\/blogopara.com.br\/wp-content\/uploads\/2020\/06\/Hospital-Universit\u00e1rio-696x389-1.png",500,279,false],"mantranews-block-thumb":["https:\/\/blogopara.com.br\/wp-content\/uploads\/2020\/06\/Hospital-Universit\u00e1rio-696x389-1.png",322,180,false],"mantranews-single-large":["https:\/\/blogopara.com.br\/wp-content\/uploads\/2020\/06\/Hospital-Universit\u00e1rio-696x389-1.png",500,279,false]},"uagb_author_info":{"display_name":"Reda\u00e7\u00e3o geral","author_link":"https:\/\/blogopara.com.br\/index.php\/author\/blogopara"},"uagb_comment_info":0,"uagb_excerpt":"O Hospital Universit\u00e1rio da Univasf (HU-Univasf), em Petrolina, atingiu nesta quarta-feira (23) uma taxa de 170% de ocupa\u00e7\u00e3o. Segundo informa\u00e7\u00f5es exclusivas enviadas pela assessoria de comunica\u00e7\u00e3o da unidade ao programa\u00a0Nossa Voz, 256 pacientes est\u00e3o internados atualmente, n\u00famero muito acima da capacidade f\u00edsica do hospital. Desse total, mais de uma centena de pacientes est\u00e3o fora das&hellip;","jetpack_sharing_enabled":true,"jetpack_likes_enabled":true,"_links":{"self":[{"href":"https:\/\/blogopara.com.br\/index.php\/wp-json\/wp\/v2\/posts\/77921","targetHints":{"allow":["GET"]}}],"collection":[{"href":"https:\/\/blogopara.com.br\/index.php\/wp-json\/wp\/v2\/posts"}],"about":[{"href":"https:\/\/blogopara.com.br\/index.php\/wp-json\/wp\/v2\/types\/post"}],"author":[{"embeddable":true,"href":"https:\/\/blogopara.com.br\/index.php\/wp-json\/wp\/v2\/users\/1"}],"replies":[{"embeddable":true,"href":"https:\/\/blogopara.com.br\/index.php\/wp-json\/wp\/v2\/comments?post=77921"}],"version-history":[{"count":2,"href":"https:\/\/blogopara.com.br\/index.php\/wp-json\/wp\/v2\/posts\/77921\/revisions"}],"predecessor-version":[{"id":77929,"href":"https:\/\/blogopara.com.br\/index.php\/wp-json\/wp\/v2\/posts\/77921\/revisions\/77929"}],"wp:featuredmedia":[{"embeddable":true,"href":"https:\/\/blogopara.com.br\/index.php\/wp-json\/wp\/v2\/media\/11325"}],"wp:attachment":[{"href":"https:\/\/blogopara.com.br\/index.php\/wp-json\/wp\/v2\/media?parent=77921"}],"wp:term":[{"taxonomy":"category","embeddable":true,"href":"https:\/\/blogopara.com.br\/index.php\/wp-json\/wp\/v2\/categories?post=77921"},{"taxonomy":"post_tag","embeddable":true,"href":"https:\/\/blogopara.com.br\/index.php\/wp-json\/wp\/v2\/tags?post=77921"}],"curies":[{"name":"wp","href":"https:\/\/api.w.org\/{rel}","templated":true}]}}