{"id":78021,"date":"2025-07-27T10:34:17","date_gmt":"2025-07-27T13:34:17","guid":{"rendered":"https:\/\/blogopara.com.br\/?p=78021"},"modified":"2025-07-27T10:34:17","modified_gmt":"2025-07-27T13:34:17","slug":"divida-teria-motivado-execucao-de-adolescente-de-14-anos-que-brincava-de-bicicleta-na-bahia","status":"publish","type":"post","link":"https:\/\/blogopara.com.br\/index.php\/2025\/07\/27\/divida-teria-motivado-execucao-de-adolescente-de-14-anos-que-brincava-de-bicicleta-na-bahia","title":{"rendered":"D\u00edvida teria motivado execu\u00e7\u00e3o de adolescente de 14 anos que brincava de bicicleta na Bahia"},"content":{"rendered":"<div class=\"flex flex-col w-full font-normal text-[18px] leading-[30px] text-tw-theme-text-default\">\n<p id=\"paragrafo-fi3uw5vn6x\">A morte de um adolescente,\u00a0que foi executado a tiros na pra\u00e7a da Gleba E, bairro de Cama\u00e7ari, na Regi\u00e3o Metropolitana de Salvador (RMS), chocou moradores da cidade pela brutalidade do crime e pela idade da v\u00edtima. Identificado apenas pelo prenome de Wendel, 14 anos, a v\u00edtima teria sido morta enquanto estava brincando de bicicleta em um crime gerado pelo tr\u00e1fico de drogas.<\/p>\n<\/div>\n<div class=\"flex flex-col w-full font-normal text-[18px] leading-[30px] text-tw-theme-text-default\">\n<p id=\"paragrafo-xnk6i93bg0\">De acordo com fonte policial ouvida pela reportagem, essa \u00e9 a principal linha de investiga\u00e7\u00e3o do crime at\u00e9 o momento. Ainda segundo o que foi apurado pela pol\u00edcia, Wendel chegou a ser abandonado pela fam\u00edlia e foi acolhido por outra pessoa que lhe deu um lar antes que ele fosse morto de maneira brutal.<\/p>\n<\/div>\n<div class=\"flex flex-col w-full font-normal text-[18px] leading-[30px] text-tw-theme-text-default\">\n<p id=\"paragrafo-n8p3h8zekc\">\u201cTemos a informa\u00e7\u00e3o s\u00f3 de que ele [Wendel] tinha sido abandonado pela m\u00e3e e que estava morando na casa de uma pessoa que o acolheu. Trabalhamos com hip\u00f3tese de d\u00edvida relacionada a drogas\u201d, explica a fonte, destacando que o autor dos disparos segue sendo procurado pelas autoridades policiais.<\/p>\n<\/div>\n<div class=\"flex flex-col w-full font-normal text-[18px] leading-[30px] text-tw-theme-text-default\">\n<p id=\"paragrafo-xp67kcqla5\">O crime assustou dezenas de pessoas que estavam na Gleba E, local onde \u00e9 comum ver crian\u00e7as e adolescentes como Wendel se divertindo. A bordo de uma bicicleta, a v\u00edtima foi surpreendida pelos disparos e at\u00e9 tentou fugir, mas acabou caindo por conta dos ferimentos gerados pelos tiros que a atingiram.<\/p>\n<\/div>\n<div class=\"flex flex-col w-full font-normal text-[18px] leading-[30px] text-tw-theme-text-default\">\n<p id=\"paragrafo-4neap6uk2n\">Ao ver o adolescente ca\u00eddo no local, populares ainda tentaram socorrer, mas n\u00e3o houve possibilidade de salv\u00e1-lo. Procurada, a Pol\u00edcia Militar da Bahia (PM-BA) confirmou a morte e informou que foi acionada atrav\u00e9s do 12\u00ba Batalh\u00e3o para averiguar a informa\u00e7\u00e3o de disparos. Segundo a corpora\u00e7\u00e3o, por conta do r\u00e1pido acionamento, uma equipe do Samu prestou os primeiros atendimentos, mas n\u00e3o foi poss\u00edvel evitar o \u00f3bito.<\/p>\n<\/div>\n<div class=\"flex flex-col w-full font-normal text-[18px] leading-[30px] text-tw-theme-text-default\">\n<p id=\"paragrafo-3l9kcsexrl\">Depois de agentes do Departamento de Pol\u00edcia T\u00e9cnica (DPT) realizarem a per\u00edcia e a remo\u00e7\u00e3o do corpo, o caso foi registrado na Pol\u00edcia Civil (PC) e tem investiga\u00e7\u00e3o a cargo da 4\u00aa Delegacia de Homic\u00eddios (DH\/Cama\u00e7ari). Dilig\u00eancias j\u00e1 s\u00e3o realizadas pela unidade especializada para apurar as circunst\u00e2ncias do crime, bem como sua autoria e motiva\u00e7\u00e3o.<\/p>\n<\/div>\n","protected":false},"excerpt":{"rendered":"<p>A morte de um adolescente,\u00a0que foi executado a tiros na pra\u00e7a da Gleba E, bairro de Cama\u00e7ari, na Regi\u00e3o Metropolitana de Salvador (RMS), chocou moradores da cidade pela brutalidade do crime e pela idade da v\u00edtima. Identificado apenas pelo prenome de Wendel, 14 anos, a v\u00edtima teria sido morta enquanto estava brincando de bicicleta em [&hellip;]<\/p>\n","protected":false},"author":1,"featured_media":78022,"comment_status":"open","ping_status":"open","sticky":false,"template":"","format":"standard","meta":{"_uag_custom_page_level_css":"","_monsterinsights_skip_tracking":false,"_monsterinsights_sitenote_active":false,"_monsterinsights_sitenote_note":"","_monsterinsights_sitenote_category":0,"jetpack_post_was_ever_published":false,"_jetpack_newsletter_access":"","_jetpack_dont_email_post_to_subs":false,"_jetpack_newsletter_tier_id":0,"_jetpack_memberships_contains_paywalled_content":false,"_jetpack_memberships_contains_paid_content":false,"footnotes":"","jetpack_publicize_message":"","jetpack_publicize_feature_enabled":true,"jetpack_social_post_already_shared":true,"jetpack_social_options":{"image_generator_settings":{"template":"highway","default_image_id":0,"font":"","enabled":false},"version":2}},"categories":[202],"tags":[],"class_list":["post-78021","post","type-post","status-publish","format-standard","has-post-thumbnail","hentry","category-policia"],"jetpack_publicize_connections":[],"jetpack_featured_media_url":"https:\/\/blogopara.com.br\/wp-content\/uploads\/2025\/07\/Capturar-57.jpg","uagb_featured_image_src":{"full":["https:\/\/blogopara.com.br\/wp-content\/uploads\/2025\/07\/Capturar-57.jpg",500,329,false],"thumbnail":["https:\/\/blogopara.com.br\/wp-content\/uploads\/2025\/07\/Capturar-57-150x150.jpg",150,150,true],"medium":["https:\/\/blogopara.com.br\/wp-content\/uploads\/2025\/07\/Capturar-57-300x197.jpg",300,197,true],"medium_large":["https:\/\/blogopara.com.br\/wp-content\/uploads\/2025\/07\/Capturar-57.jpg",500,329,false],"large":["https:\/\/blogopara.com.br\/wp-content\/uploads\/2025\/07\/Capturar-57.jpg",500,329,false],"1536x1536":["https:\/\/blogopara.com.br\/wp-content\/uploads\/2025\/07\/Capturar-57.jpg",500,329,false],"2048x2048":["https:\/\/blogopara.com.br\/wp-content\/uploads\/2025\/07\/Capturar-57.jpg",500,329,false],"mantranews-slider-large":["https:\/\/blogopara.com.br\/wp-content\/uploads\/2025\/07\/Capturar-57.jpg",500,329,false],"mantranews-featured-medium":["https:\/\/blogopara.com.br\/wp-content\/uploads\/2025\/07\/Capturar-57-420x307.jpg",420,307,true],"mantranews-featured-long":["https:\/\/blogopara.com.br\/wp-content\/uploads\/2025\/07\/Capturar-57-300x329.jpg",300,329,true],"mantranews-block-medium":["https:\/\/blogopara.com.br\/wp-content\/uploads\/2025\/07\/Capturar-57-464x290.jpg",464,290,true],"mantranews-carousel-image":["https:\/\/blogopara.com.br\/wp-content\/uploads\/2025\/07\/Capturar-57.jpg",500,329,false],"mantranews-block-thumb":["https:\/\/blogopara.com.br\/wp-content\/uploads\/2025\/07\/Capturar-57-322x230.jpg",322,230,true],"mantranews-single-large":["https:\/\/blogopara.com.br\/wp-content\/uploads\/2025\/07\/Capturar-57.jpg",500,329,false]},"uagb_author_info":{"display_name":"Reda\u00e7\u00e3o geral","author_link":"https:\/\/blogopara.com.br\/index.php\/author\/blogopara"},"uagb_comment_info":0,"uagb_excerpt":"A morte de um adolescente,\u00a0que foi executado a tiros na pra\u00e7a da Gleba E, bairro de Cama\u00e7ari, na Regi\u00e3o Metropolitana de Salvador (RMS), chocou moradores da cidade pela brutalidade do crime e pela idade da v\u00edtima. Identificado apenas pelo prenome de Wendel, 14 anos, a v\u00edtima teria sido morta enquanto estava brincando de bicicleta em&hellip;","jetpack_sharing_enabled":true,"jetpack_likes_enabled":true,"_links":{"self":[{"href":"https:\/\/blogopara.com.br\/index.php\/wp-json\/wp\/v2\/posts\/78021","targetHints":{"allow":["GET"]}}],"collection":[{"href":"https:\/\/blogopara.com.br\/index.php\/wp-json\/wp\/v2\/posts"}],"about":[{"href":"https:\/\/blogopara.com.br\/index.php\/wp-json\/wp\/v2\/types\/post"}],"author":[{"embeddable":true,"href":"https:\/\/blogopara.com.br\/index.php\/wp-json\/wp\/v2\/users\/1"}],"replies":[{"embeddable":true,"href":"https:\/\/blogopara.com.br\/index.php\/wp-json\/wp\/v2\/comments?post=78021"}],"version-history":[{"count":1,"href":"https:\/\/blogopara.com.br\/index.php\/wp-json\/wp\/v2\/posts\/78021\/revisions"}],"predecessor-version":[{"id":78023,"href":"https:\/\/blogopara.com.br\/index.php\/wp-json\/wp\/v2\/posts\/78021\/revisions\/78023"}],"wp:featuredmedia":[{"embeddable":true,"href":"https:\/\/blogopara.com.br\/index.php\/wp-json\/wp\/v2\/media\/78022"}],"wp:attachment":[{"href":"https:\/\/blogopara.com.br\/index.php\/wp-json\/wp\/v2\/media?parent=78021"}],"wp:term":[{"taxonomy":"category","embeddable":true,"href":"https:\/\/blogopara.com.br\/index.php\/wp-json\/wp\/v2\/categories?post=78021"},{"taxonomy":"post_tag","embeddable":true,"href":"https:\/\/blogopara.com.br\/index.php\/wp-json\/wp\/v2\/tags?post=78021"}],"curies":[{"name":"wp","href":"https:\/\/api.w.org\/{rel}","templated":true}]}}