{"id":78112,"date":"2025-07-30T17:57:43","date_gmt":"2025-07-30T20:57:43","guid":{"rendered":"https:\/\/blogopara.com.br\/?p=78112"},"modified":"2025-07-30T17:57:43","modified_gmt":"2025-07-30T20:57:43","slug":"trump-assina-decreto-que-impoe-tarifa-de-50-sobre-o-brasil","status":"publish","type":"post","link":"https:\/\/blogopara.com.br\/index.php\/2025\/07\/30\/trump-assina-decreto-que-impoe-tarifa-de-50-sobre-o-brasil","title":{"rendered":"Trump assina decreto que imp\u00f5e tarifa de 50% sobre o Brasil"},"content":{"rendered":"<div class=\"flex flex-col w-full\">\n<div class=\"flex flex-col w-full font-normal text-[18px] leading-[30px] text-tw-theme-text-default\">\n<p id=\"paragrafo-5tosd3j3y6\">O presidente americano Donald Trump assinou a ordem executiva que implementa uma tarifa adicional de 40% sobre o Brasil, elevando o total para 50%, segundo comunicado da Casa Branca. A medida oficializa o\u00a0&#8216;tarifa\u00e7o&#8217; anunciado pelo presidente no in\u00edcio de julho.\u00a0A decis\u00e3o \u00e9 justificada como resposta a a\u00e7\u00f5es do governo brasileiro que, de acordo com o governo americano, representam uma amea\u00e7a \u201cincomum e extraordin\u00e1ria\u201d \u00e0 seguran\u00e7a nacional, \u00e0 pol\u00edtica externa e \u00e0 economia norte-americana.<\/p>\n<\/div>\n<div class=\"article_mrec_destaque sticky\">\n<div id=\"internas_336x280_01\"><\/div>\n<\/div>\n<div class=\"flex flex-col w-full font-normal text-[18px] leading-[30px] text-tw-theme-text-default\">\n<p id=\"paragrafo-7xypk0p5vl\">A medida se baseia na Lei de Poderes Econ\u00f4micos de Emerg\u00eancia Internacional (IEEPA), de 1977, e declara emerg\u00eancia nacional nos Estados Unidos em rela\u00e7\u00e3o ao Brasil. O texto da Ordem Executiva acusa o governo brasileiro de perseguir, intimidar, censurar e processar politicamente o ex-presidente Jair Bolsonaro (PL) e seus apoiadores.<\/p>\n<\/div>\n<div class=\"flex flex-col w-full font-normal text-[18px] leading-[30px] text-tw-theme-text-default\">\n<p id=\"paragrafo-6pmodn5zez\">O ministro Alexandre de Moraes, do Supremo Tribunal Federal, \u00e9 diretamente mencionado no texto como respons\u00e1vel por ordens de censura e amea\u00e7as a executivos de empresas americanas e congelamento de ativos. Nesta quarta-feira (30), o\u00a0ministro foi punido com a\u00a0Lei Magnitsky, que imp\u00f5e san\u00e7\u00f5es econ\u00f4micas e o impedimento de entrada no pa\u00eds norte-americano.<\/p>\n<\/div>\n<div class=\"flex flex-col w-full font-normal text-[18px] leading-[30px] text-tw-theme-text-default\">\n<p id=\"paragrafo-wkoe58tdzu\">A Casa Branca afirma que a defesa da liberdade de express\u00e3o e das empresas americanas continuar\u00e1 sendo prioridade da pol\u00edtica externa dos EUA. \u201cEstamos protegendo a seguran\u00e7a nacional, a pol\u00edtica externa e a economia dos EUA contra amea\u00e7as estrangeiras\u201d, afirma o comunicado. A ordem exclui da taxa\u00e7\u00e3o alguns itens espec\u00edficos, como suco de laranja, produtos da avia\u00e7\u00e3o civil, celulose, petr\u00f3leo e certos componentes mec\u00e2nicos.<\/p>\n<\/div>\n<div class=\"flex flex-col w-full font-normal text-[18px] leading-[30px] text-tw-theme-text-default\">\n<p id=\"paragrafo-rttf3d7y9a\">Nesta quarta-feira (30), Trump publicou nas redes sociais um post no qual confirma o prazo de 1\u00ba de agosto para que as novas tarifas passem a valer. Apesar disso, a ordem executiva assinada pelo presidente prev\u00ea um adiamento de sete dias para o in\u00edcio da taxa\u00e7\u00e3o de 50% sobre produtos brasileiros.<\/p>\n<\/div>\n<div class=\"flex flex-col w-full\">\n<h2 id=\"intertitulo-psfemyo56v\" class=\"font-family-secondary text-tw-theme-box-titulo-default text-[26px] leading-[38px] font-bold md:text-[31px]\">Impactos<\/h2>\n<\/div>\n<div class=\"flex flex-col w-full font-normal text-[18px] leading-[30px] text-tw-theme-text-default\">\n<p id=\"paragrafo-tiftbgwjc3\">Uma estimativa da Federa\u00e7\u00e3o das Ind\u00fastrias do Estado da Bahia (Fieb) apontou que cerca de 10 mil empregos do setor industrial baiano poderiam ser afetados com a tarifa de 50% sobre produtos brasileiros anunciada pelo presidente dos Estados Unidos. Na pr\u00e1tica, os produtos baianos ficar\u00e3o mais caros nas prateleiras americanas, j\u00e1 que os importadores dever\u00e3o arcar com a taxa\u00e7\u00e3o para comprar o que \u00e9 produzido no Brasil.<\/p>\n<\/div>\n<div class=\"flex flex-col w-full font-normal text-[18px] leading-[30px] text-tw-theme-text-default\">\n<p id=\"paragrafo-dhvlkfd8vd\">Uma proje\u00e7\u00e3o feita pela Superintend\u00eancia de Estudos Econ\u00f4micos da Bahia (SEI) mostrou que, com a imposi\u00e7\u00e3o tarif\u00e1ria norte-americana, o estado poder\u00e1 amargar um preju\u00edzo de aproximadamente 470 milh\u00f5es de d\u00f3lares s\u00f3 no primeiro ano da nova medida, o que daria R$ 2,6 bilh\u00f5es convertidos. As exporta\u00e7\u00f5es para os Estados Unidos correspondem a 1% do Produto Interno Bruto (PIB) do estado.<\/p>\n<\/div>\n<div class=\"flex flex-col w-full font-normal text-[18px] leading-[30px] text-tw-theme-text-default\">\n<p id=\"paragrafo-iwpfsk99zq\">As proje\u00e7\u00f5es foram feitas antes da publica\u00e7\u00e3o do decreto, que exclui itens\u00a0como suco de laranja, celulose, petr\u00f3leo e componentes da avia\u00e7\u00e3o. Havia expectativa, antes da oficializa\u00e7\u00e3o, que os segmentos de celulose, cacau e pneu fossem os mais afetados na Bahia.<\/p>\n<\/div>\n<\/div>\n<div class=\"flex flex-col w-full\"><\/div>\n","protected":false},"excerpt":{"rendered":"<p>O presidente americano Donald Trump assinou a ordem executiva que implementa uma tarifa adicional de 40% sobre o Brasil, elevando o total para 50%, segundo comunicado da Casa Branca. A medida oficializa o\u00a0&#8216;tarifa\u00e7o&#8217; anunciado pelo presidente no in\u00edcio de julho.\u00a0A decis\u00e3o \u00e9 justificada como resposta a a\u00e7\u00f5es do governo brasileiro que, de acordo com o [&hellip;]<\/p>\n","protected":false},"author":1,"featured_media":10777,"comment_status":"open","ping_status":"open","sticky":false,"template":"","format":"standard","meta":{"_uag_custom_page_level_css":"","_monsterinsights_skip_tracking":false,"_monsterinsights_sitenote_active":false,"_monsterinsights_sitenote_note":"","_monsterinsights_sitenote_category":0,"jetpack_post_was_ever_published":false,"_jetpack_newsletter_access":"","_jetpack_dont_email_post_to_subs":false,"_jetpack_newsletter_tier_id":0,"_jetpack_memberships_contains_paywalled_content":false,"_jetpack_memberships_contains_paid_content":false,"footnotes":"","jetpack_publicize_message":"","jetpack_publicize_feature_enabled":true,"jetpack_social_post_already_shared":true,"jetpack_social_options":{"image_generator_settings":{"template":"highway","default_image_id":0,"font":"","enabled":false},"version":2}},"categories":[200],"tags":[],"class_list":["post-78112","post","type-post","status-publish","format-standard","has-post-thumbnail","hentry","category-brasil"],"jetpack_publicize_connections":[],"jetpack_featured_media_url":"https:\/\/blogopara.com.br\/wp-content\/uploads\/2020\/05\/Donald-Trump-750x500-1.png","uagb_featured_image_src":{"full":["https:\/\/blogopara.com.br\/wp-content\/uploads\/2020\/05\/Donald-Trump-750x500-1.png",500,333,false],"thumbnail":["https:\/\/blogopara.com.br\/wp-content\/uploads\/2020\/05\/Donald-Trump-750x500-1-150x150.png",150,150,true],"medium":["https:\/\/blogopara.com.br\/wp-content\/uploads\/2020\/05\/Donald-Trump-750x500-1-300x200.png",300,200,true],"medium_large":["https:\/\/blogopara.com.br\/wp-content\/uploads\/2020\/05\/Donald-Trump-750x500-1.png",500,333,false],"large":["https:\/\/blogopara.com.br\/wp-content\/uploads\/2020\/05\/Donald-Trump-750x500-1.png",500,333,false],"1536x1536":["https:\/\/blogopara.com.br\/wp-content\/uploads\/2020\/05\/Donald-Trump-750x500-1.png",500,333,false],"2048x2048":["https:\/\/blogopara.com.br\/wp-content\/uploads\/2020\/05\/Donald-Trump-750x500-1.png",500,333,false],"mantranews-slider-large":["https:\/\/blogopara.com.br\/wp-content\/uploads\/2020\/05\/Donald-Trump-750x500-1.png",500,333,false],"mantranews-featured-medium":["https:\/\/blogopara.com.br\/wp-content\/uploads\/2020\/05\/Donald-Trump-750x500-1-420x307.png",420,307,true],"mantranews-featured-long":["https:\/\/blogopara.com.br\/wp-content\/uploads\/2020\/05\/Donald-Trump-750x500-1-300x333.png",300,333,true],"mantranews-block-medium":["https:\/\/blogopara.com.br\/wp-content\/uploads\/2020\/05\/Donald-Trump-750x500-1-464x290.png",464,290,true],"mantranews-carousel-image":["https:\/\/blogopara.com.br\/wp-content\/uploads\/2020\/05\/Donald-Trump-750x500-1.png",500,333,false],"mantranews-block-thumb":["https:\/\/blogopara.com.br\/wp-content\/uploads\/2020\/05\/Donald-Trump-750x500-1.png",322,214,false],"mantranews-single-large":["https:\/\/blogopara.com.br\/wp-content\/uploads\/2020\/05\/Donald-Trump-750x500-1.png",500,333,false]},"uagb_author_info":{"display_name":"Reda\u00e7\u00e3o geral","author_link":"https:\/\/blogopara.com.br\/index.php\/author\/blogopara"},"uagb_comment_info":0,"uagb_excerpt":"O presidente americano Donald Trump assinou a ordem executiva que implementa uma tarifa adicional de 40% sobre o Brasil, elevando o total para 50%, segundo comunicado da Casa Branca. A medida oficializa o\u00a0&#8216;tarifa\u00e7o&#8217; anunciado pelo presidente no in\u00edcio de julho.\u00a0A decis\u00e3o \u00e9 justificada como resposta a a\u00e7\u00f5es do governo brasileiro que, de acordo com o&hellip;","jetpack_sharing_enabled":true,"jetpack_likes_enabled":true,"_links":{"self":[{"href":"https:\/\/blogopara.com.br\/index.php\/wp-json\/wp\/v2\/posts\/78112","targetHints":{"allow":["GET"]}}],"collection":[{"href":"https:\/\/blogopara.com.br\/index.php\/wp-json\/wp\/v2\/posts"}],"about":[{"href":"https:\/\/blogopara.com.br\/index.php\/wp-json\/wp\/v2\/types\/post"}],"author":[{"embeddable":true,"href":"https:\/\/blogopara.com.br\/index.php\/wp-json\/wp\/v2\/users\/1"}],"replies":[{"embeddable":true,"href":"https:\/\/blogopara.com.br\/index.php\/wp-json\/wp\/v2\/comments?post=78112"}],"version-history":[{"count":1,"href":"https:\/\/blogopara.com.br\/index.php\/wp-json\/wp\/v2\/posts\/78112\/revisions"}],"predecessor-version":[{"id":78113,"href":"https:\/\/blogopara.com.br\/index.php\/wp-json\/wp\/v2\/posts\/78112\/revisions\/78113"}],"wp:featuredmedia":[{"embeddable":true,"href":"https:\/\/blogopara.com.br\/index.php\/wp-json\/wp\/v2\/media\/10777"}],"wp:attachment":[{"href":"https:\/\/blogopara.com.br\/index.php\/wp-json\/wp\/v2\/media?parent=78112"}],"wp:term":[{"taxonomy":"category","embeddable":true,"href":"https:\/\/blogopara.com.br\/index.php\/wp-json\/wp\/v2\/categories?post=78112"},{"taxonomy":"post_tag","embeddable":true,"href":"https:\/\/blogopara.com.br\/index.php\/wp-json\/wp\/v2\/tags?post=78112"}],"curies":[{"name":"wp","href":"https:\/\/api.w.org\/{rel}","templated":true}]}}