{"id":78137,"date":"2025-07-31T15:08:53","date_gmt":"2025-07-31T18:08:53","guid":{"rendered":"https:\/\/blogopara.com.br\/?p=78137"},"modified":"2025-07-31T15:08:53","modified_gmt":"2025-07-31T18:08:53","slug":"saiba-quais-produtos-baianos-vao-ficar-isentos-da-taxacao-de-trump","status":"publish","type":"post","link":"https:\/\/blogopara.com.br\/index.php\/2025\/07\/31\/saiba-quais-produtos-baianos-vao-ficar-isentos-da-taxacao-de-trump","title":{"rendered":"Saiba quais produtos baianos v\u00e3o ficar isentos da taxa\u00e7\u00e3o de Trump"},"content":{"rendered":"<div class=\"flex flex-col w-full font-normal text-[18px] leading-[30px] text-tw-theme-text-default\">\n<p id=\"paragrafo-8jatc0pk6l\">O decreto que o presidente dos Estados Unidos, Donald Trump,\u00a0assinou na quarta-feira (30), oficializando a tarifa de 50% \u00e0 produtos brasileiros, trouxe um certo al\u00edvio aos produtores baianos. Isso porque, junto com a ordem de decreto veio, tamb\u00e9m,\u00a0uma lista com 694 exce\u00e7\u00f5es que ser\u00e3o isentas do acr\u00e9scimo na taxa\u00e7\u00e3o. Entre elas, algumas que representam uma importante parcela do que exportado pela Bahia.<\/p>\n<\/div>\n<div class=\"flex flex-col w-full font-normal text-[18px] leading-[30px] text-tw-theme-text-default\">\n<p id=\"paragrafo-vuh1iocium\">&#8220;D\u00e1 um certo al\u00edvio. \u00c9 uma longa lista de exce\u00e7\u00f5es de mercadorias importantes para a economia americana e tamb\u00e9m para a economia brasileira. A gente viu que ficaram de fora dos 50% alguns derivados de celulose, que entra em uma pauta importante da Bahia&#8221;, explicou o coordenador de Conjuntura Econ\u00f4mica da Superintend\u00eancia de Estudos Econ\u00f4micos da Bahia (SEI), Arthur Cruz.<\/p>\n<\/div>\n<div class=\"flex flex-col w-full font-normal text-[18px] leading-[30px] text-tw-theme-text-default\">\n<p id=\"paragrafo-hpeg4ylbuj\">O setor de celulose lidera as exporta\u00e7\u00f5es baianas para os Estados Unidos\u00a0e, de acordo com informa\u00e7\u00f5es do superintendente da Federa\u00e7\u00e3o das Ind\u00fastrias do Estado da Bahia (Fieb), Vladson Menezes, 12% da celulose baiana que vai para fora tem os Estados Unidos como destino.<\/p>\n<\/div>\n<div class=\"flex flex-col w-full font-normal text-[18px] leading-[30px] text-tw-theme-text-default\">\n<p id=\"paragrafo-07717tjjht\">Alguns derivados do petr\u00f3leo tamb\u00e9m entraram na lista de produtos isentos ao acr\u00e9scimo na tarifa,\u00a0outro setor que na Bahia exporta para o pa\u00eds norte-americano. Tamb\u00e9m pularam a fogueira alguns min\u00e9rios, metais preciosos e o sisal que s\u00e3o fornecidos pelos baianos.<\/p>\n<\/div>\n<div class=\"flex flex-col w-full font-normal text-[18px] leading-[30px] text-tw-theme-text-default\">\n<p id=\"paragrafo-4gmv2wscun\">CONFIRA A LISTA DE PRODUTOS BRASILEIROS ISENTOS \u00c0 TAXA\u00c7\u00c3O<\/p>\n<\/div>\n<div class=\"flex flex-col w-full font-normal text-[18px] leading-[30px] text-tw-theme-text-default\">\n<p id=\"paragrafo-qhh234a9eh\"><b>Frutas ficam de fora<\/b><\/p>\n<\/div>\n<div class=\"flex flex-col w-full font-normal text-[18px] leading-[30px] text-tw-theme-text-default\">\n<p id=\"paragrafo-20j6w3opii\">Mas, nem tudo s\u00e3o flores. Porque setores importantes para a Bahia foram afetados. Das frutas, apenas a laranja ficou isenta. Mas, a manga, por exemplo,\u00a0que \u00e9 o carro-chefe do setor e tem 60% da produ\u00e7\u00e3o em todo o estado escoada para os Estados Unidos, de acordo com informa\u00e7\u00f5es do presidente da Federa\u00e7\u00e3o da Agricultura e Pecu\u00e1ria do Estado da Bahia (Faeb) e do Servi\u00e7o Nacional de Aprendizagem Rural (Senar), Humberto Miranda, vai ser taxada em 50%.<\/p>\n<\/div>\n<div class=\"flex flex-col w-full font-normal text-[18px] leading-[30px] text-tw-theme-text-default\">\n<p id=\"paragrafo-jj9tuc41xy\">O mesmo vale para os derivados de cacau, que est\u00e3o entre os maiores produtos baianos comprados pelos americanos. De acordo com Vladson Menezes, s\u00f3 no primeiro semestre, este setor exportou para os EUA o equivalente a 47 milh\u00f5es de d\u00f3lares, ou R$ 261,8 milh\u00f5es.<\/p>\n<\/div>\n<div class=\"flex flex-col w-full font-normal text-[18px] leading-[30px] text-tw-theme-text-default\">\n<p id=\"paragrafo-n24i2ln0vr\">&#8220;Lamentavelmente, s\u00f3 foi poupada a laranja, o suco de laranja. Mas, a manga, que \u00e9 um produto importante na nossa pauta, o cacau e derivados ficaram de fora&#8221;, falou Arthur Cruz.<\/p>\n<\/div>\n<div class=\"flex flex-col w-full font-normal text-[18px] leading-[30px] text-tw-theme-text-default\">\n<p id=\"paragrafo-3fp1urhvkp\">O caf\u00e9 \u00e9 outro produto que n\u00e3o entrou na lista de exce\u00e7\u00f5es. Antes da oficializa\u00e7\u00e3o da tarifa, a Associa\u00e7\u00e3o Brasileira da Ind\u00fastria de Caf\u00e9 (Abic) j\u00e1 tinha manifestado, em comunicado, a preocupa\u00e7\u00e3o com a medida. \u201cRepresenta um grave retrocesso nas rela\u00e7\u00f5es comerciais entre os dois pa\u00edses que pode gerar impactos extremamente negativos e relevantes para toda a cadeia produtiva do caf\u00e9 brasileiro, comprometendo a competitividade das exporta\u00e7\u00f5es e pressionando os custos operacionais em um momento de reorganiza\u00e7\u00e3o do mercado global\u201d, apontou a entidade.<\/p>\n<\/div>\n<div class=\"flex flex-col w-full font-normal text-[18px] leading-[30px] text-tw-theme-text-default\">\n<p id=\"paragrafo-77y708zpsj\">Acrescente tamb\u00e9m produtos qu\u00edmicos, petroqu\u00edmicos e pneum\u00e1ticos, os pneus produzidos por aqui. &#8220;A gente vai ter uma perda a\u00ed de alguns setores&#8221;, avaliou o coordenador de Conjuntura Econ\u00f4mica da SEI.<\/p>\n<\/div>\n<div class=\"flex flex-col w-full font-normal text-[18px] leading-[30px] text-tw-theme-text-default\">\n<p id=\"paragrafo-t38mh250ag\"><b>Pre\u00e7o mais baixo para os baianos<\/b><\/p>\n<\/div>\n<div class=\"flex flex-col w-full font-normal text-[18px] leading-[30px] text-tw-theme-text-default\">\n<p id=\"paragrafo-0x1bhhxi98\">A expectativa, no entanto, \u00e9 que esses produtos que ser\u00e3o tarifados a partir da pr\u00f3xima quarta-feira (6), quando come\u00e7a a valer a nova medida nos Estados Unidos, redirecionem parte das suas produ\u00e7\u00f5es para o mercado interno e isso acabe barateando os produtos nas prateleiras dos supermercados na Bahia.<\/p>\n<\/div>\n<div class=\"flex flex-col w-full font-normal text-[18px] leading-[30px] text-tw-theme-text-default\">\n<p id=\"paragrafo-hissncljtm\">&#8220;Porque esses produtos, se n\u00e3o indo para o mercado internacional, v\u00e3o ter que ser desovados aqui no mercado interno. E isso pode melhorar a infla\u00e7\u00e3o, ou seja, \u00e9 melhor para o consumidor brasileiro. Embora n\u00e3o seja t\u00e3o favor\u00e1vel para o exportador&#8221;, ponderou Arthur Cruz.<\/p>\n<\/div>\n<div class=\"flex flex-col w-full font-normal text-[18px] leading-[30px] text-tw-theme-text-default\">\n<p id=\"paragrafo-ukfqm0poo7\">\u00c9 o que j\u00e1 aconteceu com a manga.\u00a0Ap\u00f3s o an\u00fancio do tarifa\u00e7o aos produtos brasileiros, o pre\u00e7o da fruta caiu no estado. O quilo da manga que custava R$ 4,22 no Mercado de Juazeiro, no m\u00eas de junho, agora custa R$ 1,92, representando uma diminui\u00e7\u00e3o de 54%, segundo dados da Companhia Nacional de Abastecimento na Bahia (Conab). Em Salvador, a diferen\u00e7a foi de 51% em rela\u00e7\u00e3o ao m\u00eas de junho, quando o pre\u00e7o saiu de R$ 7,64 para R$ 3,70.<\/p>\n<\/div>\n<div class=\"flex flex-col w-full font-normal text-[18px] leading-[30px] text-tw-theme-text-default\">\n<p id=\"paragrafo-tbnn05rpca\">Alguns setores que foram tarifados n\u00e3o conseguem redirecionar toda a sua produ\u00e7\u00e3o para o mercado local, outros sequer conseguem vender por aqui. Para esses, a negocia\u00e7\u00e3o continua. Para Arthur Cruz, \u00e9 necess\u00e1rio um trabalho articulado com o Governo Federal. &#8220;O governo federal promete, inclusive, mitigar e trazer algumas medidas com financiamentos e isen\u00e7\u00f5es por tempo determinado, at\u00e9 que eles se reestruturem e consigam achar mercados alternativos para esses produtos&#8221;, disse.<\/p>\n<\/div>\n","protected":false},"excerpt":{"rendered":"<p>O decreto que o presidente dos Estados Unidos, Donald Trump,\u00a0assinou na quarta-feira (30), oficializando a tarifa de 50% \u00e0 produtos brasileiros, trouxe um certo al\u00edvio aos produtores baianos. Isso porque, junto com a ordem de decreto veio, tamb\u00e9m,\u00a0uma lista com 694 exce\u00e7\u00f5es que ser\u00e3o isentas do acr\u00e9scimo na taxa\u00e7\u00e3o. Entre elas, algumas que representam uma [&hellip;]<\/p>\n","protected":false},"author":1,"featured_media":11970,"comment_status":"open","ping_status":"open","sticky":false,"template":"","format":"standard","meta":{"_uag_custom_page_level_css":"","_monsterinsights_skip_tracking":false,"_monsterinsights_sitenote_active":false,"_monsterinsights_sitenote_note":"","_monsterinsights_sitenote_category":0,"jetpack_post_was_ever_published":false,"_jetpack_newsletter_access":"","_jetpack_dont_email_post_to_subs":false,"_jetpack_newsletter_tier_id":0,"_jetpack_memberships_contains_paywalled_content":false,"_jetpack_memberships_contains_paid_content":false,"footnotes":"","jetpack_publicize_message":"","jetpack_publicize_feature_enabled":true,"jetpack_social_post_already_shared":true,"jetpack_social_options":{"image_generator_settings":{"template":"highway","default_image_id":0,"font":"","enabled":false},"version":2}},"categories":[199,197],"tags":[],"class_list":["post-78137","post","type-post","status-publish","format-standard","has-post-thumbnail","hentry","category-bahia","category-politica"],"jetpack_publicize_connections":[],"jetpack_featured_media_url":"https:\/\/blogopara.com.br\/wp-content\/uploads\/2020\/06\/APF20190923074-co\u0301pia.jpg","uagb_featured_image_src":{"full":["https:\/\/blogopara.com.br\/wp-content\/uploads\/2020\/06\/APF20190923074-co\u0301pia.jpg",500,333,false],"thumbnail":["https:\/\/blogopara.com.br\/wp-content\/uploads\/2020\/06\/APF20190923074-co\u0301pia-150x150.jpg",150,150,true],"medium":["https:\/\/blogopara.com.br\/wp-content\/uploads\/2020\/06\/APF20190923074-co\u0301pia-300x200.jpg",300,200,true],"medium_large":["https:\/\/blogopara.com.br\/wp-content\/uploads\/2020\/06\/APF20190923074-co\u0301pia.jpg",500,333,false],"large":["https:\/\/blogopara.com.br\/wp-content\/uploads\/2020\/06\/APF20190923074-co\u0301pia.jpg",500,333,false],"1536x1536":["https:\/\/blogopara.com.br\/wp-content\/uploads\/2020\/06\/APF20190923074-co\u0301pia.jpg",500,333,false],"2048x2048":["https:\/\/blogopara.com.br\/wp-content\/uploads\/2020\/06\/APF20190923074-co\u0301pia.jpg",500,333,false],"mantranews-slider-large":["https:\/\/blogopara.com.br\/wp-content\/uploads\/2020\/06\/APF20190923074-co\u0301pia.jpg",500,333,false],"mantranews-featured-medium":["https:\/\/blogopara.com.br\/wp-content\/uploads\/2020\/06\/APF20190923074-co\u0301pia-420x307.jpg",420,307,true],"mantranews-featured-long":["https:\/\/blogopara.com.br\/wp-content\/uploads\/2020\/06\/APF20190923074-co\u0301pia-300x333.jpg",300,333,true],"mantranews-block-medium":["https:\/\/blogopara.com.br\/wp-content\/uploads\/2020\/06\/APF20190923074-co\u0301pia-464x290.jpg",464,290,true],"mantranews-carousel-image":["https:\/\/blogopara.com.br\/wp-content\/uploads\/2020\/06\/APF20190923074-co\u0301pia.jpg",500,333,false],"mantranews-block-thumb":["https:\/\/blogopara.com.br\/wp-content\/uploads\/2020\/06\/APF20190923074-co\u0301pia.jpg",322,214,false],"mantranews-single-large":["https:\/\/blogopara.com.br\/wp-content\/uploads\/2020\/06\/APF20190923074-co\u0301pia.jpg",500,333,false]},"uagb_author_info":{"display_name":"Reda\u00e7\u00e3o geral","author_link":"https:\/\/blogopara.com.br\/index.php\/author\/blogopara"},"uagb_comment_info":0,"uagb_excerpt":"O decreto que o presidente dos Estados Unidos, Donald Trump,\u00a0assinou na quarta-feira (30), oficializando a tarifa de 50% \u00e0 produtos brasileiros, trouxe um certo al\u00edvio aos produtores baianos. Isso porque, junto com a ordem de decreto veio, tamb\u00e9m,\u00a0uma lista com 694 exce\u00e7\u00f5es que ser\u00e3o isentas do acr\u00e9scimo na taxa\u00e7\u00e3o. Entre elas, algumas que representam uma&hellip;","jetpack_sharing_enabled":true,"jetpack_likes_enabled":true,"_links":{"self":[{"href":"https:\/\/blogopara.com.br\/index.php\/wp-json\/wp\/v2\/posts\/78137","targetHints":{"allow":["GET"]}}],"collection":[{"href":"https:\/\/blogopara.com.br\/index.php\/wp-json\/wp\/v2\/posts"}],"about":[{"href":"https:\/\/blogopara.com.br\/index.php\/wp-json\/wp\/v2\/types\/post"}],"author":[{"embeddable":true,"href":"https:\/\/blogopara.com.br\/index.php\/wp-json\/wp\/v2\/users\/1"}],"replies":[{"embeddable":true,"href":"https:\/\/blogopara.com.br\/index.php\/wp-json\/wp\/v2\/comments?post=78137"}],"version-history":[{"count":1,"href":"https:\/\/blogopara.com.br\/index.php\/wp-json\/wp\/v2\/posts\/78137\/revisions"}],"predecessor-version":[{"id":78138,"href":"https:\/\/blogopara.com.br\/index.php\/wp-json\/wp\/v2\/posts\/78137\/revisions\/78138"}],"wp:featuredmedia":[{"embeddable":true,"href":"https:\/\/blogopara.com.br\/index.php\/wp-json\/wp\/v2\/media\/11970"}],"wp:attachment":[{"href":"https:\/\/blogopara.com.br\/index.php\/wp-json\/wp\/v2\/media?parent=78137"}],"wp:term":[{"taxonomy":"category","embeddable":true,"href":"https:\/\/blogopara.com.br\/index.php\/wp-json\/wp\/v2\/categories?post=78137"},{"taxonomy":"post_tag","embeddable":true,"href":"https:\/\/blogopara.com.br\/index.php\/wp-json\/wp\/v2\/tags?post=78137"}],"curies":[{"name":"wp","href":"https:\/\/api.w.org\/{rel}","templated":true}]}}