{"id":78154,"date":"2025-08-01T10:52:02","date_gmt":"2025-08-01T13:52:02","guid":{"rendered":"https:\/\/blogopara.com.br\/?p=78154"},"modified":"2025-08-01T10:52:02","modified_gmt":"2025-08-01T13:52:02","slug":"3o-entardecer-delas-encerra-julho-das-pretas-com-empoderamento-ancestralidade-e-servicos-gratuitos-ao-bairro-alto-do-cruzeiro","status":"publish","type":"post","link":"https:\/\/blogopara.com.br\/index.php\/2025\/08\/01\/3o-entardecer-delas-encerra-julho-das-pretas-com-empoderamento-ancestralidade-e-servicos-gratuitos-ao-bairro-alto-do-cruzeiro","title":{"rendered":"3\u00ba Entardecer Delas encerra Julho das Pretas com empoderamento, ancestralidade e servi\u00e7os gratuitos ao bairro Alto do Cruzeiro"},"content":{"rendered":"<p>Com um encontro marcado por afeto, servi\u00e7os gratuitos, cultura e afirma\u00e7\u00e3o identit\u00e1ria, a Prefeitura de Juazeiro, por meio da Secretaria da Mulher e Juventude\/SMJ, promoveu nesta quinta-feira (31) o 3\u00ba Entardecer Delas, evento que marcou o encerramento do Julho das Pretas. Pela primeira vez, a a\u00e7\u00e3o foi realizada em um bairro da cidade, descentralizando a programa\u00e7\u00e3o e promovendo empoderamento e cuidado para o Alto do Cruzeiro, territ\u00f3rio de forte presen\u00e7a comunit\u00e1ria e hist\u00f3rica.<\/p>\n<p>O evento aconteceu na Pra\u00e7a Ant\u00f4nio Matias e atraiu moradoras da comunidade e representantes da Rede Mulher. Com foco na valoriza\u00e7\u00e3o da ancestralidade, a programa\u00e7\u00e3o incluiu show da cantora Nat\u00e1lia Magno e apresenta\u00e7\u00e3o do Embondeiro Capoeira, al\u00e9m de servi\u00e7os gratuitos como aferi\u00e7\u00e3o de press\u00e3o arterial, vacina\u00e7\u00e3o contra a gripe, testes de glicemia e penteados afro.<\/p>\n<p>Durante o encontro, a SMJ tamb\u00e9m anunciou uma nova parceria com a Faculdade Unibr\u00e1s, que passar\u00e1 a ofertar atendimento jur\u00eddico gratuito voltado \u00e0s mulheres e jovens de Juazeiro, ampliando a rede de apoio e acesso a direitos.<\/p>\n<p>\u201cA 3\u00aa edi\u00e7\u00e3o do Entardecer Delas n\u00e3o poderia ser diferente neste Julho das Pretas. Trouxemos o evento para a periferia de Juazeiro, aqui no Alto do Cruzeiro, beneficiando muitas mulheres com servi\u00e7os, show e o lan\u00e7amento da parceria com a Unibr\u00e1s. Assim, a gente segue fazendo com que a Secretaria da Mulher chegue em todo lugar\u201d, afirmou a secret\u00e1ria da Mulher e Juventude, \u00c9rica Daiane.<\/p>\n<p>O sentimento de pertencimento e acolhimento foi refor\u00e7ado pelas participantes. Dona Das Neves, moradora da regi\u00e3o, compartilhou sua alegria ao participar da a\u00e7\u00e3o: \u201cAchei maravilhoso chegar aqui nesse espa\u00e7o. Eu n\u00e3o contava com a assist\u00eancia que estavam dando: aferi\u00e7\u00e3o de press\u00e3o, glicose, at\u00e9 vacina da gripe. Foi top demais\u201d.<\/p>\n<p>Marinalva dos Santos, tamb\u00e9m moradora do bairro, falou da satisfa\u00e7\u00e3o em participar e se ver representada. \u201cGostei muito dessa atividade que teve aqui, gra\u00e7as a Deus. E gostei muito do penteado que eu fiz. Ficou lindo!\u201d, contou com entusiasmo.<\/p>\n<p>O Julho das Pretas, celebrado em toda a Am\u00e9rica Latina, marca o Dia Internacional da Mulher Negra Latino-Americana e Caribenha (25 de julho) e, no Brasil, se consolidou como s\u00edmbolo de resist\u00eancia, mem\u00f3ria e a\u00e7\u00e3o coletiva. A descentraliza\u00e7\u00e3o das atividades refor\u00e7a o compromisso da gest\u00e3o com pol\u00edticas p\u00fablicas que alcancem todos os territ\u00f3rios, com foco na equidade racial e de g\u00eanero.<\/p>\n<p>&nbsp;<\/p>\n<p>Texto: Diana Silva\/Ascom PMJ<\/p>\n","protected":false},"excerpt":{"rendered":"<p>Com um encontro marcado por afeto, servi\u00e7os gratuitos, cultura e afirma\u00e7\u00e3o identit\u00e1ria, a Prefeitura de Juazeiro, por meio da Secretaria da Mulher e Juventude\/SMJ, promoveu nesta quinta-feira (31) o 3\u00ba Entardecer Delas, evento que marcou o encerramento do Julho das Pretas. Pela primeira vez, a a\u00e7\u00e3o foi realizada em um bairro da cidade, descentralizando a [&hellip;]<\/p>\n","protected":false},"author":1,"featured_media":78155,"comment_status":"open","ping_status":"open","sticky":false,"template":"","format":"standard","meta":{"_uag_custom_page_level_css":"","_monsterinsights_skip_tracking":false,"_monsterinsights_sitenote_active":false,"_monsterinsights_sitenote_note":"","_monsterinsights_sitenote_category":0,"jetpack_post_was_ever_published":false,"_jetpack_newsletter_access":"","_jetpack_dont_email_post_to_subs":false,"_jetpack_newsletter_tier_id":0,"_jetpack_memberships_contains_paywalled_content":false,"_jetpack_memberships_contains_paid_content":false,"footnotes":"","jetpack_publicize_message":"","jetpack_publicize_feature_enabled":true,"jetpack_social_post_already_shared":true,"jetpack_social_options":{"image_generator_settings":{"template":"highway","default_image_id":0,"font":"","enabled":false},"version":2}},"categories":[203],"tags":[],"class_list":["post-78154","post","type-post","status-publish","format-standard","has-post-thumbnail","hentry","category-juazeiro"],"jetpack_publicize_connections":[],"jetpack_featured_media_url":"https:\/\/blogopara.com.br\/wp-content\/uploads\/2025\/08\/WhatsApp-Image-2025-08-01-at-08.01.43-300x200-1.jpeg","uagb_featured_image_src":{"full":["https:\/\/blogopara.com.br\/wp-content\/uploads\/2025\/08\/WhatsApp-Image-2025-08-01-at-08.01.43-300x200-1.jpeg",420,280,false],"thumbnail":["https:\/\/blogopara.com.br\/wp-content\/uploads\/2025\/08\/WhatsApp-Image-2025-08-01-at-08.01.43-300x200-1-150x150.jpeg",150,150,true],"medium":["https:\/\/blogopara.com.br\/wp-content\/uploads\/2025\/08\/WhatsApp-Image-2025-08-01-at-08.01.43-300x200-1-300x200.jpeg",300,200,true],"medium_large":["https:\/\/blogopara.com.br\/wp-content\/uploads\/2025\/08\/WhatsApp-Image-2025-08-01-at-08.01.43-300x200-1.jpeg",420,280,false],"large":["https:\/\/blogopara.com.br\/wp-content\/uploads\/2025\/08\/WhatsApp-Image-2025-08-01-at-08.01.43-300x200-1.jpeg",420,280,false],"1536x1536":["https:\/\/blogopara.com.br\/wp-content\/uploads\/2025\/08\/WhatsApp-Image-2025-08-01-at-08.01.43-300x200-1.jpeg",420,280,false],"2048x2048":["https:\/\/blogopara.com.br\/wp-content\/uploads\/2025\/08\/WhatsApp-Image-2025-08-01-at-08.01.43-300x200-1.jpeg",420,280,false],"mantranews-slider-large":["https:\/\/blogopara.com.br\/wp-content\/uploads\/2025\/08\/WhatsApp-Image-2025-08-01-at-08.01.43-300x200-1.jpeg",420,280,false],"mantranews-featured-medium":["https:\/\/blogopara.com.br\/wp-content\/uploads\/2025\/08\/WhatsApp-Image-2025-08-01-at-08.01.43-300x200-1.jpeg",420,280,false],"mantranews-featured-long":["https:\/\/blogopara.com.br\/wp-content\/uploads\/2025\/08\/WhatsApp-Image-2025-08-01-at-08.01.43-300x200-1-300x280.jpeg",300,280,true],"mantranews-block-medium":["https:\/\/blogopara.com.br\/wp-content\/uploads\/2025\/08\/WhatsApp-Image-2025-08-01-at-08.01.43-300x200-1.jpeg",420,280,false],"mantranews-carousel-image":["https:\/\/blogopara.com.br\/wp-content\/uploads\/2025\/08\/WhatsApp-Image-2025-08-01-at-08.01.43-300x200-1.jpeg",420,280,false],"mantranews-block-thumb":["https:\/\/blogopara.com.br\/wp-content\/uploads\/2025\/08\/WhatsApp-Image-2025-08-01-at-08.01.43-300x200-1-322x230.jpeg",322,230,true],"mantranews-single-large":["https:\/\/blogopara.com.br\/wp-content\/uploads\/2025\/08\/WhatsApp-Image-2025-08-01-at-08.01.43-300x200-1.jpeg",420,280,false]},"uagb_author_info":{"display_name":"Reda\u00e7\u00e3o geral","author_link":"https:\/\/blogopara.com.br\/index.php\/author\/blogopara"},"uagb_comment_info":0,"uagb_excerpt":"Com um encontro marcado por afeto, servi\u00e7os gratuitos, cultura e afirma\u00e7\u00e3o identit\u00e1ria, a Prefeitura de Juazeiro, por meio da Secretaria da Mulher e Juventude\/SMJ, promoveu nesta quinta-feira (31) o 3\u00ba Entardecer Delas, evento que marcou o encerramento do Julho das Pretas. Pela primeira vez, a a\u00e7\u00e3o foi realizada em um bairro da cidade, descentralizando a&hellip;","jetpack_sharing_enabled":true,"jetpack_likes_enabled":true,"_links":{"self":[{"href":"https:\/\/blogopara.com.br\/index.php\/wp-json\/wp\/v2\/posts\/78154","targetHints":{"allow":["GET"]}}],"collection":[{"href":"https:\/\/blogopara.com.br\/index.php\/wp-json\/wp\/v2\/posts"}],"about":[{"href":"https:\/\/blogopara.com.br\/index.php\/wp-json\/wp\/v2\/types\/post"}],"author":[{"embeddable":true,"href":"https:\/\/blogopara.com.br\/index.php\/wp-json\/wp\/v2\/users\/1"}],"replies":[{"embeddable":true,"href":"https:\/\/blogopara.com.br\/index.php\/wp-json\/wp\/v2\/comments?post=78154"}],"version-history":[{"count":1,"href":"https:\/\/blogopara.com.br\/index.php\/wp-json\/wp\/v2\/posts\/78154\/revisions"}],"predecessor-version":[{"id":78156,"href":"https:\/\/blogopara.com.br\/index.php\/wp-json\/wp\/v2\/posts\/78154\/revisions\/78156"}],"wp:featuredmedia":[{"embeddable":true,"href":"https:\/\/blogopara.com.br\/index.php\/wp-json\/wp\/v2\/media\/78155"}],"wp:attachment":[{"href":"https:\/\/blogopara.com.br\/index.php\/wp-json\/wp\/v2\/media?parent=78154"}],"wp:term":[{"taxonomy":"category","embeddable":true,"href":"https:\/\/blogopara.com.br\/index.php\/wp-json\/wp\/v2\/categories?post=78154"},{"taxonomy":"post_tag","embeddable":true,"href":"https:\/\/blogopara.com.br\/index.php\/wp-json\/wp\/v2\/tags?post=78154"}],"curies":[{"name":"wp","href":"https:\/\/api.w.org\/{rel}","templated":true}]}}