{"id":78212,"date":"2025-08-02T10:22:53","date_gmt":"2025-08-02T13:22:53","guid":{"rendered":"https:\/\/blogopara.com.br\/?p=78212"},"modified":"2025-08-02T10:22:53","modified_gmt":"2025-08-02T13:22:53","slug":"apos-sinal-de-trump-lula-fala-em-abertura-ao-dialogo-mas-diz-trabalhar-em-resposta-a-tarifas-dos-eua","status":"publish","type":"post","link":"https:\/\/blogopara.com.br\/index.php\/2025\/08\/02\/apos-sinal-de-trump-lula-fala-em-abertura-ao-dialogo-mas-diz-trabalhar-em-resposta-a-tarifas-dos-eua","title":{"rendered":"Ap\u00f3s sinal de Trump, Lula fala em abertura ao di\u00e1logo, mas diz trabalhar em resposta a tarifas dos EUA"},"content":{"rendered":"<p>O presidente Lula (PT) escreveu nas redes sociais nesta sexta-feira (1\u00ba) que o Brasil sempre esteve aberto ao di\u00e1logo com os Estados Unidos, horas ap\u00f3s o presidente americano, Donald Trump, ter afirmado que o petista poderia falar \u201ca qualquer hora\u201d com ele, ap\u00f3s um per\u00edodo de portas fechadas \u00e0 conversa.<\/p>\n<p>\u201cSempre estivemos abertos ao di\u00e1logo. Quem define os rumos do Brasil s\u00e3o os brasileiros e suas institui\u00e7\u00f5es. Neste momento, estamos trabalhando para proteger a nossa economia, as empresas e nossos trabalhadores, e dar as respostas \u00e0s medidas tarif\u00e1rias do governo norte-americano\u201d.<\/p>\n<p>Um contato entre os dois l\u00edderes era esperado desde que Trump anunciara tarifas ao Brasil.<\/p>\n<p>Na Casa Branca, o americano afirmou que Lula poderia falar com ele \u201cquando quiser\u201d, ao ser questionado sobre a possibilidade de negociar sobretaxas. As declara\u00e7\u00f5es foram dadas dois dias ap\u00f3s o decreto que imp\u00f4s tarifas de 50% sobre as exporta\u00e7\u00f5es brasileiras e no dia seguinte ao tarifa\u00e7o global que voltou a impor taxas mais altas sobre dezenas de pa\u00edses.<\/p>\n<p>O presidente americano tamb\u00e9m disse que ama o povo brasileiro e que \u201cas pessoas que lideram o Brasil fizeram coisa errada\u201d, em prov\u00e1vel refer\u00eancia ao ministro do STF (Supremo Tribunal Federal) Alexandre de Moraes, alvo de san\u00e7\u00f5es do governo americano.<\/p>\n<p>Desde o an\u00fancio da sobretaxa, tanto o presidente quanto a equipe do governo t\u00eam reagido de forma contr\u00e1ria \u00e0 medida, tentando contato com os EUA na esfera institucional. Ao mesmo tempo, Lula manifestou em falas e posicionamentos oficiais de governo a inten\u00e7\u00e3o de tratar do tema diretamente com seu hom\u00f3logo americano, que n\u00e3o havia demonstrado disponibilidade at\u00e9 o momento.<\/p>\n<p>Com os an\u00fancios de Trump, o vice-presidente, Geraldo Alckmin, tem sido o representante do Brasil na negocia\u00e7\u00e3o com o pa\u00eds por meio de autoridades, citando especificamente o secret\u00e1rio de Com\u00e9rcio dos EUA, Howard Lutnik, como o principal contato.<\/p>\n<p>Por tamb\u00e9m estar \u00e0 frente do Mdic, Alckmin est\u00e1 se reunindo com empres\u00e1rios e representantes de setores da ind\u00fastria, do agroneg\u00f3cio, da tecnologia e outros segmentos para tratar dos impactos da medida americana na economia brasileira.<\/p>\n<p>A retalia\u00e7\u00e3o de Trump ao Brasil foi anunciada por meio de carta em uma rede social, na qual o americano tamb\u00e9m criticou a justi\u00e7a brasileira pelo tratamento dado a Jair Bolsonaro (PL), acusando o judici\u00e1rio brasileiro de perseguir o ex-presidente.<\/p>\n<p><strong>Leia tamb\u00e9m<\/strong>:\u00a0<a href=\"https:\/\/politicalivre.com.br\/2025\/08\/trump-diz-que-lula-pode-ligar-para-ele-quando-quiser\/#gsc.tab=0\" target=\"_blank\" rel=\"noopener\">Trump diz que Lula pode ligar para ele quando quiser<\/a><\/p>\n<p>&nbsp;<\/p>\n<p><span class=\"assinatura_exclusiva\">Mariana Brasil\/Folhapress<\/span><\/p>\n","protected":false},"excerpt":{"rendered":"<p>O presidente Lula (PT) escreveu nas redes sociais nesta sexta-feira (1\u00ba) que o Brasil sempre esteve aberto ao di\u00e1logo com os Estados Unidos, horas ap\u00f3s o presidente americano, Donald Trump, ter afirmado que o petista poderia falar \u201ca qualquer hora\u201d com ele, ap\u00f3s um per\u00edodo de portas fechadas \u00e0 conversa. \u201cSempre estivemos abertos ao di\u00e1logo. [&hellip;]<\/p>\n","protected":false},"author":1,"featured_media":36902,"comment_status":"open","ping_status":"open","sticky":false,"template":"","format":"standard","meta":{"_uag_custom_page_level_css":"","_monsterinsights_skip_tracking":false,"_monsterinsights_sitenote_active":false,"_monsterinsights_sitenote_note":"","_monsterinsights_sitenote_category":0,"jetpack_post_was_ever_published":false,"_jetpack_newsletter_access":"","_jetpack_dont_email_post_to_subs":false,"_jetpack_newsletter_tier_id":0,"_jetpack_memberships_contains_paywalled_content":false,"_jetpack_memberships_contains_paid_content":false,"footnotes":"","jetpack_publicize_message":"","jetpack_publicize_feature_enabled":true,"jetpack_social_post_already_shared":true,"jetpack_social_options":{"image_generator_settings":{"template":"highway","default_image_id":0,"font":"","enabled":false},"version":2}},"categories":[200,197],"tags":[],"class_list":["post-78212","post","type-post","status-publish","format-standard","has-post-thumbnail","hentry","category-brasil","category-politica"],"jetpack_publicize_connections":[],"jetpack_featured_media_url":"https:\/\/blogopara.com.br\/wp-content\/uploads\/2022\/05\/lula1-1-1210x642-1.jpg","uagb_featured_image_src":{"full":["https:\/\/blogopara.com.br\/wp-content\/uploads\/2022\/05\/lula1-1-1210x642-1.jpg",500,265,false],"thumbnail":["https:\/\/blogopara.com.br\/wp-content\/uploads\/2022\/05\/lula1-1-1210x642-1-150x150.jpg",150,150,true],"medium":["https:\/\/blogopara.com.br\/wp-content\/uploads\/2022\/05\/lula1-1-1210x642-1-300x159.jpg",300,159,true],"medium_large":["https:\/\/blogopara.com.br\/wp-content\/uploads\/2022\/05\/lula1-1-1210x642-1.jpg",500,265,false],"large":["https:\/\/blogopara.com.br\/wp-content\/uploads\/2022\/05\/lula1-1-1210x642-1.jpg",500,265,false],"1536x1536":["https:\/\/blogopara.com.br\/wp-content\/uploads\/2022\/05\/lula1-1-1210x642-1.jpg",500,265,false],"2048x2048":["https:\/\/blogopara.com.br\/wp-content\/uploads\/2022\/05\/lula1-1-1210x642-1.jpg",500,265,false],"mantranews-slider-large":["https:\/\/blogopara.com.br\/wp-content\/uploads\/2022\/05\/lula1-1-1210x642-1.jpg",500,265,false],"mantranews-featured-medium":["https:\/\/blogopara.com.br\/wp-content\/uploads\/2022\/05\/lula1-1-1210x642-1-420x265.jpg",420,265,true],"mantranews-featured-long":["https:\/\/blogopara.com.br\/wp-content\/uploads\/2022\/05\/lula1-1-1210x642-1-300x265.jpg",300,265,true],"mantranews-block-medium":["https:\/\/blogopara.com.br\/wp-content\/uploads\/2022\/05\/lula1-1-1210x642-1-464x265.jpg",464,265,true],"mantranews-carousel-image":["https:\/\/blogopara.com.br\/wp-content\/uploads\/2022\/05\/lula1-1-1210x642-1.jpg",500,265,false],"mantranews-block-thumb":["https:\/\/blogopara.com.br\/wp-content\/uploads\/2022\/05\/lula1-1-1210x642-1-322x230.jpg",322,230,true],"mantranews-single-large":["https:\/\/blogopara.com.br\/wp-content\/uploads\/2022\/05\/lula1-1-1210x642-1.jpg",500,265,false]},"uagb_author_info":{"display_name":"Reda\u00e7\u00e3o geral","author_link":"https:\/\/blogopara.com.br\/index.php\/author\/blogopara"},"uagb_comment_info":0,"uagb_excerpt":"O presidente Lula (PT) escreveu nas redes sociais nesta sexta-feira (1\u00ba) que o Brasil sempre esteve aberto ao di\u00e1logo com os Estados Unidos, horas ap\u00f3s o presidente americano, Donald Trump, ter afirmado que o petista poderia falar \u201ca qualquer hora\u201d com ele, ap\u00f3s um per\u00edodo de portas fechadas \u00e0 conversa. \u201cSempre estivemos abertos ao di\u00e1logo.&hellip;","jetpack_sharing_enabled":true,"jetpack_likes_enabled":true,"_links":{"self":[{"href":"https:\/\/blogopara.com.br\/index.php\/wp-json\/wp\/v2\/posts\/78212","targetHints":{"allow":["GET"]}}],"collection":[{"href":"https:\/\/blogopara.com.br\/index.php\/wp-json\/wp\/v2\/posts"}],"about":[{"href":"https:\/\/blogopara.com.br\/index.php\/wp-json\/wp\/v2\/types\/post"}],"author":[{"embeddable":true,"href":"https:\/\/blogopara.com.br\/index.php\/wp-json\/wp\/v2\/users\/1"}],"replies":[{"embeddable":true,"href":"https:\/\/blogopara.com.br\/index.php\/wp-json\/wp\/v2\/comments?post=78212"}],"version-history":[{"count":1,"href":"https:\/\/blogopara.com.br\/index.php\/wp-json\/wp\/v2\/posts\/78212\/revisions"}],"predecessor-version":[{"id":78213,"href":"https:\/\/blogopara.com.br\/index.php\/wp-json\/wp\/v2\/posts\/78212\/revisions\/78213"}],"wp:featuredmedia":[{"embeddable":true,"href":"https:\/\/blogopara.com.br\/index.php\/wp-json\/wp\/v2\/media\/36902"}],"wp:attachment":[{"href":"https:\/\/blogopara.com.br\/index.php\/wp-json\/wp\/v2\/media?parent=78212"}],"wp:term":[{"taxonomy":"category","embeddable":true,"href":"https:\/\/blogopara.com.br\/index.php\/wp-json\/wp\/v2\/categories?post=78212"},{"taxonomy":"post_tag","embeddable":true,"href":"https:\/\/blogopara.com.br\/index.php\/wp-json\/wp\/v2\/tags?post=78212"}],"curies":[{"name":"wp","href":"https:\/\/api.w.org\/{rel}","templated":true}]}}