{"id":78230,"date":"2025-08-02T13:07:27","date_gmt":"2025-08-02T16:07:27","guid":{"rendered":"https:\/\/blogopara.com.br\/?p=78230"},"modified":"2025-08-02T13:08:29","modified_gmt":"2025-08-02T16:08:29","slug":"opiniao-a-essencia-do-valor-pessoal","status":"publish","type":"post","link":"https:\/\/blogopara.com.br\/index.php\/2025\/08\/02\/opiniao-a-essencia-do-valor-pessoal","title":{"rendered":"Opini\u00e3o: A Ess\u00eancia do Valor Pessoal"},"content":{"rendered":"<p>Em um mundo t\u00e3o exigente e comparativo, conservar uma boa autoestima tornou-se um ato de coragem. Amar-se n\u00e3o \u00e9 ego\u00edsmo, \u00e9 reconhecimento de valor. Como bem disse o te\u00f3logo e reformador Martinho Lutero: \u201cA humildade n\u00e3o consiste em nos tornarmos menos do que somos, mas em reconhecer o valor que Deus nos deu.\u201d Quando voc\u00ea aprende a se olhar com gentileza, reconhecendo suas qualidades e limites, descobre que o respeito pr\u00f3prio \u00e9 o primeiro passo para qualquer transforma\u00e7\u00e3o significativa.<\/p>\n<p>Pessoas com autoestima saud\u00e1vel n\u00e3o s\u00e3o aquelas que nunca falham, mas as que seguem em frente apesar das falhas. Elas carregam consigo a virtude da resili\u00eancia, essa capacidade quase invis\u00edvel de se reconstruir quando tudo parece ruir. Como afirmou Victor Frankl, psiquiatra sobrevivente do Holocausto: \u201cTudo pode ser tirado de um homem, exceto uma coisa: a \u00faltima das liberdades humanas, escolher a atitude pessoal diante das circunst\u00e2ncias.\u201d Essa atitude resiliente nasce de quem sabe que vale a pena lutar por si mesmo. Augusto Cury tamb\u00e9m nos lembra: \u201cOs fracos julgam e culpam os outros pelos seus fracassos; os fortes descobrem a si mesmos e mudam o seu destino.\u201d A consci\u00eancia de que a mudan\u00e7a come\u00e7a dentro de n\u00f3s \u00e9 uma das maiores for\u00e7as que algu\u00e9m pode cultivar.<\/p>\n<p>O amor pr\u00f3prio \u00e9 o solo f\u00e9rtil onde brota toda forma de amor sincero. Quem n\u00e3o se reconhece digno de cuidado, dificilmente saber\u00e1 cuidar dos outros com plenitude. Eliana Sics\u00fa, em seu livro &#8220;Descubra quem voc\u00ea \u00e9&#8221;, escreve: \u201cA alma s\u00f3 floresce onde h\u00e1 acolhimento. E o primeiro abra\u00e7o que ela precisa receber \u00e9 o pr\u00f3prio.\u201d Sigmund Freud, pai da psican\u00e1lise, foi enf\u00e1tico ao afirmar: \u201cAmar a si mesmo \u00e9 o in\u00edcio de um romance que dura a vida inteira.\u201d Isso n\u00e3o \u00e9 vaidade, mas um princ\u00edpio de sa\u00fade emocional. A autovaloriza\u00e7\u00e3o n\u00e3o apenas fortalece a identidade, como tamb\u00e9m permite rela\u00e7\u00f5es mais equilibradas e saud\u00e1veis com os outros.<\/p>\n<p>Jesus Cristo, ao ensinar sobre o amor ao pr\u00f3ximo, revelou um princ\u00edpio profundo e muitas vezes negligenciado. \u201cAmar\u00e1s o teu pr\u00f3ximo como a ti mesmo\u201d (Mateus 22:39). Isso implica que o amor por si mesmo \u00e9 a medida e a base para amar o outro. Se n\u00e3o me amo, se me rejeito, se me considero indigno, como poderei amar algu\u00e9m com pureza de cora\u00e7\u00e3o? O mandamento do amor est\u00e1 enraizado na valoriza\u00e7\u00e3o da pr\u00f3pria exist\u00eancia. Portanto, cultive sua ess\u00eancia. Voc\u00ea n\u00e3o \u00e9 o que dizem, nem o que perdeu, nem os erros que cometeu. Voc\u00ea \u00e9 obra em constru\u00e7\u00e3o, carregando sementes de esperan\u00e7a e potencial. Como escreveu C. S. Lewis: \u201cVoc\u00ea n\u00e3o \u00e9 um corpo que possui uma alma. Voc\u00ea \u00e9 uma alma que possui um corpo.\u201d E almas, quando alimentadas com f\u00e9 e amor, se levantam at\u00e9 mesmo do p\u00f3 e florescem, por dentro e por fora.<\/p>\n<p>Teobaldo Pedro, pastor.<br \/>\nJuazeiro-BA.<\/p>\n","protected":false},"excerpt":{"rendered":"<p>Em um mundo t\u00e3o exigente e comparativo, conservar uma boa autoestima tornou-se um ato de coragem. Amar-se n\u00e3o \u00e9 ego\u00edsmo, \u00e9 reconhecimento de valor. Como bem disse o te\u00f3logo e reformador Martinho Lutero: \u201cA humildade n\u00e3o consiste em nos tornarmos menos do que somos, mas em reconhecer o valor que Deus nos deu.\u201d Quando voc\u00ea [&hellip;]<\/p>\n","protected":false},"author":1,"featured_media":11940,"comment_status":"open","ping_status":"open","sticky":false,"template":"","format":"standard","meta":{"_uag_custom_page_level_css":"","_monsterinsights_skip_tracking":false,"_monsterinsights_sitenote_active":false,"_monsterinsights_sitenote_note":"","_monsterinsights_sitenote_category":0,"jetpack_post_was_ever_published":false,"_jetpack_newsletter_access":"","_jetpack_dont_email_post_to_subs":false,"_jetpack_newsletter_tier_id":0,"_jetpack_memberships_contains_paywalled_content":false,"_jetpack_memberships_contains_paid_content":false,"footnotes":"","jetpack_publicize_message":"","jetpack_publicize_feature_enabled":true,"jetpack_social_post_already_shared":true,"jetpack_social_options":{"image_generator_settings":{"template":"highway","default_image_id":0,"font":"","enabled":false},"version":2}},"categories":[11785],"tags":[],"class_list":["post-78230","post","type-post","status-publish","format-standard","has-post-thumbnail","hentry","category-opiniao"],"jetpack_publicize_connections":[],"jetpack_featured_media_url":"https:\/\/blogopara.com.br\/wp-content\/uploads\/2020\/06\/Spy-Entrevista-Pr.-Teobaldo-Pedro-Pre-candidato-a-prefeito-em-Juazeiro-Bahia-Eleicoes-2020.jpg","uagb_featured_image_src":{"full":["https:\/\/blogopara.com.br\/wp-content\/uploads\/2020\/06\/Spy-Entrevista-Pr.-Teobaldo-Pedro-Pre-candidato-a-prefeito-em-Juazeiro-Bahia-Eleicoes-2020.jpg",500,289,false],"thumbnail":["https:\/\/blogopara.com.br\/wp-content\/uploads\/2020\/06\/Spy-Entrevista-Pr.-Teobaldo-Pedro-Pre-candidato-a-prefeito-em-Juazeiro-Bahia-Eleicoes-2020-150x150.jpg",150,150,true],"medium":["https:\/\/blogopara.com.br\/wp-content\/uploads\/2020\/06\/Spy-Entrevista-Pr.-Teobaldo-Pedro-Pre-candidato-a-prefeito-em-Juazeiro-Bahia-Eleicoes-2020-300x173.jpg",300,173,true],"medium_large":["https:\/\/blogopara.com.br\/wp-content\/uploads\/2020\/06\/Spy-Entrevista-Pr.-Teobaldo-Pedro-Pre-candidato-a-prefeito-em-Juazeiro-Bahia-Eleicoes-2020.jpg",500,289,false],"large":["https:\/\/blogopara.com.br\/wp-content\/uploads\/2020\/06\/Spy-Entrevista-Pr.-Teobaldo-Pedro-Pre-candidato-a-prefeito-em-Juazeiro-Bahia-Eleicoes-2020.jpg",500,289,false],"1536x1536":["https:\/\/blogopara.com.br\/wp-content\/uploads\/2020\/06\/Spy-Entrevista-Pr.-Teobaldo-Pedro-Pre-candidato-a-prefeito-em-Juazeiro-Bahia-Eleicoes-2020.jpg",500,289,false],"2048x2048":["https:\/\/blogopara.com.br\/wp-content\/uploads\/2020\/06\/Spy-Entrevista-Pr.-Teobaldo-Pedro-Pre-candidato-a-prefeito-em-Juazeiro-Bahia-Eleicoes-2020.jpg",500,289,false],"mantranews-slider-large":["https:\/\/blogopara.com.br\/wp-content\/uploads\/2020\/06\/Spy-Entrevista-Pr.-Teobaldo-Pedro-Pre-candidato-a-prefeito-em-Juazeiro-Bahia-Eleicoes-2020.jpg",500,289,false],"mantranews-featured-medium":["https:\/\/blogopara.com.br\/wp-content\/uploads\/2020\/06\/Spy-Entrevista-Pr.-Teobaldo-Pedro-Pre-candidato-a-prefeito-em-Juazeiro-Bahia-Eleicoes-2020-420x289.jpg",420,289,true],"mantranews-featured-long":["https:\/\/blogopara.com.br\/wp-content\/uploads\/2020\/06\/Spy-Entrevista-Pr.-Teobaldo-Pedro-Pre-candidato-a-prefeito-em-Juazeiro-Bahia-Eleicoes-2020-300x289.jpg",300,289,true],"mantranews-block-medium":["https:\/\/blogopara.com.br\/wp-content\/uploads\/2020\/06\/Spy-Entrevista-Pr.-Teobaldo-Pedro-Pre-candidato-a-prefeito-em-Juazeiro-Bahia-Eleicoes-2020-464x289.jpg",464,289,true],"mantranews-carousel-image":["https:\/\/blogopara.com.br\/wp-content\/uploads\/2020\/06\/Spy-Entrevista-Pr.-Teobaldo-Pedro-Pre-candidato-a-prefeito-em-Juazeiro-Bahia-Eleicoes-2020.jpg",500,289,false],"mantranews-block-thumb":["https:\/\/blogopara.com.br\/wp-content\/uploads\/2020\/06\/Spy-Entrevista-Pr.-Teobaldo-Pedro-Pre-candidato-a-prefeito-em-Juazeiro-Bahia-Eleicoes-2020.jpg",322,186,false],"mantranews-single-large":["https:\/\/blogopara.com.br\/wp-content\/uploads\/2020\/06\/Spy-Entrevista-Pr.-Teobaldo-Pedro-Pre-candidato-a-prefeito-em-Juazeiro-Bahia-Eleicoes-2020.jpg",500,289,false]},"uagb_author_info":{"display_name":"Reda\u00e7\u00e3o geral","author_link":"https:\/\/blogopara.com.br\/index.php\/author\/blogopara"},"uagb_comment_info":0,"uagb_excerpt":"Em um mundo t\u00e3o exigente e comparativo, conservar uma boa autoestima tornou-se um ato de coragem. Amar-se n\u00e3o \u00e9 ego\u00edsmo, \u00e9 reconhecimento de valor. Como bem disse o te\u00f3logo e reformador Martinho Lutero: \u201cA humildade n\u00e3o consiste em nos tornarmos menos do que somos, mas em reconhecer o valor que Deus nos deu.\u201d Quando voc\u00ea&hellip;","jetpack_sharing_enabled":true,"jetpack_likes_enabled":true,"_links":{"self":[{"href":"https:\/\/blogopara.com.br\/index.php\/wp-json\/wp\/v2\/posts\/78230","targetHints":{"allow":["GET"]}}],"collection":[{"href":"https:\/\/blogopara.com.br\/index.php\/wp-json\/wp\/v2\/posts"}],"about":[{"href":"https:\/\/blogopara.com.br\/index.php\/wp-json\/wp\/v2\/types\/post"}],"author":[{"embeddable":true,"href":"https:\/\/blogopara.com.br\/index.php\/wp-json\/wp\/v2\/users\/1"}],"replies":[{"embeddable":true,"href":"https:\/\/blogopara.com.br\/index.php\/wp-json\/wp\/v2\/comments?post=78230"}],"version-history":[{"count":2,"href":"https:\/\/blogopara.com.br\/index.php\/wp-json\/wp\/v2\/posts\/78230\/revisions"}],"predecessor-version":[{"id":78232,"href":"https:\/\/blogopara.com.br\/index.php\/wp-json\/wp\/v2\/posts\/78230\/revisions\/78232"}],"wp:featuredmedia":[{"embeddable":true,"href":"https:\/\/blogopara.com.br\/index.php\/wp-json\/wp\/v2\/media\/11940"}],"wp:attachment":[{"href":"https:\/\/blogopara.com.br\/index.php\/wp-json\/wp\/v2\/media?parent=78230"}],"wp:term":[{"taxonomy":"category","embeddable":true,"href":"https:\/\/blogopara.com.br\/index.php\/wp-json\/wp\/v2\/categories?post=78230"},{"taxonomy":"post_tag","embeddable":true,"href":"https:\/\/blogopara.com.br\/index.php\/wp-json\/wp\/v2\/tags?post=78230"}],"curies":[{"name":"wp","href":"https:\/\/api.w.org\/{rel}","templated":true}]}}