{"id":78243,"date":"2025-08-03T11:39:29","date_gmt":"2025-08-03T14:39:29","guid":{"rendered":"https:\/\/blogopara.com.br\/?p=78243"},"modified":"2025-08-03T11:39:29","modified_gmt":"2025-08-03T14:39:29","slug":"secretaria-de-educacao-de-juazeiro-promove-live-formativa-com-foco-na-preparacao-da-rede-para-as-avaliacoes-externas","status":"publish","type":"post","link":"https:\/\/blogopara.com.br\/index.php\/2025\/08\/03\/secretaria-de-educacao-de-juazeiro-promove-live-formativa-com-foco-na-preparacao-da-rede-para-as-avaliacoes-externas","title":{"rendered":"Secretaria de Educa\u00e7\u00e3o de Juazeiro promove live formativa com foco na prepara\u00e7\u00e3o da rede para as avalia\u00e7\u00f5es externas"},"content":{"rendered":"<p>Professores, gestores, vice-gestores e coordenadores pedag\u00f3gicos da rede municipal de ensino se reuniram nesta sexta-feira (01), durante o planejamento escolar, para um momento formativo diferente. Os servidores assistiram \u00e0 uma live sobre a utiliza\u00e7\u00e3o do material did\u00e1tico Sabe Brasil, que foi encaminhado \u00e0s escolas.<\/p>\n<p>O material da Editora LT visa refor\u00e7ar a prepara\u00e7\u00e3o dos estudantes para as avalia\u00e7\u00f5es externas do Sistema de Avalia\u00e7\u00e3o da Educa\u00e7\u00e3o B\u00e1sica\/SAEB e do Sistema de Avalia\u00e7\u00e3o Baiano de Educa\u00e7\u00e3o\/SABE. As provas s\u00e3o uns dos principais indicadores para a determina\u00e7\u00e3o do \u00cdndice de Desenvolvimento da Educa\u00e7\u00e3o B\u00e1sica\/Ideb e do \u00cdndice de Desenvolvimento da Educa\u00e7\u00e3o da Bahia\/Ideba.<\/p>\n<p>Durante a live, mediada pela diretora de Ensino da Secretaria de Educa\u00e7\u00e3o de Juazeiro\/Seduc, Carla Cunha, o representante da Editora LT, David de Almeida Souza, falou sobre a utiliza\u00e7\u00e3o da plataforma e do material did\u00e1tico, sobre o acompanhamento da equipe pedag\u00f3gica no processo de prepara\u00e7\u00e3o para as avalia\u00e7\u00f5es externas e respondeu \u00e0s d\u00favidas dos professores.<\/p>\n<p>&nbsp;<\/p>\n<p>Eneida Trindade \u2013 Ascom\/PMJ<\/p>\n","protected":false},"excerpt":{"rendered":"<p>Professores, gestores, vice-gestores e coordenadores pedag\u00f3gicos da rede municipal de ensino se reuniram nesta sexta-feira (01), durante o planejamento escolar, para um momento formativo diferente. Os servidores assistiram \u00e0 uma live sobre a utiliza\u00e7\u00e3o do material did\u00e1tico Sabe Brasil, que foi encaminhado \u00e0s escolas. O material da Editora LT visa refor\u00e7ar a prepara\u00e7\u00e3o dos estudantes [&hellip;]<\/p>\n","protected":false},"author":1,"featured_media":78244,"comment_status":"open","ping_status":"open","sticky":false,"template":"","format":"standard","meta":{"_uag_custom_page_level_css":"","_monsterinsights_skip_tracking":false,"_monsterinsights_sitenote_active":false,"_monsterinsights_sitenote_note":"","_monsterinsights_sitenote_category":0,"jetpack_post_was_ever_published":false,"_jetpack_newsletter_access":"","_jetpack_dont_email_post_to_subs":false,"_jetpack_newsletter_tier_id":0,"_jetpack_memberships_contains_paywalled_content":false,"_jetpack_memberships_contains_paid_content":false,"footnotes":"","jetpack_publicize_message":"","jetpack_publicize_feature_enabled":true,"jetpack_social_post_already_shared":true,"jetpack_social_options":{"image_generator_settings":{"template":"highway","default_image_id":0,"font":"","enabled":false},"version":2}},"categories":[209],"tags":[],"class_list":["post-78243","post","type-post","status-publish","format-standard","has-post-thumbnail","hentry","category-educacao"],"jetpack_publicize_connections":[],"jetpack_featured_media_url":"https:\/\/blogopara.com.br\/wp-content\/uploads\/2025\/08\/WhatsApp-Image-2025-08-01-at-12.08.58-1536x864-1.jpeg","uagb_featured_image_src":{"full":["https:\/\/blogopara.com.br\/wp-content\/uploads\/2025\/08\/WhatsApp-Image-2025-08-01-at-12.08.58-1536x864-1.jpeg",500,281,false],"thumbnail":["https:\/\/blogopara.com.br\/wp-content\/uploads\/2025\/08\/WhatsApp-Image-2025-08-01-at-12.08.58-1536x864-1-150x150.jpeg",150,150,true],"medium":["https:\/\/blogopara.com.br\/wp-content\/uploads\/2025\/08\/WhatsApp-Image-2025-08-01-at-12.08.58-1536x864-1-300x169.jpeg",300,169,true],"medium_large":["https:\/\/blogopara.com.br\/wp-content\/uploads\/2025\/08\/WhatsApp-Image-2025-08-01-at-12.08.58-1536x864-1.jpeg",500,281,false],"large":["https:\/\/blogopara.com.br\/wp-content\/uploads\/2025\/08\/WhatsApp-Image-2025-08-01-at-12.08.58-1536x864-1.jpeg",500,281,false],"1536x1536":["https:\/\/blogopara.com.br\/wp-content\/uploads\/2025\/08\/WhatsApp-Image-2025-08-01-at-12.08.58-1536x864-1.jpeg",500,281,false],"2048x2048":["https:\/\/blogopara.com.br\/wp-content\/uploads\/2025\/08\/WhatsApp-Image-2025-08-01-at-12.08.58-1536x864-1.jpeg",500,281,false],"mantranews-slider-large":["https:\/\/blogopara.com.br\/wp-content\/uploads\/2025\/08\/WhatsApp-Image-2025-08-01-at-12.08.58-1536x864-1.jpeg",500,281,false],"mantranews-featured-medium":["https:\/\/blogopara.com.br\/wp-content\/uploads\/2025\/08\/WhatsApp-Image-2025-08-01-at-12.08.58-1536x864-1-420x281.jpeg",420,281,true],"mantranews-featured-long":["https:\/\/blogopara.com.br\/wp-content\/uploads\/2025\/08\/WhatsApp-Image-2025-08-01-at-12.08.58-1536x864-1-300x281.jpeg",300,281,true],"mantranews-block-medium":["https:\/\/blogopara.com.br\/wp-content\/uploads\/2025\/08\/WhatsApp-Image-2025-08-01-at-12.08.58-1536x864-1-464x281.jpeg",464,281,true],"mantranews-carousel-image":["https:\/\/blogopara.com.br\/wp-content\/uploads\/2025\/08\/WhatsApp-Image-2025-08-01-at-12.08.58-1536x864-1.jpeg",500,281,false],"mantranews-block-thumb":["https:\/\/blogopara.com.br\/wp-content\/uploads\/2025\/08\/WhatsApp-Image-2025-08-01-at-12.08.58-1536x864-1-322x230.jpeg",322,230,true],"mantranews-single-large":["https:\/\/blogopara.com.br\/wp-content\/uploads\/2025\/08\/WhatsApp-Image-2025-08-01-at-12.08.58-1536x864-1.jpeg",500,281,false]},"uagb_author_info":{"display_name":"Reda\u00e7\u00e3o geral","author_link":"https:\/\/blogopara.com.br\/index.php\/author\/blogopara"},"uagb_comment_info":0,"uagb_excerpt":"Professores, gestores, vice-gestores e coordenadores pedag\u00f3gicos da rede municipal de ensino se reuniram nesta sexta-feira (01), durante o planejamento escolar, para um momento formativo diferente. Os servidores assistiram \u00e0 uma live sobre a utiliza\u00e7\u00e3o do material did\u00e1tico Sabe Brasil, que foi encaminhado \u00e0s escolas. O material da Editora LT visa refor\u00e7ar a prepara\u00e7\u00e3o dos estudantes&hellip;","jetpack_sharing_enabled":true,"jetpack_likes_enabled":true,"_links":{"self":[{"href":"https:\/\/blogopara.com.br\/index.php\/wp-json\/wp\/v2\/posts\/78243","targetHints":{"allow":["GET"]}}],"collection":[{"href":"https:\/\/blogopara.com.br\/index.php\/wp-json\/wp\/v2\/posts"}],"about":[{"href":"https:\/\/blogopara.com.br\/index.php\/wp-json\/wp\/v2\/types\/post"}],"author":[{"embeddable":true,"href":"https:\/\/blogopara.com.br\/index.php\/wp-json\/wp\/v2\/users\/1"}],"replies":[{"embeddable":true,"href":"https:\/\/blogopara.com.br\/index.php\/wp-json\/wp\/v2\/comments?post=78243"}],"version-history":[{"count":2,"href":"https:\/\/blogopara.com.br\/index.php\/wp-json\/wp\/v2\/posts\/78243\/revisions"}],"predecessor-version":[{"id":78246,"href":"https:\/\/blogopara.com.br\/index.php\/wp-json\/wp\/v2\/posts\/78243\/revisions\/78246"}],"wp:featuredmedia":[{"embeddable":true,"href":"https:\/\/blogopara.com.br\/index.php\/wp-json\/wp\/v2\/media\/78244"}],"wp:attachment":[{"href":"https:\/\/blogopara.com.br\/index.php\/wp-json\/wp\/v2\/media?parent=78243"}],"wp:term":[{"taxonomy":"category","embeddable":true,"href":"https:\/\/blogopara.com.br\/index.php\/wp-json\/wp\/v2\/categories?post=78243"},{"taxonomy":"post_tag","embeddable":true,"href":"https:\/\/blogopara.com.br\/index.php\/wp-json\/wp\/v2\/tags?post=78243"}],"curies":[{"name":"wp","href":"https:\/\/api.w.org\/{rel}","templated":true}]}}