{"id":78274,"date":"2025-08-04T15:22:21","date_gmt":"2025-08-04T18:22:21","guid":{"rendered":"https:\/\/blogopara.com.br\/?p=78274"},"modified":"2025-08-04T15:22:21","modified_gmt":"2025-08-04T18:22:21","slug":"jeronimo-ironiza-pesquisa-para-governo-do-estado-que-aponta-acm-neto-na-lideranca-pelo-menos-agora-me-colocaram-com-30","status":"publish","type":"post","link":"https:\/\/blogopara.com.br\/index.php\/2025\/08\/04\/jeronimo-ironiza-pesquisa-para-governo-do-estado-que-aponta-acm-neto-na-lideranca-pelo-menos-agora-me-colocaram-com-30","title":{"rendered":"Jer\u00f4nimo ironiza pesquisa para governo do Estado que aponta ACM Neto na lideran\u00e7a: \u2018Pelo menos agora me colocaram com 30%\u2019"},"content":{"rendered":"<div class=\"flexivel-interno\">\n<div class=\"fb-like fb_iframe_widget\" data-href=\"https:\/\/politicalivre.com.br\/2025\/08\/jeronimo-ironiza-pesquisa-para-governo-do-estado-que-aponta-acm-neto-liderando-pelo-menos-agora-me-colocaram-com-30\/\" data-width=\"\" data-layout=\"button_count\" data-action=\"like\" data-size=\"small\" data-show-faces=\"true\" data-share=\"false\"><span style=\"font-size: 1rem;\">O governador Jer\u00f4nimo Rodrigues (PT) comentou os resultados da mais recente pesquisa do Paran\u00e1 Pesquisas, divulgada na \u00faltima quinta-feira (31), que apontou o ex-prefeito de Salvador, ACM Neto (Uni\u00e3o Brasil), com 53,5% das inten\u00e7\u00f5es de voto para 2026, contra 28,1% do atual governador. Durante reuni\u00e3o com representantes da Federa\u00e7\u00e3o das Ind\u00fastrias do Estado da Bahia (FIEB), nesta segunda-feira (4), em Salvador, Jer\u00f4nimo ressaltou, em tom de ironia, que sua pontua\u00e7\u00e3o subiu de 5% ou 6% na sua primeira elei\u00e7\u00e3o para cerca de 30%.<\/span><\/div>\n<\/div>\n<p>Ao comentar os \u00edndices, o governador afirmou: \u201cPelo menos agora me colocaram com 30, foi quanto? Em 20 ou 30, pelo menos me colocaram com 30, n\u00e9? Aquela primeira l\u00e1 eu tava com 5, com 6, j\u00e1 me colocaram com 30, eu estou bem melhor. Mas o que interessa \u00e9 a gente trabalhar\u02dc, disse.<\/p>\n<p>Jer\u00f4nimo ressaltou que acompanha regularmente pesquisas internas, focadas na aceita\u00e7\u00e3o de suas pol\u00edticas p\u00fablicas em diferentes regi\u00f5es do estado, e que esses dados pr\u00f3prios \u02dcdivergem das pesquisas de institutos externos\u02dc. O governador refor\u00e7ou, ainda, que segue mobilizado em agenda intensa, com viagens constantes ao interior para implementa\u00e7\u00e3o de pol\u00edticas p\u00fablicas, gera\u00e7\u00e3o de emprego e renda.<\/p>\n<p>&nbsp;<\/p>\n<p><span class=\"assinatura_exclusiva\">Pol\u00edtica Livre<\/span><\/p>\n","protected":false},"excerpt":{"rendered":"<p>O governador Jer\u00f4nimo Rodrigues (PT) comentou os resultados da mais recente pesquisa do Paran\u00e1 Pesquisas, divulgada na \u00faltima quinta-feira (31), que apontou o ex-prefeito de Salvador, ACM Neto (Uni\u00e3o Brasil), com 53,5% das inten\u00e7\u00f5es de voto para 2026, contra 28,1% do atual governador. Durante reuni\u00e3o com representantes da Federa\u00e7\u00e3o das Ind\u00fastrias do Estado da Bahia [&hellip;]<\/p>\n","protected":false},"author":1,"featured_media":47951,"comment_status":"open","ping_status":"open","sticky":false,"template":"","format":"standard","meta":{"_uag_custom_page_level_css":"","_monsterinsights_skip_tracking":false,"_monsterinsights_sitenote_active":false,"_monsterinsights_sitenote_note":"","_monsterinsights_sitenote_category":0,"jetpack_post_was_ever_published":false,"_jetpack_newsletter_access":"","_jetpack_dont_email_post_to_subs":false,"_jetpack_newsletter_tier_id":0,"_jetpack_memberships_contains_paywalled_content":false,"_jetpack_memberships_contains_paid_content":false,"footnotes":"","jetpack_publicize_message":"","jetpack_publicize_feature_enabled":true,"jetpack_social_post_already_shared":true,"jetpack_social_options":{"image_generator_settings":{"template":"highway","default_image_id":0,"font":"","enabled":false},"version":2}},"categories":[199,197],"tags":[],"class_list":["post-78274","post","type-post","status-publish","format-standard","has-post-thumbnail","hentry","category-bahia","category-politica"],"jetpack_publicize_connections":[],"jetpack_featured_media_url":"https:\/\/blogopara.com.br\/wp-content\/uploads\/2022\/12\/jeronimo-rodrigues-e-secretario-de-educacao-da-bahia-1647008775974_v2_1x1.jpg","uagb_featured_image_src":{"full":["https:\/\/blogopara.com.br\/wp-content\/uploads\/2022\/12\/jeronimo-rodrigues-e-secretario-de-educacao-da-bahia-1647008775974_v2_1x1.jpg",500,500,false],"thumbnail":["https:\/\/blogopara.com.br\/wp-content\/uploads\/2022\/12\/jeronimo-rodrigues-e-secretario-de-educacao-da-bahia-1647008775974_v2_1x1-150x150.jpg",150,150,true],"medium":["https:\/\/blogopara.com.br\/wp-content\/uploads\/2022\/12\/jeronimo-rodrigues-e-secretario-de-educacao-da-bahia-1647008775974_v2_1x1-300x300.jpg",300,300,true],"medium_large":["https:\/\/blogopara.com.br\/wp-content\/uploads\/2022\/12\/jeronimo-rodrigues-e-secretario-de-educacao-da-bahia-1647008775974_v2_1x1.jpg",500,500,false],"large":["https:\/\/blogopara.com.br\/wp-content\/uploads\/2022\/12\/jeronimo-rodrigues-e-secretario-de-educacao-da-bahia-1647008775974_v2_1x1.jpg",500,500,false],"1536x1536":["https:\/\/blogopara.com.br\/wp-content\/uploads\/2022\/12\/jeronimo-rodrigues-e-secretario-de-educacao-da-bahia-1647008775974_v2_1x1.jpg",500,500,false],"2048x2048":["https:\/\/blogopara.com.br\/wp-content\/uploads\/2022\/12\/jeronimo-rodrigues-e-secretario-de-educacao-da-bahia-1647008775974_v2_1x1.jpg",500,500,false],"mantranews-slider-large":["https:\/\/blogopara.com.br\/wp-content\/uploads\/2022\/12\/jeronimo-rodrigues-e-secretario-de-educacao-da-bahia-1647008775974_v2_1x1.jpg",500,500,false],"mantranews-featured-medium":["https:\/\/blogopara.com.br\/wp-content\/uploads\/2022\/12\/jeronimo-rodrigues-e-secretario-de-educacao-da-bahia-1647008775974_v2_1x1-420x307.jpg",420,307,true],"mantranews-featured-long":["https:\/\/blogopara.com.br\/wp-content\/uploads\/2022\/12\/jeronimo-rodrigues-e-secretario-de-educacao-da-bahia-1647008775974_v2_1x1-300x443.jpg",300,443,true],"mantranews-block-medium":["https:\/\/blogopara.com.br\/wp-content\/uploads\/2022\/12\/jeronimo-rodrigues-e-secretario-de-educacao-da-bahia-1647008775974_v2_1x1-464x290.jpg",464,290,true],"mantranews-carousel-image":["https:\/\/blogopara.com.br\/wp-content\/uploads\/2022\/12\/jeronimo-rodrigues-e-secretario-de-educacao-da-bahia-1647008775974_v2_1x1.jpg",500,500,false],"mantranews-block-thumb":["https:\/\/blogopara.com.br\/wp-content\/uploads\/2022\/12\/jeronimo-rodrigues-e-secretario-de-educacao-da-bahia-1647008775974_v2_1x1-322x230.jpg",322,230,true],"mantranews-single-large":["https:\/\/blogopara.com.br\/wp-content\/uploads\/2022\/12\/jeronimo-rodrigues-e-secretario-de-educacao-da-bahia-1647008775974_v2_1x1.jpg",500,500,false]},"uagb_author_info":{"display_name":"Reda\u00e7\u00e3o geral","author_link":"https:\/\/blogopara.com.br\/index.php\/author\/blogopara"},"uagb_comment_info":0,"uagb_excerpt":"O governador Jer\u00f4nimo Rodrigues (PT) comentou os resultados da mais recente pesquisa do Paran\u00e1 Pesquisas, divulgada na \u00faltima quinta-feira (31), que apontou o ex-prefeito de Salvador, ACM Neto (Uni\u00e3o Brasil), com 53,5% das inten\u00e7\u00f5es de voto para 2026, contra 28,1% do atual governador. Durante reuni\u00e3o com representantes da Federa\u00e7\u00e3o das Ind\u00fastrias do Estado da Bahia&hellip;","jetpack_sharing_enabled":true,"jetpack_likes_enabled":true,"_links":{"self":[{"href":"https:\/\/blogopara.com.br\/index.php\/wp-json\/wp\/v2\/posts\/78274","targetHints":{"allow":["GET"]}}],"collection":[{"href":"https:\/\/blogopara.com.br\/index.php\/wp-json\/wp\/v2\/posts"}],"about":[{"href":"https:\/\/blogopara.com.br\/index.php\/wp-json\/wp\/v2\/types\/post"}],"author":[{"embeddable":true,"href":"https:\/\/blogopara.com.br\/index.php\/wp-json\/wp\/v2\/users\/1"}],"replies":[{"embeddable":true,"href":"https:\/\/blogopara.com.br\/index.php\/wp-json\/wp\/v2\/comments?post=78274"}],"version-history":[{"count":1,"href":"https:\/\/blogopara.com.br\/index.php\/wp-json\/wp\/v2\/posts\/78274\/revisions"}],"predecessor-version":[{"id":78275,"href":"https:\/\/blogopara.com.br\/index.php\/wp-json\/wp\/v2\/posts\/78274\/revisions\/78275"}],"wp:featuredmedia":[{"embeddable":true,"href":"https:\/\/blogopara.com.br\/index.php\/wp-json\/wp\/v2\/media\/47951"}],"wp:attachment":[{"href":"https:\/\/blogopara.com.br\/index.php\/wp-json\/wp\/v2\/media?parent=78274"}],"wp:term":[{"taxonomy":"category","embeddable":true,"href":"https:\/\/blogopara.com.br\/index.php\/wp-json\/wp\/v2\/categories?post=78274"},{"taxonomy":"post_tag","embeddable":true,"href":"https:\/\/blogopara.com.br\/index.php\/wp-json\/wp\/v2\/tags?post=78274"}],"curies":[{"name":"wp","href":"https:\/\/api.w.org\/{rel}","templated":true}]}}