{"id":78341,"date":"2025-08-06T13:09:00","date_gmt":"2025-08-06T16:09:00","guid":{"rendered":"https:\/\/blogopara.com.br\/?p=78341"},"modified":"2025-08-06T13:09:00","modified_gmt":"2025-08-06T16:09:00","slug":"impasse-envolvendo-jeronimo-lupi-e-prefeito-de-juazeiro-trava-pre-candidatura-de-roberto-carlos-a-deputado-federal","status":"publish","type":"post","link":"https:\/\/blogopara.com.br\/index.php\/2025\/08\/06\/impasse-envolvendo-jeronimo-lupi-e-prefeito-de-juazeiro-trava-pre-candidatura-de-roberto-carlos-a-deputado-federal","title":{"rendered":"Impasse envolvendo Jer\u00f4nimo, Lupi e prefeito de Juazeiro trava pr\u00e9-candidatura de Roberto Carlos a deputado federal"},"content":{"rendered":"<p>Os planos do deputado estadual Roberto Carlos (PV) em concorrer a uma cadeira na C\u00e2mara dos Deputados em 2026 est\u00e3o, por ora, congelados diante do impasse do governador Jer\u00f4nimo Rodrigues (PT), o presidente nacional do PDT, Carlos Lupi, e o prefeito de Juazeiro, Andrei Gon\u00e7alves (MDB), fiadores do convite inicial para que ele tente um novo voo para Bras\u00edlia.<\/p>\n<p>A eventual candidatura ocorrer\u00e1 pelo PDT, partido que recomp\u00f4s recentemente a alian\u00e7a com o governo do PT na Bahia, sob a condi\u00e7\u00e3o de o governador viabilizar o apoio a uma cadeira federal.<\/p>\n<p>\u201cEu recebi o convite do PDT, atrav\u00e9s do presidente nacional, Carlos Lupi, para voltar ao partido e ser candidato a deputado federal, porque ele teria um pr\u00e9-acordo com o governador Jer\u00f4nimo Rodrigues, que o governador ajudaria na aquisi\u00e7\u00e3o de um deputado federal, porque supostamente para o partido voltar \u00e0 base de Jer\u00f4nimo teria que ganhar um deputado federal. E a\u00ed, depois disso, o governador ligou para mim dizendo que o PDT estava de volta e gostaria muito que eu fosse candidato a deputado federal. Nesse mesmo tempo, o prefeito de Juazeiro, Andrei Gon\u00e7alves, quer que Juazeiro tenha um deputado federal\u201d, disse Roberto Carlos nesta ter\u00e7a-feira (5), na retomada dos trabalhos na Assembleia Legislativa da Bahia (AL-BA).<\/p>\n<p>Em tese, ele seria o representante federal do PDT, ao lado do presidente estadual F\u00e9lix Mendon\u00e7a Jr., no espa\u00e7o a ser deixado pelo deputado federal Leo Prates, cuja tend\u00eancia \u00e9 migrar para outra legenda a fim de manter o apoio ao ex-prefeito de Salvador, ACM Neto (Uni\u00e3o Brasil).<\/p>\n<p>\u201cOs tr\u00eas querem que eu seja candidato a deputado federal, o governador, o presidente Lupi e o prefeito Andrei, mas eu disse a eles que s\u00f3 seria candidato a deputado federal se tivesse os tr\u00eas juntos num prop\u00f3sito que pudesse buscar mecanismo para me ajudar a chegar a deputado federal, embora os tr\u00eas nunca sentaram, nunca fizeram uma conversa entre os tr\u00eas e comigo, por isso que eu estou fazendo a minha campanha e o meu pensamento \u00e9 para ser deputado estadual\u201d, afirmou Roberto Carlos, ao detalhar o impasse.<\/p>\n<p>Enquanto o acerto segue em aberto, Roberto j\u00e1 trabalha visando a reelei\u00e7\u00e3o como estadual pelo PV, legenda que esteve em federa\u00e7\u00e3o com o PT e o PCdoB em 2022, mas que tem composi\u00e7\u00e3o incerta para 26.<\/p>\n<p>\u201cSe os tr\u00eas sentarem ainda, disse ontem em reuni\u00e3o com o prefeito de Juazeiro, Andrei, que se os tr\u00eas sentarem, eu tenho uma possibilidade ainda de sair candidato deputado federal. N\u00e3o sentando, eu sou candidato \u00e0 reelei\u00e7\u00e3o no Partido Verde\u201d, arrematou.<\/p>\n<p>A ideia de ter um federal pr\u00f3prio de Juazeiro leva em conta que munic\u00edpios de porte menor j\u00e1 conseguiram emplacar seus representantes nativos na C\u00e2mara Federal, como Elmar Nascimento (Uni\u00e3o Brasil) por Campo Formoso, Adolfo Viana (PSDB) por Casa Nova, Mario Negromonte Jr. por Paulo Afonso e Ricardo Maia por Ribeira do Pombal, para citar alguns exemplos.<\/p>\n<p>&nbsp;<\/p>\n<p><span class=\"assinatura_exclusiva\">Pol\u00edtica Livre<\/span><\/p>\n","protected":false},"excerpt":{"rendered":"<p>Os planos do deputado estadual Roberto Carlos (PV) em concorrer a uma cadeira na C\u00e2mara dos Deputados em 2026 est\u00e3o, por ora, congelados diante do impasse do governador Jer\u00f4nimo Rodrigues (PT), o presidente nacional do PDT, Carlos Lupi, e o prefeito de Juazeiro, Andrei Gon\u00e7alves (MDB), fiadores do convite inicial para que ele tente um [&hellip;]<\/p>\n","protected":false},"author":1,"featured_media":70019,"comment_status":"open","ping_status":"open","sticky":false,"template":"","format":"standard","meta":{"_uag_custom_page_level_css":"","_monsterinsights_skip_tracking":false,"_monsterinsights_sitenote_active":false,"_monsterinsights_sitenote_note":"","_monsterinsights_sitenote_category":0,"jetpack_post_was_ever_published":false,"_jetpack_newsletter_access":"","_jetpack_dont_email_post_to_subs":false,"_jetpack_newsletter_tier_id":0,"_jetpack_memberships_contains_paywalled_content":false,"_jetpack_memberships_contains_paid_content":false,"footnotes":"","jetpack_publicize_message":"","jetpack_publicize_feature_enabled":true,"jetpack_social_post_already_shared":true,"jetpack_social_options":{"image_generator_settings":{"template":"highway","default_image_id":0,"font":"","enabled":false},"version":2}},"categories":[199,197],"tags":[],"class_list":["post-78341","post","type-post","status-publish","format-standard","has-post-thumbnail","hentry","category-bahia","category-politica"],"jetpack_publicize_connections":[],"jetpack_featured_media_url":"https:\/\/blogopara.com.br\/wp-content\/uploads\/2024\/11\/roberto_caros_deputado_2_widelg_widelg.jpeg","uagb_featured_image_src":{"full":["https:\/\/blogopara.com.br\/wp-content\/uploads\/2024\/11\/roberto_caros_deputado_2_widelg_widelg.jpeg",500,281,false],"thumbnail":["https:\/\/blogopara.com.br\/wp-content\/uploads\/2024\/11\/roberto_caros_deputado_2_widelg_widelg-150x150.jpeg",150,150,true],"medium":["https:\/\/blogopara.com.br\/wp-content\/uploads\/2024\/11\/roberto_caros_deputado_2_widelg_widelg-300x169.jpeg",300,169,true],"medium_large":["https:\/\/blogopara.com.br\/wp-content\/uploads\/2024\/11\/roberto_caros_deputado_2_widelg_widelg.jpeg",500,281,false],"large":["https:\/\/blogopara.com.br\/wp-content\/uploads\/2024\/11\/roberto_caros_deputado_2_widelg_widelg.jpeg",500,281,false],"1536x1536":["https:\/\/blogopara.com.br\/wp-content\/uploads\/2024\/11\/roberto_caros_deputado_2_widelg_widelg.jpeg",500,281,false],"2048x2048":["https:\/\/blogopara.com.br\/wp-content\/uploads\/2024\/11\/roberto_caros_deputado_2_widelg_widelg.jpeg",500,281,false],"mantranews-slider-large":["https:\/\/blogopara.com.br\/wp-content\/uploads\/2024\/11\/roberto_caros_deputado_2_widelg_widelg.jpeg",500,281,false],"mantranews-featured-medium":["https:\/\/blogopara.com.br\/wp-content\/uploads\/2024\/11\/roberto_caros_deputado_2_widelg_widelg-420x281.jpeg",420,281,true],"mantranews-featured-long":["https:\/\/blogopara.com.br\/wp-content\/uploads\/2024\/11\/roberto_caros_deputado_2_widelg_widelg-300x281.jpeg",300,281,true],"mantranews-block-medium":["https:\/\/blogopara.com.br\/wp-content\/uploads\/2024\/11\/roberto_caros_deputado_2_widelg_widelg-464x281.jpeg",464,281,true],"mantranews-carousel-image":["https:\/\/blogopara.com.br\/wp-content\/uploads\/2024\/11\/roberto_caros_deputado_2_widelg_widelg.jpeg",500,281,false],"mantranews-block-thumb":["https:\/\/blogopara.com.br\/wp-content\/uploads\/2024\/11\/roberto_caros_deputado_2_widelg_widelg-322x230.jpeg",322,230,true],"mantranews-single-large":["https:\/\/blogopara.com.br\/wp-content\/uploads\/2024\/11\/roberto_caros_deputado_2_widelg_widelg.jpeg",500,281,false]},"uagb_author_info":{"display_name":"Reda\u00e7\u00e3o geral","author_link":"https:\/\/blogopara.com.br\/index.php\/author\/blogopara"},"uagb_comment_info":0,"uagb_excerpt":"Os planos do deputado estadual Roberto Carlos (PV) em concorrer a uma cadeira na C\u00e2mara dos Deputados em 2026 est\u00e3o, por ora, congelados diante do impasse do governador Jer\u00f4nimo Rodrigues (PT), o presidente nacional do PDT, Carlos Lupi, e o prefeito de Juazeiro, Andrei Gon\u00e7alves (MDB), fiadores do convite inicial para que ele tente um&hellip;","jetpack_sharing_enabled":true,"jetpack_likes_enabled":true,"_links":{"self":[{"href":"https:\/\/blogopara.com.br\/index.php\/wp-json\/wp\/v2\/posts\/78341","targetHints":{"allow":["GET"]}}],"collection":[{"href":"https:\/\/blogopara.com.br\/index.php\/wp-json\/wp\/v2\/posts"}],"about":[{"href":"https:\/\/blogopara.com.br\/index.php\/wp-json\/wp\/v2\/types\/post"}],"author":[{"embeddable":true,"href":"https:\/\/blogopara.com.br\/index.php\/wp-json\/wp\/v2\/users\/1"}],"replies":[{"embeddable":true,"href":"https:\/\/blogopara.com.br\/index.php\/wp-json\/wp\/v2\/comments?post=78341"}],"version-history":[{"count":1,"href":"https:\/\/blogopara.com.br\/index.php\/wp-json\/wp\/v2\/posts\/78341\/revisions"}],"predecessor-version":[{"id":78342,"href":"https:\/\/blogopara.com.br\/index.php\/wp-json\/wp\/v2\/posts\/78341\/revisions\/78342"}],"wp:featuredmedia":[{"embeddable":true,"href":"https:\/\/blogopara.com.br\/index.php\/wp-json\/wp\/v2\/media\/70019"}],"wp:attachment":[{"href":"https:\/\/blogopara.com.br\/index.php\/wp-json\/wp\/v2\/media?parent=78341"}],"wp:term":[{"taxonomy":"category","embeddable":true,"href":"https:\/\/blogopara.com.br\/index.php\/wp-json\/wp\/v2\/categories?post=78341"},{"taxonomy":"post_tag","embeddable":true,"href":"https:\/\/blogopara.com.br\/index.php\/wp-json\/wp\/v2\/tags?post=78341"}],"curies":[{"name":"wp","href":"https:\/\/api.w.org\/{rel}","templated":true}]}}