{"id":78343,"date":"2025-08-06T13:28:37","date_gmt":"2025-08-06T16:28:37","guid":{"rendered":"https:\/\/blogopara.com.br\/?p=78343"},"modified":"2025-08-06T13:28:37","modified_gmt":"2025-08-06T16:28:37","slug":"casa-nova-juvenilson-passos-participa-de-importante-reuniao-com-a-cerb-e-liderancas-politicas","status":"publish","type":"post","link":"https:\/\/blogopara.com.br\/index.php\/2025\/08\/06\/casa-nova-juvenilson-passos-participa-de-importante-reuniao-com-a-cerb-e-liderancas-politicas","title":{"rendered":"Casa Nova: Juvenilson Passos participa de importante reuni\u00e3o com a Cerb e lideran\u00e7as pol\u00edticas"},"content":{"rendered":"<p>O ex-prefeito de Sento-S\u00e9, Juvenilson Passos, esteve na CERB com o presidente Jayme Vieira e com o grupo que representa o governador Jer\u00f4nimo Rodrigues em Casa Nova: a vereadora Viviane, os vereadores Uilian Pereira, Paulo S\u00e9rgio, Ademir Cota e Cida da Sa\u00fade, al\u00e9m das lideran\u00e7as Fabiano Castro, Grilo, Vilinei Braga.<\/p>\n<p>O munic\u00edpio de Casa Nova tem sindo beneficiado com importantes obras de abastecimento de \u00e1gua para as comunidades da zona rural, executadas pela CERB. Al\u00e9m disso, Casa Nova foi contemplada pelo PAC com a constru\u00e7\u00e3o de uma adutora de mais de R$ 5 milh\u00f5es, um passo decisivo rumo \u00e0 universaliza\u00e7\u00e3o do acesso \u00e0 \u00e1gua.<\/p>\n<p>&#8220;\u00c1gua tratada significa sa\u00fade, dignidade e qualidade de vida. Agrade\u00e7o ao governador Jer\u00f4nimo Rodrigues e ao presidente Jayme Vieira pelo compromisso com o povo do semi\u00e1rido baiano&#8221;, destacou Juvenilson Passos.<\/p>\n","protected":false},"excerpt":{"rendered":"<p>O ex-prefeito de Sento-S\u00e9, Juvenilson Passos, esteve na CERB com o presidente Jayme Vieira e com o grupo que representa o governador Jer\u00f4nimo Rodrigues em Casa Nova: a vereadora Viviane, os vereadores Uilian Pereira, Paulo S\u00e9rgio, Ademir Cota e Cida da Sa\u00fade, al\u00e9m das lideran\u00e7as Fabiano Castro, Grilo, Vilinei Braga. O munic\u00edpio de Casa Nova [&hellip;]<\/p>\n","protected":false},"author":1,"featured_media":78344,"comment_status":"open","ping_status":"open","sticky":false,"template":"","format":"standard","meta":{"_uag_custom_page_level_css":"","_monsterinsights_skip_tracking":false,"_monsterinsights_sitenote_active":false,"_monsterinsights_sitenote_note":"","_monsterinsights_sitenote_category":0,"jetpack_post_was_ever_published":false,"_jetpack_newsletter_access":"","_jetpack_dont_email_post_to_subs":false,"_jetpack_newsletter_tier_id":0,"_jetpack_memberships_contains_paywalled_content":false,"_jetpack_memberships_contains_paid_content":false,"footnotes":"","jetpack_publicize_message":"","jetpack_publicize_feature_enabled":true,"jetpack_social_post_already_shared":true,"jetpack_social_options":{"image_generator_settings":{"template":"highway","default_image_id":0,"font":"","enabled":false},"version":2}},"categories":[199],"tags":[802,11742,11115],"class_list":["post-78343","post","type-post","status-publish","format-standard","has-post-thumbnail","hentry","category-bahia","tag-alba","tag-eleicao-2026","tag-juvenilson-passos"],"jetpack_publicize_connections":[],"jetpack_featured_media_url":"https:\/\/blogopara.com.br\/wp-content\/uploads\/2025\/08\/ggggggggggggggggg.png","uagb_featured_image_src":{"full":["https:\/\/blogopara.com.br\/wp-content\/uploads\/2025\/08\/ggggggggggggggggg.png",494,485,false],"thumbnail":["https:\/\/blogopara.com.br\/wp-content\/uploads\/2025\/08\/ggggggggggggggggg-150x150.png",150,150,true],"medium":["https:\/\/blogopara.com.br\/wp-content\/uploads\/2025\/08\/ggggggggggggggggg-300x295.png",300,295,true],"medium_large":["https:\/\/blogopara.com.br\/wp-content\/uploads\/2025\/08\/ggggggggggggggggg.png",494,485,false],"large":["https:\/\/blogopara.com.br\/wp-content\/uploads\/2025\/08\/ggggggggggggggggg.png",494,485,false],"1536x1536":["https:\/\/blogopara.com.br\/wp-content\/uploads\/2025\/08\/ggggggggggggggggg.png",494,485,false],"2048x2048":["https:\/\/blogopara.com.br\/wp-content\/uploads\/2025\/08\/ggggggggggggggggg.png",494,485,false],"mantranews-slider-large":["https:\/\/blogopara.com.br\/wp-content\/uploads\/2025\/08\/ggggggggggggggggg.png",494,485,false],"mantranews-featured-medium":["https:\/\/blogopara.com.br\/wp-content\/uploads\/2025\/08\/ggggggggggggggggg-420x307.png",420,307,true],"mantranews-featured-long":["https:\/\/blogopara.com.br\/wp-content\/uploads\/2025\/08\/ggggggggggggggggg-300x443.png",300,443,true],"mantranews-block-medium":["https:\/\/blogopara.com.br\/wp-content\/uploads\/2025\/08\/ggggggggggggggggg-464x290.png",464,290,true],"mantranews-carousel-image":["https:\/\/blogopara.com.br\/wp-content\/uploads\/2025\/08\/ggggggggggggggggg.png",494,485,false],"mantranews-block-thumb":["https:\/\/blogopara.com.br\/wp-content\/uploads\/2025\/08\/ggggggggggggggggg-322x230.png",322,230,true],"mantranews-single-large":["https:\/\/blogopara.com.br\/wp-content\/uploads\/2025\/08\/ggggggggggggggggg.png",494,485,false]},"uagb_author_info":{"display_name":"Reda\u00e7\u00e3o geral","author_link":"https:\/\/blogopara.com.br\/index.php\/author\/blogopara"},"uagb_comment_info":0,"uagb_excerpt":"O ex-prefeito de Sento-S\u00e9, Juvenilson Passos, esteve na CERB com o presidente Jayme Vieira e com o grupo que representa o governador Jer\u00f4nimo Rodrigues em Casa Nova: a vereadora Viviane, os vereadores Uilian Pereira, Paulo S\u00e9rgio, Ademir Cota e Cida da Sa\u00fade, al\u00e9m das lideran\u00e7as Fabiano Castro, Grilo, Vilinei Braga. O munic\u00edpio de Casa Nova&hellip;","jetpack_sharing_enabled":true,"jetpack_likes_enabled":true,"_links":{"self":[{"href":"https:\/\/blogopara.com.br\/index.php\/wp-json\/wp\/v2\/posts\/78343","targetHints":{"allow":["GET"]}}],"collection":[{"href":"https:\/\/blogopara.com.br\/index.php\/wp-json\/wp\/v2\/posts"}],"about":[{"href":"https:\/\/blogopara.com.br\/index.php\/wp-json\/wp\/v2\/types\/post"}],"author":[{"embeddable":true,"href":"https:\/\/blogopara.com.br\/index.php\/wp-json\/wp\/v2\/users\/1"}],"replies":[{"embeddable":true,"href":"https:\/\/blogopara.com.br\/index.php\/wp-json\/wp\/v2\/comments?post=78343"}],"version-history":[{"count":1,"href":"https:\/\/blogopara.com.br\/index.php\/wp-json\/wp\/v2\/posts\/78343\/revisions"}],"predecessor-version":[{"id":78345,"href":"https:\/\/blogopara.com.br\/index.php\/wp-json\/wp\/v2\/posts\/78343\/revisions\/78345"}],"wp:featuredmedia":[{"embeddable":true,"href":"https:\/\/blogopara.com.br\/index.php\/wp-json\/wp\/v2\/media\/78344"}],"wp:attachment":[{"href":"https:\/\/blogopara.com.br\/index.php\/wp-json\/wp\/v2\/media?parent=78343"}],"wp:term":[{"taxonomy":"category","embeddable":true,"href":"https:\/\/blogopara.com.br\/index.php\/wp-json\/wp\/v2\/categories?post=78343"},{"taxonomy":"post_tag","embeddable":true,"href":"https:\/\/blogopara.com.br\/index.php\/wp-json\/wp\/v2\/tags?post=78343"}],"curies":[{"name":"wp","href":"https:\/\/api.w.org\/{rel}","templated":true}]}}