{"id":78377,"date":"2025-08-07T17:51:51","date_gmt":"2025-08-07T20:51:51","guid":{"rendered":"https:\/\/blogopara.com.br\/?p=78377"},"modified":"2025-08-07T17:51:51","modified_gmt":"2025-08-07T20:51:51","slug":"nem-com-81-assinaturas-pauto-o-impeachment-de-um-ministro-do-supremo-diz-alcolumbre-a-lideres","status":"publish","type":"post","link":"https:\/\/blogopara.com.br\/index.php\/2025\/08\/07\/nem-com-81-assinaturas-pauto-o-impeachment-de-um-ministro-do-supremo-diz-alcolumbre-a-lideres","title":{"rendered":"\u2018Nem com 81 assinaturas pauto o impeachment de um ministro do Supremo\u2019, diz Alcolumbre a l\u00edderes"},"content":{"rendered":"<h2><span style=\"font-size: 1rem; color: #333333;\">O presidente do Senado, Davi Alcolumbre (Uni\u00e3o-AP), evitou entrelinhas. Numa reuni\u00e3o com os l\u00edderes partid\u00e1rios da base do governo Lula e da oposi\u00e7\u00e3o, ele afirmou que n\u00e3o dar\u00e1 andamento ao pedido de impeachment do ministro Alexandre de Moraes, do Supremo Tribunal Federal (STF), de jeito nenhum.<\/span><\/h2>\n<p>\u201cNem se tiver 81 assinaturas, ainda assim n\u00e3o pauto impeachment de ministro do STF para votar\u201d, afirmou, de acordo com relatos feitos \u00e0 Coluna do Estad\u00e3o. Estavam na reuni\u00e3o os l\u00edderes governistas, al\u00e9m dos senadores Rog\u00e9rio Marinho (PL-RN), Tereza Cristina (PP-MS) e Marcos Rog\u00e9rio (PL-RO).<\/p>\n<p>O senador deu a declara\u00e7\u00e3o em tom elevado. Tamanha a irrita\u00e7\u00e3o, at\u00e9 se incluiu na conta para expor que, nem se o Senado inteiro pedisse a abertura do processo, ele daria andamento. A Casa tem 81 senadores.<\/p>\n<p>A afirma\u00e7\u00e3o de Davi Alcolumbre \u00e9 um banho de \u00e1gua fria para os bolsonaristas que anunciaram nesta quinta-feira, 7, que conseguiram as 41 assinaturas. Esse \u00e9 o n\u00famero necess\u00e1rio para aprovar a admissibilidade do processo, caso o presidente do Senado desse andamento ao pedido. (Leia mais abaixo os detalhes do tr\u00e2mite do processo.)<\/p>\n<p>\u201cUm processo de impeachment n\u00e3o \u00e9 fruto de vontade do presidente da Casa. \u00c9 um movimento de matura\u00e7\u00e3o e tempo. O ex-presidente da C\u00e2mara, Eduardo Cunha, tamb\u00e9m n\u00e3o ia votar o impeachment de Dilma Rousseff. Mas uma hora o vento muda\u201d, rebateu o senador Carlos Portinho (PL-RJ).<\/p>\n<p>\u201cUma coisa de cada vez. Agora tem 41 assinaturas. Depois conseguiremos apoio para ter 54 votos. Vamos comemorar a vit\u00f3ria de hoje\u201d, continuou Portinho.<\/p>\n<p><strong>O rito do processo de impeachment de ministro do STF<\/strong><\/p>\n<p>Cabe ao presidente do Senado dar o aval para o in\u00edcio do processo.<\/p>\n<p>Caso a den\u00fancia seja aceita por ele, \u00e9 lida no plen\u00e1rio da Casa na sess\u00e3o seguinte. Depois \u00e9 criada uma comiss\u00e3o especial, com 21 senadores, para avaliar o caso de forma preliminar. Esse colegiado tem dez dias para decidir se o processo segue adiante.<\/p>\n<p>Se os parlamentares derem parecer favor\u00e1vel, o processo de instaura\u00e7\u00e3o formal \u00e9 votado em plen\u00e1rio por todos os senadores. \u00c9 preciso obter maioria simples dos votos (41 dos 81 senadores), do contr\u00e1rio, o pedido \u00e9 arquivado.<\/p>\n<p>Sendo aprovado, o passo seguinte \u00e9 a instaura\u00e7\u00e3o formal do processo pela comiss\u00e3o especial. Novos prazos s\u00e3o cumpridos e o processo de impeachment precisa ser aprovado por maioria qualificada \u2013 ou seja, dois ter\u00e7os dos senadores (54 votos).<\/p>\n<p>Embora a Constitui\u00e7\u00e3o permita que o Senado Federal julgue e afaste membros do STF por cinco tipos de crime de responsabilidade, nunca ocorreu no Brasil o impeachment de ministros da Corte.<\/p>\n<p>Em 134 anos, o STF s\u00f3 teve um integrante demovido do cargo por decis\u00e3o do Poder Legislativo. Em 1894, o Senado negou a indica\u00e7\u00e3o de C\u00e2ndido Barata Ribeiro para uma das cadeiras na Corte. Os senadores avaliaram que Barata Ribeiro, que era m\u00e9dico, n\u00e3o possu\u00eda o \u201cnot\u00f3rio saber\u201d previsto na Constitui\u00e7\u00e3o para o exerc\u00edcio do cargo de juiz da Suprema Corte.<\/p>\n<p>&nbsp;<\/p>\n<p><span class=\"assinatura_exclusiva\">Roseann Kennedy\/Estad\u00e3o<\/span><\/p>\n","protected":false},"excerpt":{"rendered":"<p>O presidente do Senado, Davi Alcolumbre (Uni\u00e3o-AP), evitou entrelinhas. Numa reuni\u00e3o com os l\u00edderes partid\u00e1rios da base do governo Lula e da oposi\u00e7\u00e3o, ele afirmou que n\u00e3o dar\u00e1 andamento ao pedido de impeachment do ministro Alexandre de Moraes, do Supremo Tribunal Federal (STF), de jeito nenhum. \u201cNem se tiver 81 assinaturas, ainda assim n\u00e3o pauto [&hellip;]<\/p>\n","protected":false},"author":1,"featured_media":11682,"comment_status":"open","ping_status":"open","sticky":false,"template":"","format":"standard","meta":{"_uag_custom_page_level_css":"","_monsterinsights_skip_tracking":false,"_monsterinsights_sitenote_active":false,"_monsterinsights_sitenote_note":"","_monsterinsights_sitenote_category":0,"jetpack_post_was_ever_published":false,"_jetpack_newsletter_access":"","_jetpack_dont_email_post_to_subs":false,"_jetpack_newsletter_tier_id":0,"_jetpack_memberships_contains_paywalled_content":false,"_jetpack_memberships_contains_paid_content":false,"footnotes":"","jetpack_publicize_message":"","jetpack_publicize_feature_enabled":true,"jetpack_social_post_already_shared":true,"jetpack_social_options":{"image_generator_settings":{"template":"highway","default_image_id":0,"font":"","enabled":false},"version":2}},"categories":[203],"tags":[],"class_list":["post-78377","post","type-post","status-publish","format-standard","has-post-thumbnail","hentry","category-juazeiro"],"jetpack_publicize_connections":[],"jetpack_featured_media_url":"https:\/\/blogopara.com.br\/wp-content\/uploads\/2020\/06\/alcolumbre2-960x640-1-750x375-1.jpg","uagb_featured_image_src":{"full":["https:\/\/blogopara.com.br\/wp-content\/uploads\/2020\/06\/alcolumbre2-960x640-1-750x375-1.jpg",500,250,false],"thumbnail":["https:\/\/blogopara.com.br\/wp-content\/uploads\/2020\/06\/alcolumbre2-960x640-1-750x375-1-150x150.jpg",150,150,true],"medium":["https:\/\/blogopara.com.br\/wp-content\/uploads\/2020\/06\/alcolumbre2-960x640-1-750x375-1-300x150.jpg",300,150,true],"medium_large":["https:\/\/blogopara.com.br\/wp-content\/uploads\/2020\/06\/alcolumbre2-960x640-1-750x375-1.jpg",500,250,false],"large":["https:\/\/blogopara.com.br\/wp-content\/uploads\/2020\/06\/alcolumbre2-960x640-1-750x375-1.jpg",500,250,false],"1536x1536":["https:\/\/blogopara.com.br\/wp-content\/uploads\/2020\/06\/alcolumbre2-960x640-1-750x375-1.jpg",500,250,false],"2048x2048":["https:\/\/blogopara.com.br\/wp-content\/uploads\/2020\/06\/alcolumbre2-960x640-1-750x375-1.jpg",500,250,false],"mantranews-slider-large":["https:\/\/blogopara.com.br\/wp-content\/uploads\/2020\/06\/alcolumbre2-960x640-1-750x375-1.jpg",500,250,false],"mantranews-featured-medium":["https:\/\/blogopara.com.br\/wp-content\/uploads\/2020\/06\/alcolumbre2-960x640-1-750x375-1-420x250.jpg",420,250,true],"mantranews-featured-long":["https:\/\/blogopara.com.br\/wp-content\/uploads\/2020\/06\/alcolumbre2-960x640-1-750x375-1-300x250.jpg",300,250,true],"mantranews-block-medium":["https:\/\/blogopara.com.br\/wp-content\/uploads\/2020\/06\/alcolumbre2-960x640-1-750x375-1-464x250.jpg",464,250,true],"mantranews-carousel-image":["https:\/\/blogopara.com.br\/wp-content\/uploads\/2020\/06\/alcolumbre2-960x640-1-750x375-1.jpg",500,250,false],"mantranews-block-thumb":["https:\/\/blogopara.com.br\/wp-content\/uploads\/2020\/06\/alcolumbre2-960x640-1-750x375-1.jpg",322,161,false],"mantranews-single-large":["https:\/\/blogopara.com.br\/wp-content\/uploads\/2020\/06\/alcolumbre2-960x640-1-750x375-1.jpg",500,250,false]},"uagb_author_info":{"display_name":"Reda\u00e7\u00e3o geral","author_link":"https:\/\/blogopara.com.br\/index.php\/author\/blogopara"},"uagb_comment_info":0,"uagb_excerpt":"O presidente do Senado, Davi Alcolumbre (Uni\u00e3o-AP), evitou entrelinhas. Numa reuni\u00e3o com os l\u00edderes partid\u00e1rios da base do governo Lula e da oposi\u00e7\u00e3o, ele afirmou que n\u00e3o dar\u00e1 andamento ao pedido de impeachment do ministro Alexandre de Moraes, do Supremo Tribunal Federal (STF), de jeito nenhum. \u201cNem se tiver 81 assinaturas, ainda assim n\u00e3o pauto&hellip;","jetpack_sharing_enabled":true,"jetpack_likes_enabled":true,"_links":{"self":[{"href":"https:\/\/blogopara.com.br\/index.php\/wp-json\/wp\/v2\/posts\/78377","targetHints":{"allow":["GET"]}}],"collection":[{"href":"https:\/\/blogopara.com.br\/index.php\/wp-json\/wp\/v2\/posts"}],"about":[{"href":"https:\/\/blogopara.com.br\/index.php\/wp-json\/wp\/v2\/types\/post"}],"author":[{"embeddable":true,"href":"https:\/\/blogopara.com.br\/index.php\/wp-json\/wp\/v2\/users\/1"}],"replies":[{"embeddable":true,"href":"https:\/\/blogopara.com.br\/index.php\/wp-json\/wp\/v2\/comments?post=78377"}],"version-history":[{"count":1,"href":"https:\/\/blogopara.com.br\/index.php\/wp-json\/wp\/v2\/posts\/78377\/revisions"}],"predecessor-version":[{"id":78378,"href":"https:\/\/blogopara.com.br\/index.php\/wp-json\/wp\/v2\/posts\/78377\/revisions\/78378"}],"wp:featuredmedia":[{"embeddable":true,"href":"https:\/\/blogopara.com.br\/index.php\/wp-json\/wp\/v2\/media\/11682"}],"wp:attachment":[{"href":"https:\/\/blogopara.com.br\/index.php\/wp-json\/wp\/v2\/media?parent=78377"}],"wp:term":[{"taxonomy":"category","embeddable":true,"href":"https:\/\/blogopara.com.br\/index.php\/wp-json\/wp\/v2\/categories?post=78377"},{"taxonomy":"post_tag","embeddable":true,"href":"https:\/\/blogopara.com.br\/index.php\/wp-json\/wp\/v2\/tags?post=78377"}],"curies":[{"name":"wp","href":"https:\/\/api.w.org\/{rel}","templated":true}]}}