{"id":78402,"date":"2025-08-07T21:35:31","date_gmt":"2025-08-08T00:35:31","guid":{"rendered":"https:\/\/blogopara.com.br\/?p=78402"},"modified":"2025-08-07T21:35:31","modified_gmt":"2025-08-08T00:35:31","slug":"aciaj-e-conselho-regional-dos-tecnicos-da-bahia-avancam-em-parceria-para-qualificacao-profissional-em-juazeiro","status":"publish","type":"post","link":"https:\/\/blogopara.com.br\/index.php\/2025\/08\/07\/aciaj-e-conselho-regional-dos-tecnicos-da-bahia-avancam-em-parceria-para-qualificacao-profissional-em-juazeiro","title":{"rendered":"Aciaj e Conselho Regional dos T\u00e9cnicos da Bahia avan\u00e7am em parceria para qualifica\u00e7\u00e3o profissional em Juazeiro"},"content":{"rendered":"<p>Na tarde desta ter\u00e7a-feira (05), o presidente da Associa\u00e7\u00e3o Comercial, Industrial e Agr\u00edcola de Juazeiro (Aciaj), George Falc\u00e3o, recebeu Gleidson Ramos, representante do Conselho Regional dos T\u00e9cnicos da Bahia (CRT-BA), para mais uma etapa da parceria entre as duas institui\u00e7\u00f5es, voltada \u00e0 valoriza\u00e7\u00e3o e capacita\u00e7\u00e3o dos profissionais t\u00e9cnicos da regi\u00e3o, inicialmente os t\u00e9cnicos da constru\u00e7\u00e3o civil.<\/p>\n<p>O encontro teve como principal objetivo o fortalecimento da coopera\u00e7\u00e3o t\u00e9cnica entre a Aciaj e o CRT-BA. O acordo prev\u00ea a realiza\u00e7\u00e3o conjunta de a\u00e7\u00f5es voltadas ao desenvolvimento econ\u00f4mico local, \u00e0 qualifica\u00e7\u00e3o profissional e ao fortalecimento institucional das entidades.<\/p>\n<p>Para o presidente George Falc\u00e3o, a parceria \u00e9 estrat\u00e9gica para o crescimento sustent\u00e1vel da regi\u00e3o. \u201cNosso objetivo com esse conv\u00eanio \u00e9 abrir caminhos para que os t\u00e9cnicos da constru\u00e7\u00e3o civil tenham acesso a mais qualifica\u00e7\u00e3o, oportunidades de atua\u00e7\u00e3o e reconhecimento. Juazeiro precisa desses profissionais bem preparados para continuar se desenvolvendo com inova\u00e7\u00e3o e competitividade,\u201d destaca.<\/p>\n<p>Gleidson Ramos tamb\u00e9m enfatiza a relev\u00e2ncia da iniciativa. \u201cEssa uni\u00e3o entre o CRT-BA e a Aciaj representa um avan\u00e7o significativo para os t\u00e9cnicos da regi\u00e3o. Estamos comprometidos em oferecer suporte t\u00e9cnico, capacita\u00e7\u00e3o e visibilidade para esses profissionais, que s\u00e3o fundamentais no processo produtivo e no desenvolvimento econ\u00f4mico local,\u201d afirma.<\/p>\n<p>A iniciativa reafirma o compromisso das institui\u00e7\u00f5es com o fortalecimento do mercado de trabalho regional e a valoriza\u00e7\u00e3o dos t\u00e9cnicos como agentes essenciais do progresso. O CRT-BA representa atualmente 186 categorias profissionais, abrangendo uma ampla gama de servi\u00e7os t\u00e9cnicos no Estado da Bahia.<\/p>\n<p>M\u00f4nia Ramos \u2013 Jornalista<br \/>\nAscom Aciaj Juazeiro<\/p>\n","protected":false},"excerpt":{"rendered":"<p>Na tarde desta ter\u00e7a-feira (05), o presidente da Associa\u00e7\u00e3o Comercial, Industrial e Agr\u00edcola de Juazeiro (Aciaj), George Falc\u00e3o, recebeu Gleidson Ramos, representante do Conselho Regional dos T\u00e9cnicos da Bahia (CRT-BA), para mais uma etapa da parceria entre as duas institui\u00e7\u00f5es, voltada \u00e0 valoriza\u00e7\u00e3o e capacita\u00e7\u00e3o dos profissionais t\u00e9cnicos da regi\u00e3o, inicialmente os t\u00e9cnicos da constru\u00e7\u00e3o [&hellip;]<\/p>\n","protected":false},"author":1,"featured_media":78403,"comment_status":"open","ping_status":"open","sticky":false,"template":"","format":"standard","meta":{"_uag_custom_page_level_css":"","_monsterinsights_skip_tracking":false,"_monsterinsights_sitenote_active":false,"_monsterinsights_sitenote_note":"","_monsterinsights_sitenote_category":0,"jetpack_post_was_ever_published":false,"_jetpack_newsletter_access":"","_jetpack_dont_email_post_to_subs":false,"_jetpack_newsletter_tier_id":0,"_jetpack_memberships_contains_paywalled_content":false,"_jetpack_memberships_contains_paid_content":false,"footnotes":"","jetpack_publicize_message":"","jetpack_publicize_feature_enabled":true,"jetpack_social_post_already_shared":true,"jetpack_social_options":{"image_generator_settings":{"template":"highway","default_image_id":0,"font":"","enabled":false},"version":2}},"categories":[203],"tags":[],"class_list":["post-78402","post","type-post","status-publish","format-standard","has-post-thumbnail","hentry","category-juazeiro"],"jetpack_publicize_connections":[],"jetpack_featured_media_url":"https:\/\/blogopara.com.br\/wp-content\/uploads\/2025\/08\/bb134f03-066f-43e1-8ead-735897e4acc1.jpg","uagb_featured_image_src":{"full":["https:\/\/blogopara.com.br\/wp-content\/uploads\/2025\/08\/bb134f03-066f-43e1-8ead-735897e4acc1.jpg",500,281,false],"thumbnail":["https:\/\/blogopara.com.br\/wp-content\/uploads\/2025\/08\/bb134f03-066f-43e1-8ead-735897e4acc1-150x150.jpg",150,150,true],"medium":["https:\/\/blogopara.com.br\/wp-content\/uploads\/2025\/08\/bb134f03-066f-43e1-8ead-735897e4acc1-300x169.jpg",300,169,true],"medium_large":["https:\/\/blogopara.com.br\/wp-content\/uploads\/2025\/08\/bb134f03-066f-43e1-8ead-735897e4acc1.jpg",500,281,false],"large":["https:\/\/blogopara.com.br\/wp-content\/uploads\/2025\/08\/bb134f03-066f-43e1-8ead-735897e4acc1.jpg",500,281,false],"1536x1536":["https:\/\/blogopara.com.br\/wp-content\/uploads\/2025\/08\/bb134f03-066f-43e1-8ead-735897e4acc1.jpg",500,281,false],"2048x2048":["https:\/\/blogopara.com.br\/wp-content\/uploads\/2025\/08\/bb134f03-066f-43e1-8ead-735897e4acc1.jpg",500,281,false],"mantranews-slider-large":["https:\/\/blogopara.com.br\/wp-content\/uploads\/2025\/08\/bb134f03-066f-43e1-8ead-735897e4acc1.jpg",500,281,false],"mantranews-featured-medium":["https:\/\/blogopara.com.br\/wp-content\/uploads\/2025\/08\/bb134f03-066f-43e1-8ead-735897e4acc1-420x281.jpg",420,281,true],"mantranews-featured-long":["https:\/\/blogopara.com.br\/wp-content\/uploads\/2025\/08\/bb134f03-066f-43e1-8ead-735897e4acc1-300x281.jpg",300,281,true],"mantranews-block-medium":["https:\/\/blogopara.com.br\/wp-content\/uploads\/2025\/08\/bb134f03-066f-43e1-8ead-735897e4acc1-464x281.jpg",464,281,true],"mantranews-carousel-image":["https:\/\/blogopara.com.br\/wp-content\/uploads\/2025\/08\/bb134f03-066f-43e1-8ead-735897e4acc1.jpg",500,281,false],"mantranews-block-thumb":["https:\/\/blogopara.com.br\/wp-content\/uploads\/2025\/08\/bb134f03-066f-43e1-8ead-735897e4acc1-322x230.jpg",322,230,true],"mantranews-single-large":["https:\/\/blogopara.com.br\/wp-content\/uploads\/2025\/08\/bb134f03-066f-43e1-8ead-735897e4acc1.jpg",500,281,false]},"uagb_author_info":{"display_name":"Reda\u00e7\u00e3o geral","author_link":"https:\/\/blogopara.com.br\/index.php\/author\/blogopara"},"uagb_comment_info":0,"uagb_excerpt":"Na tarde desta ter\u00e7a-feira (05), o presidente da Associa\u00e7\u00e3o Comercial, Industrial e Agr\u00edcola de Juazeiro (Aciaj), George Falc\u00e3o, recebeu Gleidson Ramos, representante do Conselho Regional dos T\u00e9cnicos da Bahia (CRT-BA), para mais uma etapa da parceria entre as duas institui\u00e7\u00f5es, voltada \u00e0 valoriza\u00e7\u00e3o e capacita\u00e7\u00e3o dos profissionais t\u00e9cnicos da regi\u00e3o, inicialmente os t\u00e9cnicos da constru\u00e7\u00e3o&hellip;","jetpack_sharing_enabled":true,"jetpack_likes_enabled":true,"_links":{"self":[{"href":"https:\/\/blogopara.com.br\/index.php\/wp-json\/wp\/v2\/posts\/78402","targetHints":{"allow":["GET"]}}],"collection":[{"href":"https:\/\/blogopara.com.br\/index.php\/wp-json\/wp\/v2\/posts"}],"about":[{"href":"https:\/\/blogopara.com.br\/index.php\/wp-json\/wp\/v2\/types\/post"}],"author":[{"embeddable":true,"href":"https:\/\/blogopara.com.br\/index.php\/wp-json\/wp\/v2\/users\/1"}],"replies":[{"embeddable":true,"href":"https:\/\/blogopara.com.br\/index.php\/wp-json\/wp\/v2\/comments?post=78402"}],"version-history":[{"count":1,"href":"https:\/\/blogopara.com.br\/index.php\/wp-json\/wp\/v2\/posts\/78402\/revisions"}],"predecessor-version":[{"id":78404,"href":"https:\/\/blogopara.com.br\/index.php\/wp-json\/wp\/v2\/posts\/78402\/revisions\/78404"}],"wp:featuredmedia":[{"embeddable":true,"href":"https:\/\/blogopara.com.br\/index.php\/wp-json\/wp\/v2\/media\/78403"}],"wp:attachment":[{"href":"https:\/\/blogopara.com.br\/index.php\/wp-json\/wp\/v2\/media?parent=78402"}],"wp:term":[{"taxonomy":"category","embeddable":true,"href":"https:\/\/blogopara.com.br\/index.php\/wp-json\/wp\/v2\/categories?post=78402"},{"taxonomy":"post_tag","embeddable":true,"href":"https:\/\/blogopara.com.br\/index.php\/wp-json\/wp\/v2\/tags?post=78402"}],"curies":[{"name":"wp","href":"https:\/\/api.w.org\/{rel}","templated":true}]}}