{"id":78469,"date":"2025-08-10T08:30:18","date_gmt":"2025-08-10T11:30:18","guid":{"rendered":"https:\/\/blogopara.com.br\/?p=78469"},"modified":"2025-08-10T08:30:18","modified_gmt":"2025-08-10T11:30:18","slug":"pms-de-mais-10-unidades-de-salvador-e-regiao-metropolitana-passam-a-utilizar-cameras-corporais","status":"publish","type":"post","link":"https:\/\/blogopara.com.br\/index.php\/2025\/08\/10\/pms-de-mais-10-unidades-de-salvador-e-regiao-metropolitana-passam-a-utilizar-cameras-corporais","title":{"rendered":"PMs de mais 10 unidades de Salvador e Regi\u00e3o Metropolitana passam a utilizar c\u00e2meras corporais"},"content":{"rendered":"<div class=\"flex flex-col w-full font-normal text-[18px] leading-[30px] text-tw-theme-text-default\">\n<p id=\"paragrafo-3eae7de4j8\">Policiais militares de mais 10 unidades de Salvador e da Regi\u00e3o Metropolitana passaram a utilizar, na sexta-feira (8), as C\u00e2meras Corporais Operacionais (CCOs). Ao todo, vinte e tr\u00eas unidades da corpora\u00e7\u00e3o utilizam a tecnologia no estado.<\/p>\n<\/div>\n<div class=\"flex flex-col w-full font-normal text-[18px] leading-[30px] text-tw-theme-text-default\">\n<p id=\"paragrafo-vqqs73yenq\">A ferramenta ser\u00e1 empregada pelos efetivos das 16\u00aa (Com\u00e9rcio), 18\u00aa (Periperi), 19\u00aa (Paripe), 26\u00aa (Brotas), 41\u00aa (Federa\u00e7\u00e3o), 50\u00aa (Sete de Abril), 58\u00aa (Cosme de Farias) e 81\u00aa (Itinga) Companhias independentes da PM, al\u00e9m dos 12\u00b0 (Cama\u00e7ari) e 22\u00b0 (Cajazeiras) Batalh\u00f5es.<\/p>\n<\/div>\n<div class=\"flex flex-col w-full font-normal text-[18px] leading-[30px] text-tw-theme-text-default\">\n<p id=\"paragrafo-9gjzc2xco3\">H\u00e1 pouco mais de um ano, a PM deu in\u00edcio ao processo de utiliza\u00e7\u00e3o das CCOs, com o emprego da tecnologia. Em junho do ano passado, elas foram instaladas em 13 unidades &#8211; Batalh\u00f5es do Centro Hist\u00f3rico de Salvador e Rodovi\u00e1rio (1\u00aa CIA) e as Companhias de Tancredo Neves, S\u00e3o Crist\u00f3v\u00e3o, Boca do Rio, Liberdade, Piraj\u00e1, Itapu\u00e3, Pernambues, Pituba, Barra, Lauro de Freitas e Candeias.<\/p>\n<\/div>\n<div class=\"flex flex-col w-full font-normal text-[18px] leading-[30px] text-tw-theme-text-default\">\n<p id=\"paragrafo-6lkb1uupwz\">As c\u00e2meras s\u00e3o utilizadas tamb\u00e9m por equipes das Pol\u00edcias Civil e T\u00e9cnica, durante cumprimentos de mandados e per\u00edcias em locais de crime.<\/p>\n<\/div>\n<div class=\"flex flex-col w-full font-normal text-[18px] leading-[30px] text-tw-theme-text-default\">\n<p id=\"paragrafo-ocppm4swpk\">O Corpo de Bombeiros passa por capacita\u00e7\u00e3o para emprego da ferramenta. Como n\u00e3o utilizam colete bal\u00edstico, a corpora\u00e7\u00e3o estuda a adapta\u00e7\u00e3o de um acess\u00f3rio na farda para aplica\u00e7\u00e3o da CCO.<\/p>\n<\/div>\n","protected":false},"excerpt":{"rendered":"<p>Policiais militares de mais 10 unidades de Salvador e da Regi\u00e3o Metropolitana passaram a utilizar, na sexta-feira (8), as C\u00e2meras Corporais Operacionais (CCOs). Ao todo, vinte e tr\u00eas unidades da corpora\u00e7\u00e3o utilizam a tecnologia no estado. A ferramenta ser\u00e1 empregada pelos efetivos das 16\u00aa (Com\u00e9rcio), 18\u00aa (Periperi), 19\u00aa (Paripe), 26\u00aa (Brotas), 41\u00aa (Federa\u00e7\u00e3o), 50\u00aa (Sete [&hellip;]<\/p>\n","protected":false},"author":1,"featured_media":78470,"comment_status":"open","ping_status":"open","sticky":false,"template":"","format":"standard","meta":{"_uag_custom_page_level_css":"","_monsterinsights_skip_tracking":false,"_monsterinsights_sitenote_active":false,"_monsterinsights_sitenote_note":"","_monsterinsights_sitenote_category":0,"jetpack_post_was_ever_published":false,"_jetpack_newsletter_access":"","_jetpack_dont_email_post_to_subs":false,"_jetpack_newsletter_tier_id":0,"_jetpack_memberships_contains_paywalled_content":false,"_jetpack_memberships_contains_paid_content":false,"footnotes":"","jetpack_publicize_message":"","jetpack_publicize_feature_enabled":true,"jetpack_social_post_already_shared":true,"jetpack_social_options":{"image_generator_settings":{"template":"highway","default_image_id":0,"font":"","enabled":false},"version":2}},"categories":[202],"tags":[],"class_list":["post-78469","post","type-post","status-publish","format-standard","has-post-thumbnail","hentry","category-policia"],"jetpack_publicize_connections":[],"jetpack_featured_media_url":"https:\/\/blogopara.com.br\/wp-content\/uploads\/2025\/08\/Capturar-13.jpg","uagb_featured_image_src":{"full":["https:\/\/blogopara.com.br\/wp-content\/uploads\/2025\/08\/Capturar-13.jpg",500,334,false],"thumbnail":["https:\/\/blogopara.com.br\/wp-content\/uploads\/2025\/08\/Capturar-13-150x150.jpg",150,150,true],"medium":["https:\/\/blogopara.com.br\/wp-content\/uploads\/2025\/08\/Capturar-13-300x200.jpg",300,200,true],"medium_large":["https:\/\/blogopara.com.br\/wp-content\/uploads\/2025\/08\/Capturar-13.jpg",500,334,false],"large":["https:\/\/blogopara.com.br\/wp-content\/uploads\/2025\/08\/Capturar-13.jpg",500,334,false],"1536x1536":["https:\/\/blogopara.com.br\/wp-content\/uploads\/2025\/08\/Capturar-13.jpg",500,334,false],"2048x2048":["https:\/\/blogopara.com.br\/wp-content\/uploads\/2025\/08\/Capturar-13.jpg",500,334,false],"mantranews-slider-large":["https:\/\/blogopara.com.br\/wp-content\/uploads\/2025\/08\/Capturar-13.jpg",500,334,false],"mantranews-featured-medium":["https:\/\/blogopara.com.br\/wp-content\/uploads\/2025\/08\/Capturar-13-420x307.jpg",420,307,true],"mantranews-featured-long":["https:\/\/blogopara.com.br\/wp-content\/uploads\/2025\/08\/Capturar-13-300x334.jpg",300,334,true],"mantranews-block-medium":["https:\/\/blogopara.com.br\/wp-content\/uploads\/2025\/08\/Capturar-13-464x290.jpg",464,290,true],"mantranews-carousel-image":["https:\/\/blogopara.com.br\/wp-content\/uploads\/2025\/08\/Capturar-13.jpg",500,334,false],"mantranews-block-thumb":["https:\/\/blogopara.com.br\/wp-content\/uploads\/2025\/08\/Capturar-13-322x230.jpg",322,230,true],"mantranews-single-large":["https:\/\/blogopara.com.br\/wp-content\/uploads\/2025\/08\/Capturar-13.jpg",500,334,false]},"uagb_author_info":{"display_name":"Reda\u00e7\u00e3o geral","author_link":"https:\/\/blogopara.com.br\/index.php\/author\/blogopara"},"uagb_comment_info":0,"uagb_excerpt":"Policiais militares de mais 10 unidades de Salvador e da Regi\u00e3o Metropolitana passaram a utilizar, na sexta-feira (8), as C\u00e2meras Corporais Operacionais (CCOs). Ao todo, vinte e tr\u00eas unidades da corpora\u00e7\u00e3o utilizam a tecnologia no estado. A ferramenta ser\u00e1 empregada pelos efetivos das 16\u00aa (Com\u00e9rcio), 18\u00aa (Periperi), 19\u00aa (Paripe), 26\u00aa (Brotas), 41\u00aa (Federa\u00e7\u00e3o), 50\u00aa (Sete&hellip;","jetpack_sharing_enabled":true,"jetpack_likes_enabled":true,"_links":{"self":[{"href":"https:\/\/blogopara.com.br\/index.php\/wp-json\/wp\/v2\/posts\/78469","targetHints":{"allow":["GET"]}}],"collection":[{"href":"https:\/\/blogopara.com.br\/index.php\/wp-json\/wp\/v2\/posts"}],"about":[{"href":"https:\/\/blogopara.com.br\/index.php\/wp-json\/wp\/v2\/types\/post"}],"author":[{"embeddable":true,"href":"https:\/\/blogopara.com.br\/index.php\/wp-json\/wp\/v2\/users\/1"}],"replies":[{"embeddable":true,"href":"https:\/\/blogopara.com.br\/index.php\/wp-json\/wp\/v2\/comments?post=78469"}],"version-history":[{"count":1,"href":"https:\/\/blogopara.com.br\/index.php\/wp-json\/wp\/v2\/posts\/78469\/revisions"}],"predecessor-version":[{"id":78471,"href":"https:\/\/blogopara.com.br\/index.php\/wp-json\/wp\/v2\/posts\/78469\/revisions\/78471"}],"wp:featuredmedia":[{"embeddable":true,"href":"https:\/\/blogopara.com.br\/index.php\/wp-json\/wp\/v2\/media\/78470"}],"wp:attachment":[{"href":"https:\/\/blogopara.com.br\/index.php\/wp-json\/wp\/v2\/media?parent=78469"}],"wp:term":[{"taxonomy":"category","embeddable":true,"href":"https:\/\/blogopara.com.br\/index.php\/wp-json\/wp\/v2\/categories?post=78469"},{"taxonomy":"post_tag","embeddable":true,"href":"https:\/\/blogopara.com.br\/index.php\/wp-json\/wp\/v2\/tags?post=78469"}],"curies":[{"name":"wp","href":"https:\/\/api.w.org\/{rel}","templated":true}]}}