{"id":78472,"date":"2025-08-10T08:33:45","date_gmt":"2025-08-10T11:33:45","guid":{"rendered":"https:\/\/blogopara.com.br\/?p=78472"},"modified":"2025-08-10T08:33:45","modified_gmt":"2025-08-10T11:33:45","slug":"medico-diz-que-faustao-respira-por-aparelhos-e-revela-infelizmente-as-chances-dele-sao-minimas","status":"publish","type":"post","link":"https:\/\/blogopara.com.br\/index.php\/2025\/08\/10\/medico-diz-que-faustao-respira-por-aparelhos-e-revela-infelizmente-as-chances-dele-sao-minimas","title":{"rendered":"M\u00e9dico diz que Faust\u00e3o respira por aparelhos e revela: &#8216;Infelizmente, as chances dele s\u00e3o m\u00ednimas&#8217;"},"content":{"rendered":"<div class=\"flex flex-col w-full font-normal text-[18px] leading-[30px] text-tw-theme-text-default\">\n<p id=\"paragrafo-qkv2l7m9bk\">O apresentador Fausto Silva, o Faust\u00e3o, de 75 anos, segue internado no Hospital Israelita Albert Einstein, em S\u00e3o Paulo, desde o \u00faltimo dia 21 de maio, devido a uma infec\u00e7\u00e3o bacteriana grave que evoluiu para sepse. O apresentador est\u00e1 entubado, na UTI, fazendo uso de aparelhos de ventila\u00e7\u00e3o mec\u00e2nica para respirar e cuidados intensivos. As informa\u00e7\u00f5es s\u00e3o do m\u00e9dico\u00a0cardiologista Elisi\u00e1rio J\u00fanior, que falou sobre o caso no podcast ielcast.<\/p>\n<\/div>\n<div class=\"flex flex-col w-full font-normal text-[18px] leading-[30px] text-tw-theme-text-default\">\n<p id=\"paragrafo-2vy0tzwbrk\">Segundo o m\u00e9dico, o apresentador n\u00e3o tem condi\u00e7\u00f5es de respirar espontaneamente e depende de aparelhos, al\u00e9m de receber medica\u00e7\u00f5es para manter a press\u00e3o arterial est\u00e1vel e antibi\u00f3ticos fortes. \u201cEle deve estar com muitas bact\u00e9rias resistente, da\u00ed o tempo prolongado de interna\u00e7\u00e3o hospitalar. Perceba que ele est\u00e1 internado desde o dia 21 de maio agora deste ano, ent\u00e3o \u00e9 algo realmente muito preocupante. Infelizmente, as chances do Faust\u00e3o s\u00e3o m\u00ednimas&#8221;.<\/p>\n<div class=\"flex flex-col w-full font-normal text-[18px] leading-[30px] text-tw-theme-text-default\">\n<p id=\"paragrafo-yquzvqf2mc\">Nos \u00faltimos dias, Faust\u00e3o passou por duas cirurgias de alta complexidade em sequ\u00eancia. Em 6 de agosto, recebeu um transplante de f\u00edgado. No dia seguinte, 7 de agosto, foi submetido a um retransplante renal, planejado havia cerca de um ano. Ambos os \u00f3rg\u00e3os vieram de um mesmo doador, um familiar do ex-apresentador da Globo, o que justifica ele n\u00e3o ter precisado entrar na fila para receber os \u00f3rg\u00e3os.<\/p>\n<\/div>\n<div class=\"flex flex-col w-full\">\n<div id=\"galeria-simples-74px61yo8f\" class=\"component--galeria simples\">\n<div class=\"wrapper\">\n<div class=\"gallery-header\">\n<div class=\"flex flex-col w-full font-normal text-[18px] leading-[30px] text-tw-theme-text-default\">\n<div class=\"flex flex-col w-full font-normal text-[18px] leading-[30px] text-tw-theme-text-default\">\n<p id=\"paragrafo-aiil92h1j6\">O cardiologista destacou a dificuldade de realizar dois procedimentos t\u00e3o invasivos com t\u00e3o pouco intervalo, especialmente pelo hist\u00f3rico de cirurgias anteriores de Faust\u00e3o. Esses transplantes se somam a outros dois que o apresentador havia feito recentemente: um transplante card\u00edaco em agosto de 2023 e um transplante de rim em fevereiro de 2024, que apresentou epis\u00f3dios de rejei\u00e7\u00e3o e exigiu sess\u00f5es de hemodi\u00e1lise.<\/p>\n<\/div>\n<div class=\"flex flex-col w-full\" data-box-lista-comum=\"\">\n<div id=\"box-lista--comum-runrto9obh\" class=\"w-full\"><\/div>\n<\/div>\n<\/div>\n<div class=\"flex flex-col w-full\">\n<div id=\"galeria-simples-74px61yo8f\" class=\"component--galeria simples\">\n<div class=\"wrapper\">\n<div class=\"gallery-header\"><\/div>\n<\/div>\n<\/div>\n<\/div>\n<\/div>\n<\/div>\n<\/div>\n<\/div>\n<\/div>\n","protected":false},"excerpt":{"rendered":"<p>O apresentador Fausto Silva, o Faust\u00e3o, de 75 anos, segue internado no Hospital Israelita Albert Einstein, em S\u00e3o Paulo, desde o \u00faltimo dia 21 de maio, devido a uma infec\u00e7\u00e3o bacteriana grave que evoluiu para sepse. O apresentador est\u00e1 entubado, na UTI, fazendo uso de aparelhos de ventila\u00e7\u00e3o mec\u00e2nica para respirar e cuidados intensivos. As [&hellip;]<\/p>\n","protected":false},"author":1,"featured_media":78473,"comment_status":"open","ping_status":"open","sticky":false,"template":"","format":"standard","meta":{"_uag_custom_page_level_css":"","_monsterinsights_skip_tracking":false,"_monsterinsights_sitenote_active":false,"_monsterinsights_sitenote_note":"","_monsterinsights_sitenote_category":0,"jetpack_post_was_ever_published":false,"_jetpack_newsletter_access":"","_jetpack_dont_email_post_to_subs":false,"_jetpack_newsletter_tier_id":0,"_jetpack_memberships_contains_paywalled_content":false,"_jetpack_memberships_contains_paid_content":false,"footnotes":"","jetpack_publicize_message":"","jetpack_publicize_feature_enabled":true,"jetpack_social_post_already_shared":true,"jetpack_social_options":{"image_generator_settings":{"template":"highway","default_image_id":0,"font":"","enabled":false},"version":2}},"categories":[200],"tags":[],"class_list":["post-78472","post","type-post","status-publish","format-standard","has-post-thumbnail","hentry","category-brasil"],"jetpack_publicize_connections":[],"jetpack_featured_media_url":"https:\/\/blogopara.com.br\/wp-content\/uploads\/2025\/08\/Faustao-1.jpg","uagb_featured_image_src":{"full":["https:\/\/blogopara.com.br\/wp-content\/uploads\/2025\/08\/Faustao-1.jpg",450,479,false],"thumbnail":["https:\/\/blogopara.com.br\/wp-content\/uploads\/2025\/08\/Faustao-1-150x150.jpg",150,150,true],"medium":["https:\/\/blogopara.com.br\/wp-content\/uploads\/2025\/08\/Faustao-1-282x300.jpg",282,300,true],"medium_large":["https:\/\/blogopara.com.br\/wp-content\/uploads\/2025\/08\/Faustao-1.jpg",450,479,false],"large":["https:\/\/blogopara.com.br\/wp-content\/uploads\/2025\/08\/Faustao-1.jpg",450,479,false],"1536x1536":["https:\/\/blogopara.com.br\/wp-content\/uploads\/2025\/08\/Faustao-1.jpg",450,479,false],"2048x2048":["https:\/\/blogopara.com.br\/wp-content\/uploads\/2025\/08\/Faustao-1.jpg",450,479,false],"mantranews-slider-large":["https:\/\/blogopara.com.br\/wp-content\/uploads\/2025\/08\/Faustao-1.jpg",450,479,false],"mantranews-featured-medium":["https:\/\/blogopara.com.br\/wp-content\/uploads\/2025\/08\/Faustao-1-420x307.jpg",420,307,true],"mantranews-featured-long":["https:\/\/blogopara.com.br\/wp-content\/uploads\/2025\/08\/Faustao-1-300x443.jpg",300,443,true],"mantranews-block-medium":["https:\/\/blogopara.com.br\/wp-content\/uploads\/2025\/08\/Faustao-1-450x290.jpg",450,290,true],"mantranews-carousel-image":["https:\/\/blogopara.com.br\/wp-content\/uploads\/2025\/08\/Faustao-1.jpg",450,479,false],"mantranews-block-thumb":["https:\/\/blogopara.com.br\/wp-content\/uploads\/2025\/08\/Faustao-1-322x230.jpg",322,230,true],"mantranews-single-large":["https:\/\/blogopara.com.br\/wp-content\/uploads\/2025\/08\/Faustao-1.jpg",450,479,false]},"uagb_author_info":{"display_name":"Reda\u00e7\u00e3o geral","author_link":"https:\/\/blogopara.com.br\/index.php\/author\/blogopara"},"uagb_comment_info":0,"uagb_excerpt":"O apresentador Fausto Silva, o Faust\u00e3o, de 75 anos, segue internado no Hospital Israelita Albert Einstein, em S\u00e3o Paulo, desde o \u00faltimo dia 21 de maio, devido a uma infec\u00e7\u00e3o bacteriana grave que evoluiu para sepse. O apresentador est\u00e1 entubado, na UTI, fazendo uso de aparelhos de ventila\u00e7\u00e3o mec\u00e2nica para respirar e cuidados intensivos. As&hellip;","jetpack_sharing_enabled":true,"jetpack_likes_enabled":true,"_links":{"self":[{"href":"https:\/\/blogopara.com.br\/index.php\/wp-json\/wp\/v2\/posts\/78472","targetHints":{"allow":["GET"]}}],"collection":[{"href":"https:\/\/blogopara.com.br\/index.php\/wp-json\/wp\/v2\/posts"}],"about":[{"href":"https:\/\/blogopara.com.br\/index.php\/wp-json\/wp\/v2\/types\/post"}],"author":[{"embeddable":true,"href":"https:\/\/blogopara.com.br\/index.php\/wp-json\/wp\/v2\/users\/1"}],"replies":[{"embeddable":true,"href":"https:\/\/blogopara.com.br\/index.php\/wp-json\/wp\/v2\/comments?post=78472"}],"version-history":[{"count":1,"href":"https:\/\/blogopara.com.br\/index.php\/wp-json\/wp\/v2\/posts\/78472\/revisions"}],"predecessor-version":[{"id":78474,"href":"https:\/\/blogopara.com.br\/index.php\/wp-json\/wp\/v2\/posts\/78472\/revisions\/78474"}],"wp:featuredmedia":[{"embeddable":true,"href":"https:\/\/blogopara.com.br\/index.php\/wp-json\/wp\/v2\/media\/78473"}],"wp:attachment":[{"href":"https:\/\/blogopara.com.br\/index.php\/wp-json\/wp\/v2\/media?parent=78472"}],"wp:term":[{"taxonomy":"category","embeddable":true,"href":"https:\/\/blogopara.com.br\/index.php\/wp-json\/wp\/v2\/categories?post=78472"},{"taxonomy":"post_tag","embeddable":true,"href":"https:\/\/blogopara.com.br\/index.php\/wp-json\/wp\/v2\/tags?post=78472"}],"curies":[{"name":"wp","href":"https:\/\/api.w.org\/{rel}","templated":true}]}}