{"id":78489,"date":"2025-08-11T15:34:37","date_gmt":"2025-08-11T18:34:37","guid":{"rendered":"https:\/\/blogopara.com.br\/?p=78489"},"modified":"2025-08-11T15:34:37","modified_gmt":"2025-08-11T18:34:37","slug":"moraes-fala-em-erros-e-acertos-e-destaca-colegiado-do-judiciario-em-evento-sem-tarcisio","status":"publish","type":"post","link":"https:\/\/blogopara.com.br\/index.php\/2025\/08\/11\/moraes-fala-em-erros-e-acertos-e-destaca-colegiado-do-judiciario-em-evento-sem-tarcisio","title":{"rendered":"Moraes fala em \u2018erros e acertos\u2019 e destaca colegiado do Judici\u00e1rio em evento sem Tarc\u00edsio"},"content":{"rendered":"<p>Alvo do bolsonarismo por sua atua\u00e7\u00e3o no STF (Supremo Tribunal Federal), o ministro Alexandre de Moraes afirmou, na manh\u00e3 desta segunda-feira (11), que qualquer ser humano \u00e9 pass\u00edvel de erros e acertos, defendeu a atua\u00e7\u00e3o de \u00f3rg\u00e3os colegiados do Judici\u00e1rio e disse que se deve fazer um mea culpa para garantir mais seguran\u00e7a jur\u00eddica.<\/p>\n<p>O ministro do STF discursou na abertura de um ciclo de palestras promovido pelo TCE-SP (Tribunal de Contas do Estado de S\u00e3o Paulo), sem a presen\u00e7a do governador Tarc\u00edsio de Freitas (Republicanos), afilhado pol\u00edtico do ex-presidente Jair Bolsonaro (PL), contra quem Moraes determinou a pris\u00e3o domiciliar na semana passada.<\/p>\n<p>\u201cTivemos uma tentativa de golpe de Estado, no dia 8 de janeiro de 2023, e as institui\u00e7\u00f5es reagiram, souberam atuar dentro do que a Constitui\u00e7\u00e3o estabeleceu. N\u00f3s realmente podemos, com erros e acertos, porque isso faz parte de qualquer institui\u00e7\u00e3o composta por seres humanos, elas acabam repetindo os erros dos seres humanos. Exatamente por isso o Judici\u00e1rio \u00e9 um \u00f3rg\u00e3o colegiado, para que uns corrijam os equ\u00edvocos dos outros\u201d, disse Moraes, que \u00e9 relator da trama golpista no STF.<\/p>\n<p>Decis\u00f5es recentes de Moraes contra Bolsonaro, como a proibi\u00e7\u00e3o do uso de redes sociais, foram consideradas amb\u00edguas no meio jur\u00eddico, e a ordem de pris\u00e3o domiciliar do ex-presidente enfrentou resist\u00eancia de uma ala do STF, sob o argumento de que a situa\u00e7\u00e3o tumultuava o cen\u00e1rio pol\u00edtico em momento inadequado.<\/p>\n<p>Nesta segunda, a fala do ministro tocou em pontos pelos quais bolsonaristas o criticam, como as decis\u00f5es colegiadas \u2014Moraes \u00e9 duramente criticado pelo grupo por suas ordens monocr\u00e1ticas. Na frente do TCE, antes do in\u00edcio do evento, havia seis pessoas com camisas em verde e amarelo, portando bandeiras do Brasil, protestando contra o ministro, que sofreu san\u00e7\u00f5es do governo Donald Trump ap\u00f3s press\u00e3o do bolsonarismo.<\/p>\n<p>O ministro, embora tenha defendido a independ\u00eancia do Judici\u00e1rio, declarou que o fortalecimento das institui\u00e7\u00f5es \u201cobviamente n\u00e3o significa c\u00e9u de brigadeiro\u201d e lembrou que, desde a redemocratiza\u00e7\u00e3o, o pa\u00eds passou por dois impeachments.<\/p>\n<p>\u201c\u00c9 urgentemente necess\u00e1rio que n\u00f3s todos que atuamos no mundo jur\u00eddico devemos fazer uma mea culpa, que \u00e9 garantir mais seguran\u00e7a jur\u00eddica\u201d, declarou Moraes.<\/p>\n<p>O magistrado afirmou que \u00e9 necess\u00e1rio atuar tamb\u00e9m para ampliar a seguran\u00e7a p\u00fablica dos estados e que seria importante garantir maior integra\u00e7\u00e3o entre eles \u2013uma demanda feita especialmente por governadores de direita, como o pr\u00f3prio Tarc\u00edsio de Freitas, que, apesar de convidado, n\u00e3o compareceu ao evento do TCE-SP e participou de outra agenda, na \u00e1rea da seguran\u00e7a.<\/p>\n<p>Dentro do audit\u00f3rio onde discursou, o ministro foi recebido com aplausos e defendido pelos presentes com discursos que transformaram o evento, voltado para discutir temas do direito, em uma defesa da atua\u00e7\u00e3o do ministro. \u201cTodos que somos democratas devemos muito ao ministro Alexandre\u201d, disse o ministro do TSE (Tribunal Superior Eleitoral) Floriano de Azevedo Marques Neto.<\/p>\n<p>\u201c\u00c9 verdade que a pr\u00f3pria democracia vem sendo atacada de forma jamais vista desde a redemocratiza\u00e7\u00e3o do mundo, p\u00f3s-segunda grande guerra. E se \u00e9 verdade que vem sendo atacada por um novo populismo extremista, n\u00e3o podemos fingir que n\u00e3o h\u00e1 bases que permitiram esse discurso antidemocr\u00e1tico florescer. E \u00e9 a\u00ed que as institui\u00e7\u00f5es devem se fortalecer para ver como atacar essas bases\u201d, disse Moraes.<\/p>\n<p>Al\u00e9m de Tarc\u00edsio, tamb\u00e9m n\u00e3o compareceu ao evento o deputado estadual Andr\u00e9 do Prado (PL), presidente da Alesp (Assembleia Legislativa de S\u00e3o Paulo), \u00f3rg\u00e3o ao qual o TCE \u00e9 vinculado. Andr\u00e9 \u00e9 pupilo do presidente nacional do PL, Valdemar Costa Neto, e aliado de Bolsonaro.<\/p>\n<p>Defendido por outros palestrantes, Moraes tamb\u00e9m foi tietado pela cantora Paula Lima, que se apresentou ao final da palestra. Ela dedicou ao ministro a m\u00fasica \u201cN\u00e3o Deixe o Samba Morrer\u201d, da cantora Alcione, e disse se tratar de uma das preferidas dele. Ela tamb\u00e9m pediu para romper com o protocolo e deu um abra\u00e7o no ministro.<\/p>\n<p>&nbsp;<\/p>\n<p><span class=\"assinatura_exclusiva\">Juliana Arreguy\/Folhapress<\/span><\/p>\n","protected":false},"excerpt":{"rendered":"<p>Alvo do bolsonarismo por sua atua\u00e7\u00e3o no STF (Supremo Tribunal Federal), o ministro Alexandre de Moraes afirmou, na manh\u00e3 desta segunda-feira (11), que qualquer ser humano \u00e9 pass\u00edvel de erros e acertos, defendeu a atua\u00e7\u00e3o de \u00f3rg\u00e3os colegiados do Judici\u00e1rio e disse que se deve fazer um mea culpa para garantir mais seguran\u00e7a jur\u00eddica. O [&hellip;]<\/p>\n","protected":false},"author":1,"featured_media":48965,"comment_status":"open","ping_status":"open","sticky":false,"template":"","format":"standard","meta":{"_uag_custom_page_level_css":"","_monsterinsights_skip_tracking":false,"_monsterinsights_sitenote_active":false,"_monsterinsights_sitenote_note":"","_monsterinsights_sitenote_category":0,"jetpack_post_was_ever_published":false,"_jetpack_newsletter_access":"","_jetpack_dont_email_post_to_subs":false,"_jetpack_newsletter_tier_id":0,"_jetpack_memberships_contains_paywalled_content":false,"_jetpack_memberships_contains_paid_content":false,"footnotes":"","jetpack_publicize_message":"","jetpack_publicize_feature_enabled":true,"jetpack_social_post_already_shared":true,"jetpack_social_options":{"image_generator_settings":{"template":"highway","default_image_id":0,"font":"","enabled":false},"version":2}},"categories":[200],"tags":[],"class_list":["post-78489","post","type-post","status-publish","format-standard","has-post-thumbnail","hentry","category-brasil"],"jetpack_publicize_connections":[],"jetpack_featured_media_url":"https:\/\/blogopara.com.br\/wp-content\/uploads\/2023\/01\/ministro-alexandre-de-moraes-1.jpeg","uagb_featured_image_src":{"full":["https:\/\/blogopara.com.br\/wp-content\/uploads\/2023\/01\/ministro-alexandre-de-moraes-1.jpeg",499,313,false],"thumbnail":["https:\/\/blogopara.com.br\/wp-content\/uploads\/2023\/01\/ministro-alexandre-de-moraes-1-150x150.jpeg",150,150,true],"medium":["https:\/\/blogopara.com.br\/wp-content\/uploads\/2023\/01\/ministro-alexandre-de-moraes-1-300x188.jpeg",300,188,true],"medium_large":["https:\/\/blogopara.com.br\/wp-content\/uploads\/2023\/01\/ministro-alexandre-de-moraes-1.jpeg",499,313,false],"large":["https:\/\/blogopara.com.br\/wp-content\/uploads\/2023\/01\/ministro-alexandre-de-moraes-1.jpeg",499,313,false],"1536x1536":["https:\/\/blogopara.com.br\/wp-content\/uploads\/2023\/01\/ministro-alexandre-de-moraes-1.jpeg",499,313,false],"2048x2048":["https:\/\/blogopara.com.br\/wp-content\/uploads\/2023\/01\/ministro-alexandre-de-moraes-1.jpeg",499,313,false],"mantranews-slider-large":["https:\/\/blogopara.com.br\/wp-content\/uploads\/2023\/01\/ministro-alexandre-de-moraes-1.jpeg",499,313,false],"mantranews-featured-medium":["https:\/\/blogopara.com.br\/wp-content\/uploads\/2023\/01\/ministro-alexandre-de-moraes-1-420x307.jpeg",420,307,true],"mantranews-featured-long":["https:\/\/blogopara.com.br\/wp-content\/uploads\/2023\/01\/ministro-alexandre-de-moraes-1-300x313.jpeg",300,313,true],"mantranews-block-medium":["https:\/\/blogopara.com.br\/wp-content\/uploads\/2023\/01\/ministro-alexandre-de-moraes-1-464x290.jpeg",464,290,true],"mantranews-carousel-image":["https:\/\/blogopara.com.br\/wp-content\/uploads\/2023\/01\/ministro-alexandre-de-moraes-1.jpeg",499,313,false],"mantranews-block-thumb":["https:\/\/blogopara.com.br\/wp-content\/uploads\/2023\/01\/ministro-alexandre-de-moraes-1-322x230.jpeg",322,230,true],"mantranews-single-large":["https:\/\/blogopara.com.br\/wp-content\/uploads\/2023\/01\/ministro-alexandre-de-moraes-1.jpeg",499,313,false]},"uagb_author_info":{"display_name":"Reda\u00e7\u00e3o geral","author_link":"https:\/\/blogopara.com.br\/index.php\/author\/blogopara"},"uagb_comment_info":0,"uagb_excerpt":"Alvo do bolsonarismo por sua atua\u00e7\u00e3o no STF (Supremo Tribunal Federal), o ministro Alexandre de Moraes afirmou, na manh\u00e3 desta segunda-feira (11), que qualquer ser humano \u00e9 pass\u00edvel de erros e acertos, defendeu a atua\u00e7\u00e3o de \u00f3rg\u00e3os colegiados do Judici\u00e1rio e disse que se deve fazer um mea culpa para garantir mais seguran\u00e7a jur\u00eddica. O&hellip;","jetpack_sharing_enabled":true,"jetpack_likes_enabled":true,"_links":{"self":[{"href":"https:\/\/blogopara.com.br\/index.php\/wp-json\/wp\/v2\/posts\/78489","targetHints":{"allow":["GET"]}}],"collection":[{"href":"https:\/\/blogopara.com.br\/index.php\/wp-json\/wp\/v2\/posts"}],"about":[{"href":"https:\/\/blogopara.com.br\/index.php\/wp-json\/wp\/v2\/types\/post"}],"author":[{"embeddable":true,"href":"https:\/\/blogopara.com.br\/index.php\/wp-json\/wp\/v2\/users\/1"}],"replies":[{"embeddable":true,"href":"https:\/\/blogopara.com.br\/index.php\/wp-json\/wp\/v2\/comments?post=78489"}],"version-history":[{"count":1,"href":"https:\/\/blogopara.com.br\/index.php\/wp-json\/wp\/v2\/posts\/78489\/revisions"}],"predecessor-version":[{"id":78490,"href":"https:\/\/blogopara.com.br\/index.php\/wp-json\/wp\/v2\/posts\/78489\/revisions\/78490"}],"wp:featuredmedia":[{"embeddable":true,"href":"https:\/\/blogopara.com.br\/index.php\/wp-json\/wp\/v2\/media\/48965"}],"wp:attachment":[{"href":"https:\/\/blogopara.com.br\/index.php\/wp-json\/wp\/v2\/media?parent=78489"}],"wp:term":[{"taxonomy":"category","embeddable":true,"href":"https:\/\/blogopara.com.br\/index.php\/wp-json\/wp\/v2\/categories?post=78489"},{"taxonomy":"post_tag","embeddable":true,"href":"https:\/\/blogopara.com.br\/index.php\/wp-json\/wp\/v2\/tags?post=78489"}],"curies":[{"name":"wp","href":"https:\/\/api.w.org\/{rel}","templated":true}]}}