{"id":78491,"date":"2025-08-11T15:38:43","date_gmt":"2025-08-11T18:38:43","guid":{"rendered":"https:\/\/blogopara.com.br\/?p=78491"},"modified":"2025-08-11T15:38:43","modified_gmt":"2025-08-11T18:38:43","slug":"interno-foge-do-presidio-de-salvador-durante-banho-de-sol","status":"publish","type":"post","link":"https:\/\/blogopara.com.br\/index.php\/2025\/08\/11\/interno-foge-do-presidio-de-salvador-durante-banho-de-sol","title":{"rendered":"Interno foge do Pres\u00eddio de Salvador durante banho de sol"},"content":{"rendered":"<p>Um interno do Pres\u00eddio de Salvador, localizado no bairro da Mata Escura, evadiu na manh\u00e3 deste domingo (10) enquanto participava do banho de sol em uma das \u00e1reas externas do complexo penal. A fuga foi confirmada pela Secretaria de Administra\u00e7\u00e3o Penitenci\u00e1ria e Ressocializa\u00e7\u00e3o (Seap).<\/p>\n<p>Segundo a Seap, o detento, identificado como Jos\u00e9 Alisson Vieira dos Anjos Santana, vestia farda amarela e atuava na manuten\u00e7\u00e3o da \u00e1rea perimetral da unidade, como parte de um programa de ressocializa\u00e7\u00e3o. A evas\u00e3o ocorreu durante o per\u00edodo de banho de sol, quando o interno teria aproveitado para deixar o local sem autoriza\u00e7\u00e3o.<\/p>\n<p>O caso \u00e9 tratado como evas\u00e3o, e n\u00e3o como fuga tradicional, j\u00e1 que o homem n\u00e3o rompeu estruturas internas do pres\u00eddio. Equipes da Pol\u00edcia Penal iniciaram buscas na mata que circunda o complexo, enquanto o batalh\u00e3o da Pol\u00edcia Militar respons\u00e1vel pelo per\u00edmetro tamb\u00e9m foi mobilizado. Jos\u00e9 Alisson responde por crime de les\u00e3o corporal contra a mulher.<\/p>\n<p>&nbsp;<\/p>\n<p><span class=\"assinatura_exclusiva\">Pol\u00edtica Livre<\/span><\/p>\n","protected":false},"excerpt":{"rendered":"<p>Um interno do Pres\u00eddio de Salvador, localizado no bairro da Mata Escura, evadiu na manh\u00e3 deste domingo (10) enquanto participava do banho de sol em uma das \u00e1reas externas do complexo penal. A fuga foi confirmada pela Secretaria de Administra\u00e7\u00e3o Penitenci\u00e1ria e Ressocializa\u00e7\u00e3o (Seap). Segundo a Seap, o detento, identificado como Jos\u00e9 Alisson Vieira dos [&hellip;]<\/p>\n","protected":false},"author":1,"featured_media":78492,"comment_status":"open","ping_status":"open","sticky":false,"template":"","format":"standard","meta":{"_uag_custom_page_level_css":"","_monsterinsights_skip_tracking":false,"_monsterinsights_sitenote_active":false,"_monsterinsights_sitenote_note":"","_monsterinsights_sitenote_category":0,"jetpack_post_was_ever_published":false,"_jetpack_newsletter_access":"","_jetpack_dont_email_post_to_subs":false,"_jetpack_newsletter_tier_id":0,"_jetpack_memberships_contains_paywalled_content":false,"_jetpack_memberships_contains_paid_content":false,"footnotes":"","jetpack_publicize_message":"","jetpack_publicize_feature_enabled":true,"jetpack_social_post_already_shared":true,"jetpack_social_options":{"image_generator_settings":{"template":"highway","default_image_id":0,"font":"","enabled":false},"version":2}},"categories":[199],"tags":[],"class_list":["post-78491","post","type-post","status-publish","format-standard","has-post-thumbnail","hentry","category-bahia"],"jetpack_publicize_connections":[],"jetpack_featured_media_url":"https:\/\/blogopara.com.br\/wp-content\/uploads\/2025\/08\/image.png","uagb_featured_image_src":{"full":["https:\/\/blogopara.com.br\/wp-content\/uploads\/2025\/08\/image.png",500,329,false],"thumbnail":["https:\/\/blogopara.com.br\/wp-content\/uploads\/2025\/08\/image-150x150.png",150,150,true],"medium":["https:\/\/blogopara.com.br\/wp-content\/uploads\/2025\/08\/image-300x197.png",300,197,true],"medium_large":["https:\/\/blogopara.com.br\/wp-content\/uploads\/2025\/08\/image.png",500,329,false],"large":["https:\/\/blogopara.com.br\/wp-content\/uploads\/2025\/08\/image.png",500,329,false],"1536x1536":["https:\/\/blogopara.com.br\/wp-content\/uploads\/2025\/08\/image.png",500,329,false],"2048x2048":["https:\/\/blogopara.com.br\/wp-content\/uploads\/2025\/08\/image.png",500,329,false],"mantranews-slider-large":["https:\/\/blogopara.com.br\/wp-content\/uploads\/2025\/08\/image.png",500,329,false],"mantranews-featured-medium":["https:\/\/blogopara.com.br\/wp-content\/uploads\/2025\/08\/image-420x307.png",420,307,true],"mantranews-featured-long":["https:\/\/blogopara.com.br\/wp-content\/uploads\/2025\/08\/image-300x329.png",300,329,true],"mantranews-block-medium":["https:\/\/blogopara.com.br\/wp-content\/uploads\/2025\/08\/image-464x290.png",464,290,true],"mantranews-carousel-image":["https:\/\/blogopara.com.br\/wp-content\/uploads\/2025\/08\/image.png",500,329,false],"mantranews-block-thumb":["https:\/\/blogopara.com.br\/wp-content\/uploads\/2025\/08\/image-322x230.png",322,230,true],"mantranews-single-large":["https:\/\/blogopara.com.br\/wp-content\/uploads\/2025\/08\/image.png",500,329,false]},"uagb_author_info":{"display_name":"Reda\u00e7\u00e3o geral","author_link":"https:\/\/blogopara.com.br\/index.php\/author\/blogopara"},"uagb_comment_info":0,"uagb_excerpt":"Um interno do Pres\u00eddio de Salvador, localizado no bairro da Mata Escura, evadiu na manh\u00e3 deste domingo (10) enquanto participava do banho de sol em uma das \u00e1reas externas do complexo penal. A fuga foi confirmada pela Secretaria de Administra\u00e7\u00e3o Penitenci\u00e1ria e Ressocializa\u00e7\u00e3o (Seap). Segundo a Seap, o detento, identificado como Jos\u00e9 Alisson Vieira dos&hellip;","jetpack_sharing_enabled":true,"jetpack_likes_enabled":true,"_links":{"self":[{"href":"https:\/\/blogopara.com.br\/index.php\/wp-json\/wp\/v2\/posts\/78491","targetHints":{"allow":["GET"]}}],"collection":[{"href":"https:\/\/blogopara.com.br\/index.php\/wp-json\/wp\/v2\/posts"}],"about":[{"href":"https:\/\/blogopara.com.br\/index.php\/wp-json\/wp\/v2\/types\/post"}],"author":[{"embeddable":true,"href":"https:\/\/blogopara.com.br\/index.php\/wp-json\/wp\/v2\/users\/1"}],"replies":[{"embeddable":true,"href":"https:\/\/blogopara.com.br\/index.php\/wp-json\/wp\/v2\/comments?post=78491"}],"version-history":[{"count":1,"href":"https:\/\/blogopara.com.br\/index.php\/wp-json\/wp\/v2\/posts\/78491\/revisions"}],"predecessor-version":[{"id":78493,"href":"https:\/\/blogopara.com.br\/index.php\/wp-json\/wp\/v2\/posts\/78491\/revisions\/78493"}],"wp:featuredmedia":[{"embeddable":true,"href":"https:\/\/blogopara.com.br\/index.php\/wp-json\/wp\/v2\/media\/78492"}],"wp:attachment":[{"href":"https:\/\/blogopara.com.br\/index.php\/wp-json\/wp\/v2\/media?parent=78491"}],"wp:term":[{"taxonomy":"category","embeddable":true,"href":"https:\/\/blogopara.com.br\/index.php\/wp-json\/wp\/v2\/categories?post=78491"},{"taxonomy":"post_tag","embeddable":true,"href":"https:\/\/blogopara.com.br\/index.php\/wp-json\/wp\/v2\/tags?post=78491"}],"curies":[{"name":"wp","href":"https:\/\/api.w.org\/{rel}","templated":true}]}}