{"id":78494,"date":"2025-08-12T10:22:45","date_gmt":"2025-08-12T13:22:45","guid":{"rendered":"https:\/\/blogopara.com.br\/?p=78494"},"modified":"2025-08-12T10:22:45","modified_gmt":"2025-08-12T13:22:45","slug":"salvador-e-regiao-metropolitana-registram-mais-de-1-mil-tiroteios-so-neste-ano","status":"publish","type":"post","link":"https:\/\/blogopara.com.br\/index.php\/2025\/08\/12\/salvador-e-regiao-metropolitana-registram-mais-de-1-mil-tiroteios-so-neste-ano","title":{"rendered":"Salvador e regi\u00e3o metropolitana registram mais de 1 mil tiroteios s\u00f3 neste ano"},"content":{"rendered":"<div class=\"flex flex-col w-full font-normal text-[18px] leading-[30px] text-tw-theme-text-default\">\n<p id=\"paragrafo-h1s717lgj0\">O intenso tiroteio registrado na noite desse domingo (10)\u00a0no bairro do Stiep, que obrigou motoristas a darem r\u00e9, trafegarem na contram\u00e3o e fez pedestres se jogarem no ch\u00e3o em busca de prote\u00e7\u00e3o, foi apenas um dos 1.019 epis\u00f3dios de troca de tiros ocorridos neste ano em Salvador e regi\u00e3o metropolitana, desde 1\u00ba de janeiro at\u00e9 11 de agosto, segundo dados do Instituto Fogo Cruzado.<\/p>\n<\/div>\n<div class=\"flex flex-col w-full font-normal text-[18px] leading-[30px] text-tw-theme-text-default\">\n<p id=\"paragrafo-jp1vd6z0ur\">Do total, 437 aconteceram durante a\u00e7\u00f5es policiais. No per\u00edodo, 835 pessoas perderam a vida &#8211; 368 em opera\u00e7\u00f5es das for\u00e7as de seguran\u00e7a &#8211; e outras 206 ficaram feridas, sendo 55 em confrontos com participa\u00e7\u00e3o policial.<\/p>\n<\/div>\n<div class=\"flex flex-col w-full font-normal text-[18px] leading-[30px] text-tw-theme-text-default\">\n<p id=\"paragrafo-jmnu1k8tys\">No mesmo per\u00edodo do ano passado, foram cem tiroteios a mais (1.119), sendo 436 durante a\u00e7\u00f5es policiais, com um total de 814 mortos e 209 feridos. Apesar da quantidade maior de tiroteios em 2024, o n\u00famero de mortos no ano passado foi menor.<\/p>\n<\/div>\n<div class=\"flex flex-col w-full font-normal text-[18px] leading-[30px] text-tw-theme-text-default\">\n<p id=\"paragrafo-ck5uqxtjrd\">No tiroteio desse domingo, um suspeito foi morto no confronto com policias militares. Segundo a PM, o conflito come\u00e7ou quando uma equipe foi acionada para averiguar a presen\u00e7a de homens armados, em uma a\u00e7\u00e3o de ocupa\u00e7\u00e3o de territ\u00f3rio, na localidade conhecida como Inferninho.<\/p>\n<\/div>\n<div class=\"flex flex-col w-full font-normal text-[18px] leading-[30px] text-tw-theme-text-default\">\n<p id=\"paragrafo-7vkgzuicti\">Ao chegarem, os policiais iniciaram as buscas, vindo a localizar os criminosos na regi\u00e3o conhecida como Morro do Borel. Os militares foram recebidos a tiros e houve o revide. Ap\u00f3s o confronto, um suspeito foi encontrado ferido e socorrido para o Hospital Geral do Estado (HGE), onde morreu.<\/p>\n<\/div>\n<div class=\"flex flex-col w-full font-normal text-[18px] leading-[30px] text-tw-theme-text-default\">\n<p id=\"paragrafo-ftaavha5is\">Com ele, foram apreendidos uma carabina de calibre 556, com um carregador e 41 muni\u00e7\u00f5es, nove por\u00e7\u00f5es de maconha e uma balaclava, que foram encaminhados para o registro da ocorr\u00eancia junto ao Departamento de Homic\u00eddios e de Prote\u00e7\u00e3o \u00e0 Pessoa (DHPP).<\/p>\n<\/div>\n<div class=\"flex flex-col w-full font-normal text-[18px] leading-[30px] text-tw-theme-text-default\">\n<p id=\"paragrafo-i1x6j3krgt\">Uma mulher, que preferiu n\u00e3o se identificar, relatou que a fam\u00edlia estava na piscina do pr\u00e9dio quando os tiros come\u00e7aram. \u201cMinha irm\u00e3, meus filhos e netos estavam na piscina do condom\u00ednio. Eles se jogaram no ch\u00e3o da piscina porque o tiroteio foi bem na ladeira do antigo Centro de Conven\u00e7\u00f5es\u201d, contou ela.<\/p>\n<\/div>\n<div class=\"flex flex-col w-full font-normal text-[18px] leading-[30px] text-tw-theme-text-default\">\n<p id=\"paragrafo-urz6aekkle\">Outro morador, que tamb\u00e9m pediu que o seu nome seja preservado, afirmou que houve correria na \u00e1rea da portaria do seu pr\u00e9dio. \u201cFoi Dia dos Pais e tinha gente chegando e saindo do meu pr\u00e9dio. O pessoal que estava na portaria, por exemplo, correu na hora que os pipocos come\u00e7aram. O porteiro ficou abaixado na guarita por n\u00e3o saber o que fazer. O barulho foi t\u00e3o forte que parecia que estava dentro do pr\u00e9dio\u201d, detalhou a fonte.<\/p>\n<\/div>\n<div class=\"flex flex-col w-full font-normal text-[18px] leading-[30px] text-tw-theme-text-default\">\n<p id=\"paragrafo-c116e9bca2\">Na manh\u00e3 do mesmo domingo, a abertura do Mundial Feminino de Polo Aqu\u00e1tico Sub-20, em Salvador,\u00a0precisou ser interrompida por causa da viol\u00eancia no bairro da Pituba. Enquanto as sele\u00e7\u00f5es do Canad\u00e1 e da China se enfrentavam, dois disparos foram registrados nas proximidades da Arena Aqu\u00e1tica de Salvador, sede da competi\u00e7\u00e3o, na orla do bairro.<\/p>\n<\/div>\n<div class=\"flex flex-col w-full font-normal text-[18px] leading-[30px] text-tw-theme-text-default\">\n<p id=\"paragrafo-bgicoqpvus\">O momento dos tiros foi transmitido ao vivo. Nas imagens, as jogadoras disputam a bola quando o som de um disparo ecoa, levando o p\u00fablico nas arquibancadas a se abaixar. Em seguida, as atletas deixam a piscina e se deitam no ch\u00e3o, seguindo orienta\u00e7\u00e3o da treinadora.<\/p>\n<\/div>\n<div class=\"flex flex-col w-full font-normal text-[18px] leading-[30px] text-tw-theme-text-default\">\n<p id=\"paragrafo-sv5e8zjb2b\">O epis\u00f3dio ganhou\u00a0repercuss\u00e3o internacional: a rede canadense Sportsnet destacou o impacto direto sobre sua equipe, enquanto a Al Jazeera descreveu em detalhes como as jogadoras sa\u00edram da \u00e1gua, buscaram abrigo atr\u00e1s de uma pequena barreira e aguardaram o fim da amea\u00e7a.<\/p>\n<\/div>\n<div class=\"flex flex-col w-full\">\n<h2 id=\"intertitulo-xqavbqbui9\" class=\"font-family-secondary text-tw-theme-box-titulo-default text-[26px] leading-[38px] font-bold md:text-[31px]\">Outros dados<\/h2>\n<\/div>\n<div class=\"flex flex-col w-full font-normal text-[18px] leading-[30px] text-tw-theme-text-default\">\n<p id=\"paragrafo-lm6rpz9pib\"><a class=\"link\" href=\"https:\/\/www.correio24horas.com.br\/salvador\/salvador-teve-100-mortes-por-tiroteio-em-apenas-um-mes-aponta-fogo-cruzado-0825\" target=\"_blank\" rel=\"noopener\">S\u00f3 em julho<\/a>, Salvador e regi\u00e3o metropolitana registraram 133 tiroteios. Ao todo, os confrontos resultaram na morte de 101 pessoas e deixaram outras 30 feridas, tamb\u00e9m segundo o Instituto Fogo Cruzado.<\/p>\n<\/div>\n<div class=\"flex flex-col w-full font-normal text-[18px] leading-[30px] text-tw-theme-text-default\">\n<p id=\"paragrafo-p0vuxqtug5\">Nesses primeiros 11 dias de agosto, foram 35 trocas de tiros na capital baiana e na RMS.\u00a0O governador Jer\u00f4nimo Rodrigues (PT) classificou a situa\u00e7\u00e3o como\u00a0uma \u201cresposta \u00e0 a\u00e7\u00e3o da pol\u00edcia&#8221;: &#8220;Entendo que a presen\u00e7a da pol\u00edcia tem sido antecipada em alguns casos e muitos deles s\u00e3o por conta das opera\u00e7\u00f5es que n\u00f3s estamos fazendo. [\u00c9] um cerco forte ao crime organizado da Bahia\u201d, declarou ele nessa segunda-feira (11).<\/p>\n<\/div>\n<div class=\"flex flex-col w-full font-normal text-[18px] leading-[30px] text-tw-theme-text-default\">\n<p id=\"paragrafo-5188s2kh09\">A Secretaria de Seguran\u00e7a P\u00fablica da Bahia (SSP) divulgou que os Anu\u00e1rios de Seguran\u00e7a do F\u00f3rum Brasileiro de Seguran\u00e7a P\u00fablica (FBSP), entre\u00a02016 e 2024, mostram uma redu\u00e7\u00e3o de 30% da taxa de homic\u00eddios dolosos em todo o estado.<\/p>\n<\/div>\n<div class=\"flex flex-col w-full font-normal text-[18px] leading-[30px] text-tw-theme-text-default\">\n<p id=\"paragrafo-gdkvwclca8\">Em 2016, o Anu\u00e1rio indicou a taxa de 41,3 homic\u00eddios a cada 100 mil habitantes. No \u00faltimo estudo, divulgado no final do m\u00eas de julho, os pesquisadores apresentaram uma taxa de 29 mortes a cada 100 mil habitantes, em 2024.<\/p>\n<\/div>\n<div class=\"flex flex-col w-full font-normal text-[18px] leading-[30px] text-tw-theme-text-default\">\n<p id=\"paragrafo-fr43zi9nn9\">\u201cA diminui\u00e7\u00e3o de 12,3 pontos tem rela\u00e7\u00e3o direta com a contra\u00e7\u00e3o de seis mil profissionais para as For\u00e7as Policiais e de Bombeiros, com as aquisi\u00e7\u00f5es de novos equipamentos de intelig\u00eancia, fortalecimento da criminal\u00edstica e amplia\u00e7\u00e3o do uso da tecnologia\u201d, afirmou o secret\u00e1rio da Seguran\u00e7a P\u00fablica, Marcelo Werner.<\/p>\n<\/div>\n","protected":false},"excerpt":{"rendered":"<p>O intenso tiroteio registrado na noite desse domingo (10)\u00a0no bairro do Stiep, que obrigou motoristas a darem r\u00e9, trafegarem na contram\u00e3o e fez pedestres se jogarem no ch\u00e3o em busca de prote\u00e7\u00e3o, foi apenas um dos 1.019 epis\u00f3dios de troca de tiros ocorridos neste ano em Salvador e regi\u00e3o metropolitana, desde 1\u00ba de janeiro at\u00e9 [&hellip;]<\/p>\n","protected":false},"author":1,"featured_media":55210,"comment_status":"open","ping_status":"open","sticky":false,"template":"","format":"standard","meta":{"_uag_custom_page_level_css":"","_monsterinsights_skip_tracking":false,"_monsterinsights_sitenote_active":false,"_monsterinsights_sitenote_note":"","_monsterinsights_sitenote_category":0,"jetpack_post_was_ever_published":false,"_jetpack_newsletter_access":"","_jetpack_dont_email_post_to_subs":false,"_jetpack_newsletter_tier_id":0,"_jetpack_memberships_contains_paywalled_content":false,"_jetpack_memberships_contains_paid_content":false,"footnotes":"","jetpack_publicize_message":"","jetpack_publicize_feature_enabled":true,"jetpack_social_post_already_shared":true,"jetpack_social_options":{"image_generator_settings":{"template":"highway","default_image_id":0,"font":"","enabled":false},"version":2}},"categories":[199],"tags":[],"class_list":["post-78494","post","type-post","status-publish","format-standard","has-post-thumbnail","hentry","category-bahia"],"jetpack_publicize_connections":[],"jetpack_featured_media_url":"https:\/\/blogopara.com.br\/wp-content\/uploads\/2023\/07\/violencia.jpg","uagb_featured_image_src":{"full":["https:\/\/blogopara.com.br\/wp-content\/uploads\/2023\/07\/violencia.jpg",500,281,false],"thumbnail":["https:\/\/blogopara.com.br\/wp-content\/uploads\/2023\/07\/violencia-150x150.jpg",150,150,true],"medium":["https:\/\/blogopara.com.br\/wp-content\/uploads\/2023\/07\/violencia-300x169.jpg",300,169,true],"medium_large":["https:\/\/blogopara.com.br\/wp-content\/uploads\/2023\/07\/violencia.jpg",500,281,false],"large":["https:\/\/blogopara.com.br\/wp-content\/uploads\/2023\/07\/violencia.jpg",500,281,false],"1536x1536":["https:\/\/blogopara.com.br\/wp-content\/uploads\/2023\/07\/violencia.jpg",500,281,false],"2048x2048":["https:\/\/blogopara.com.br\/wp-content\/uploads\/2023\/07\/violencia.jpg",500,281,false],"mantranews-slider-large":["https:\/\/blogopara.com.br\/wp-content\/uploads\/2023\/07\/violencia.jpg",500,281,false],"mantranews-featured-medium":["https:\/\/blogopara.com.br\/wp-content\/uploads\/2023\/07\/violencia-420x281.jpg",420,281,true],"mantranews-featured-long":["https:\/\/blogopara.com.br\/wp-content\/uploads\/2023\/07\/violencia-300x281.jpg",300,281,true],"mantranews-block-medium":["https:\/\/blogopara.com.br\/wp-content\/uploads\/2023\/07\/violencia-464x281.jpg",464,281,true],"mantranews-carousel-image":["https:\/\/blogopara.com.br\/wp-content\/uploads\/2023\/07\/violencia.jpg",500,281,false],"mantranews-block-thumb":["https:\/\/blogopara.com.br\/wp-content\/uploads\/2023\/07\/violencia-322x230.jpg",322,230,true],"mantranews-single-large":["https:\/\/blogopara.com.br\/wp-content\/uploads\/2023\/07\/violencia.jpg",500,281,false]},"uagb_author_info":{"display_name":"Reda\u00e7\u00e3o geral","author_link":"https:\/\/blogopara.com.br\/index.php\/author\/blogopara"},"uagb_comment_info":0,"uagb_excerpt":"O intenso tiroteio registrado na noite desse domingo (10)\u00a0no bairro do Stiep, que obrigou motoristas a darem r\u00e9, trafegarem na contram\u00e3o e fez pedestres se jogarem no ch\u00e3o em busca de prote\u00e7\u00e3o, foi apenas um dos 1.019 epis\u00f3dios de troca de tiros ocorridos neste ano em Salvador e regi\u00e3o metropolitana, desde 1\u00ba de janeiro at\u00e9&hellip;","jetpack_sharing_enabled":true,"jetpack_likes_enabled":true,"_links":{"self":[{"href":"https:\/\/blogopara.com.br\/index.php\/wp-json\/wp\/v2\/posts\/78494","targetHints":{"allow":["GET"]}}],"collection":[{"href":"https:\/\/blogopara.com.br\/index.php\/wp-json\/wp\/v2\/posts"}],"about":[{"href":"https:\/\/blogopara.com.br\/index.php\/wp-json\/wp\/v2\/types\/post"}],"author":[{"embeddable":true,"href":"https:\/\/blogopara.com.br\/index.php\/wp-json\/wp\/v2\/users\/1"}],"replies":[{"embeddable":true,"href":"https:\/\/blogopara.com.br\/index.php\/wp-json\/wp\/v2\/comments?post=78494"}],"version-history":[{"count":1,"href":"https:\/\/blogopara.com.br\/index.php\/wp-json\/wp\/v2\/posts\/78494\/revisions"}],"predecessor-version":[{"id":78495,"href":"https:\/\/blogopara.com.br\/index.php\/wp-json\/wp\/v2\/posts\/78494\/revisions\/78495"}],"wp:featuredmedia":[{"embeddable":true,"href":"https:\/\/blogopara.com.br\/index.php\/wp-json\/wp\/v2\/media\/55210"}],"wp:attachment":[{"href":"https:\/\/blogopara.com.br\/index.php\/wp-json\/wp\/v2\/media?parent=78494"}],"wp:term":[{"taxonomy":"category","embeddable":true,"href":"https:\/\/blogopara.com.br\/index.php\/wp-json\/wp\/v2\/categories?post=78494"},{"taxonomy":"post_tag","embeddable":true,"href":"https:\/\/blogopara.com.br\/index.php\/wp-json\/wp\/v2\/tags?post=78494"}],"curies":[{"name":"wp","href":"https:\/\/api.w.org\/{rel}","templated":true}]}}