{"id":78501,"date":"2025-08-12T11:01:39","date_gmt":"2025-08-12T14:01:39","guid":{"rendered":"https:\/\/blogopara.com.br\/?p=78501"},"modified":"2025-08-12T11:01:39","modified_gmt":"2025-08-12T14:01:39","slug":"prefeitura-de-senhor-do-bonfim-realiza-3a-audiencia-publica-para-construcao-do-plano-plurianual-2026-2029-nesta-quarta-13","status":"publish","type":"post","link":"https:\/\/blogopara.com.br\/index.php\/2025\/08\/12\/prefeitura-de-senhor-do-bonfim-realiza-3a-audiencia-publica-para-construcao-do-plano-plurianual-2026-2029-nesta-quarta-13","title":{"rendered":"Prefeitura de Senhor do Bonfim realiza 3\u00aa Audi\u00eancia P\u00fablica para constru\u00e7\u00e3o do Plano Plurianual 2026\u20132029 nesta quarta (13) \u00a0\u00a0"},"content":{"rendered":"<div class=\"x_gmail-OutlineElement x_gmail-Ltr x_gmail-SCXW78961041 x_gmail-BCX0\">\n<p class=\"x_gmail-Paragraph x_gmail-SCXW78961041 x_gmail-BCX0\" lang=\"PT-BR\"><span class=\"x_gmail-TextRun x_gmail-SCXW78961041 x_gmail-BCX0\" lang=\"PT-BR\" style=\"font-size: 1rem;\"><span class=\"x_gmail-NormalTextRun x_gmail-SCXW78961041 x_gmail-BCX0\">A Prefeitura de Senhor do Bonfim, por meio da Secretaria Municipal de Finan\u00e7as e Or\u00e7amento, realiza nesta quarta-feira (13), \u00e0s 9h, no audit\u00f3rio do Sebrae, a 3\u00aa Audi\u00eancia P\u00fablica para a constru\u00e7\u00e3o do Plano Plurianual (PPA) 2026\u20132029. A audi\u00eancia \u00e9 aberta a toda a popula\u00e7\u00e3o, que poder\u00e1 apresentar propostas e sugest\u00f5es para contribuir com o desenvolvimento de Senhor do Bonfim.<\/span><\/span><span class=\"x_gmail-EOP x_gmail-SCXW78961041 x_gmail-BCX0\" style=\"font-size: 1rem;\">\u00a0<\/span><\/p>\n<\/div>\n<div class=\"x_gmail-OutlineElement x_gmail-Ltr x_gmail-SCXW78961041 x_gmail-BCX0\">\n<p class=\"x_gmail-Paragraph x_gmail-SCXW78961041 x_gmail-BCX0\" lang=\"PT-BR\"><span class=\"x_gmail-TextRun x_gmail-SCXW78961041 x_gmail-BCX0\" lang=\"PT-BR\"><span class=\"x_gmail-NormalTextRun x_gmail-SCXW78961041 x_gmail-BCX0\">O PPA \u00e9 o instrumento de planejamento que define as diretrizes, objetivos e metas da administra\u00e7\u00e3o p\u00fablica para os pr\u00f3ximos quatro anos, orientando as a\u00e7\u00f5es e investimentos do munic\u00edpio.\u00a0<\/span><span class=\"x_gmail-NormalTextRun x_gmail-SCXW78961041 x_gmail-BCX0\">\u00a0<\/span><\/span><span class=\"x_gmail-EOP x_gmail-SCXW78961041 x_gmail-BCX0\">\u00a0<\/span><\/p>\n<\/div>\n<div class=\"x_gmail-OutlineElement x_gmail-Ltr x_gmail-SCXW78961041 x_gmail-BCX0\">\n<p class=\"x_gmail-Paragraph x_gmail-SCXW78961041 x_gmail-BCX0\" lang=\"PT-BR\"><span class=\"x_gmail-TextRun x_gmail-SCXW78961041 x_gmail-BCX0\" lang=\"PT-BR\"><span class=\"x_gmail-NormalTextRun x_gmail-SCXW78961041 x_gmail-BCX0\">De acordo com a secret\u00e1ria municipal de Finan\u00e7as e Or\u00e7amento, Elisangela Passos, a participa\u00e7\u00e3o popular \u00e9 fundamental para a constru\u00e7\u00e3o de um planejamento eficaz e democr\u00e1tico. \u201cO PPA n\u00e3o \u00e9 apenas um documento t\u00e9cnico, \u00e9 o reflexo das necessidades e dos sonhos da nossa popula\u00e7\u00e3o. Quando cada cidad\u00e3o participa, conseguimos planejar uma cidade mais justa, eficiente e com investimentos que realmente atendam \u00e0s demandas da comunidade\u201d, destacou.<\/span><\/span><span class=\"x_gmail-EOP x_gmail-SCXW78961041 x_gmail-BCX0\">\u00a0<\/span><\/p>\n<\/div>\n<div class=\"x_gmail-OutlineElement x_gmail-Ltr x_gmail-SCXW78961041 x_gmail-BCX0\">\n<p class=\"x_gmail-Paragraph x_gmail-SCXW78961041 x_gmail-BCX0\" lang=\"PT-BR\"><span class=\"x_gmail-TextRun x_gmail-SCXW78961041 x_gmail-BCX0\" lang=\"PT-BR\"><span class=\"x_gmail-NormalTextRun x_gmail-SCXW78961041 x_gmail-BCX0\">\u00a0<\/span><\/span><span class=\"x_gmail-EOP x_gmail-SCXW78961041 x_gmail-BCX0\">\u00a0<\/span><\/p>\n<\/div>\n<div class=\"x_gmail-OutlineElement x_gmail-Ltr x_gmail-SCXW78961041 x_gmail-BCX0\">\n<p class=\"x_gmail-Paragraph x_gmail-SCXW78961041 x_gmail-BCX0\" lang=\"PT-BR\"><span class=\"x_gmail-TextRun x_gmail-SCXW78961041 x_gmail-BCX0\" lang=\"PT-BR\"><span class=\"x_gmail-NormalTextRun x_gmail-SCXW78961041 x_gmail-BCX0\">Texto: Ascom PMSB<\/span><\/span><span class=\"x_gmail-EOP x_gmail-SCXW78961041 x_gmail-BCX0\">\u00a0<\/span><\/p>\n<\/div>\n","protected":false},"excerpt":{"rendered":"<p>A Prefeitura de Senhor do Bonfim, por meio da Secretaria Municipal de Finan\u00e7as e Or\u00e7amento, realiza nesta quarta-feira (13), \u00e0s 9h, no audit\u00f3rio do Sebrae, a 3\u00aa Audi\u00eancia P\u00fablica para a constru\u00e7\u00e3o do Plano Plurianual (PPA) 2026\u20132029. A audi\u00eancia \u00e9 aberta a toda a popula\u00e7\u00e3o, que poder\u00e1 apresentar propostas e sugest\u00f5es para contribuir com o [&hellip;]<\/p>\n","protected":false},"author":1,"featured_media":78502,"comment_status":"open","ping_status":"open","sticky":false,"template":"","format":"standard","meta":{"_uag_custom_page_level_css":"","_monsterinsights_skip_tracking":false,"_monsterinsights_sitenote_active":false,"_monsterinsights_sitenote_note":"","_monsterinsights_sitenote_category":0,"jetpack_post_was_ever_published":false,"_jetpack_newsletter_access":"","_jetpack_dont_email_post_to_subs":false,"_jetpack_newsletter_tier_id":0,"_jetpack_memberships_contains_paywalled_content":false,"_jetpack_memberships_contains_paid_content":false,"footnotes":"","jetpack_publicize_message":"","jetpack_publicize_feature_enabled":true,"jetpack_social_post_already_shared":true,"jetpack_social_options":{"image_generator_settings":{"template":"highway","default_image_id":0,"font":"","enabled":false},"version":2}},"categories":[199],"tags":[],"class_list":["post-78501","post","type-post","status-publish","format-standard","has-post-thumbnail","hentry","category-bahia"],"jetpack_publicize_connections":[],"jetpack_featured_media_url":"https:\/\/blogopara.com.br\/wp-content\/uploads\/2025\/08\/WhatsApp-Image-2025-08-11-at-16.46.20.jpeg","uagb_featured_image_src":{"full":["https:\/\/blogopara.com.br\/wp-content\/uploads\/2025\/08\/WhatsApp-Image-2025-08-11-at-16.46.20.jpeg",499,521,false],"thumbnail":["https:\/\/blogopara.com.br\/wp-content\/uploads\/2025\/08\/WhatsApp-Image-2025-08-11-at-16.46.20-150x150.jpeg",150,150,true],"medium":["https:\/\/blogopara.com.br\/wp-content\/uploads\/2025\/08\/WhatsApp-Image-2025-08-11-at-16.46.20-287x300.jpeg",287,300,true],"medium_large":["https:\/\/blogopara.com.br\/wp-content\/uploads\/2025\/08\/WhatsApp-Image-2025-08-11-at-16.46.20.jpeg",499,521,false],"large":["https:\/\/blogopara.com.br\/wp-content\/uploads\/2025\/08\/WhatsApp-Image-2025-08-11-at-16.46.20.jpeg",499,521,false],"1536x1536":["https:\/\/blogopara.com.br\/wp-content\/uploads\/2025\/08\/WhatsApp-Image-2025-08-11-at-16.46.20.jpeg",499,521,false],"2048x2048":["https:\/\/blogopara.com.br\/wp-content\/uploads\/2025\/08\/WhatsApp-Image-2025-08-11-at-16.46.20.jpeg",499,521,false],"mantranews-slider-large":["https:\/\/blogopara.com.br\/wp-content\/uploads\/2025\/08\/WhatsApp-Image-2025-08-11-at-16.46.20.jpeg",499,521,false],"mantranews-featured-medium":["https:\/\/blogopara.com.br\/wp-content\/uploads\/2025\/08\/WhatsApp-Image-2025-08-11-at-16.46.20-420x307.jpeg",420,307,true],"mantranews-featured-long":["https:\/\/blogopara.com.br\/wp-content\/uploads\/2025\/08\/WhatsApp-Image-2025-08-11-at-16.46.20-300x443.jpeg",300,443,true],"mantranews-block-medium":["https:\/\/blogopara.com.br\/wp-content\/uploads\/2025\/08\/WhatsApp-Image-2025-08-11-at-16.46.20-464x290.jpeg",464,290,true],"mantranews-carousel-image":["https:\/\/blogopara.com.br\/wp-content\/uploads\/2025\/08\/WhatsApp-Image-2025-08-11-at-16.46.20-499x500.jpeg",499,500,true],"mantranews-block-thumb":["https:\/\/blogopara.com.br\/wp-content\/uploads\/2025\/08\/WhatsApp-Image-2025-08-11-at-16.46.20-322x230.jpeg",322,230,true],"mantranews-single-large":["https:\/\/blogopara.com.br\/wp-content\/uploads\/2025\/08\/WhatsApp-Image-2025-08-11-at-16.46.20.jpeg",499,521,false]},"uagb_author_info":{"display_name":"Reda\u00e7\u00e3o geral","author_link":"https:\/\/blogopara.com.br\/index.php\/author\/blogopara"},"uagb_comment_info":0,"uagb_excerpt":"A Prefeitura de Senhor do Bonfim, por meio da Secretaria Municipal de Finan\u00e7as e Or\u00e7amento, realiza nesta quarta-feira (13), \u00e0s 9h, no audit\u00f3rio do Sebrae, a 3\u00aa Audi\u00eancia P\u00fablica para a constru\u00e7\u00e3o do Plano Plurianual (PPA) 2026\u20132029. A audi\u00eancia \u00e9 aberta a toda a popula\u00e7\u00e3o, que poder\u00e1 apresentar propostas e sugest\u00f5es para contribuir com o&hellip;","jetpack_sharing_enabled":true,"jetpack_likes_enabled":true,"_links":{"self":[{"href":"https:\/\/blogopara.com.br\/index.php\/wp-json\/wp\/v2\/posts\/78501","targetHints":{"allow":["GET"]}}],"collection":[{"href":"https:\/\/blogopara.com.br\/index.php\/wp-json\/wp\/v2\/posts"}],"about":[{"href":"https:\/\/blogopara.com.br\/index.php\/wp-json\/wp\/v2\/types\/post"}],"author":[{"embeddable":true,"href":"https:\/\/blogopara.com.br\/index.php\/wp-json\/wp\/v2\/users\/1"}],"replies":[{"embeddable":true,"href":"https:\/\/blogopara.com.br\/index.php\/wp-json\/wp\/v2\/comments?post=78501"}],"version-history":[{"count":1,"href":"https:\/\/blogopara.com.br\/index.php\/wp-json\/wp\/v2\/posts\/78501\/revisions"}],"predecessor-version":[{"id":78503,"href":"https:\/\/blogopara.com.br\/index.php\/wp-json\/wp\/v2\/posts\/78501\/revisions\/78503"}],"wp:featuredmedia":[{"embeddable":true,"href":"https:\/\/blogopara.com.br\/index.php\/wp-json\/wp\/v2\/media\/78502"}],"wp:attachment":[{"href":"https:\/\/blogopara.com.br\/index.php\/wp-json\/wp\/v2\/media?parent=78501"}],"wp:term":[{"taxonomy":"category","embeddable":true,"href":"https:\/\/blogopara.com.br\/index.php\/wp-json\/wp\/v2\/categories?post=78501"},{"taxonomy":"post_tag","embeddable":true,"href":"https:\/\/blogopara.com.br\/index.php\/wp-json\/wp\/v2\/tags?post=78501"}],"curies":[{"name":"wp","href":"https:\/\/api.w.org\/{rel}","templated":true}]}}