{"id":78504,"date":"2025-08-12T11:06:45","date_gmt":"2025-08-12T14:06:45","guid":{"rendered":"https:\/\/blogopara.com.br\/?p=78504"},"modified":"2025-08-12T11:06:45","modified_gmt":"2025-08-12T14:06:45","slug":"opara-produtora-cultural-abre-inscricoes-para-seletiva-de-cine-clube","status":"publish","type":"post","link":"https:\/\/blogopara.com.br\/index.php\/2025\/08\/12\/opara-produtora-cultural-abre-inscricoes-para-seletiva-de-cine-clube","title":{"rendered":"Opara Produtora Cultural abre inscri\u00e7\u00f5es para seletiva de Cine Clube\u00a0"},"content":{"rendered":"<p dir=\"ltr\">Diversidade, meio ambiente e cultura regional. Esse \u00e9 o tema da 1\u00ba Edi\u00e7\u00e3o do Cine Clube da Opar\u00e1 Produtora Cultural, que ser\u00e1 realizado nos dias 22 e 29 de agosto em duas escolas p\u00fablicas da periferia de Juazeiro, no norte da Bahia. Os estudantes do Col\u00e9gio Estadual Dona Guiomar Barreto Meira, no Bairro Quid\u00e9, e EMEI Maria Hozana Nunes, no Bairro Piranga, ter\u00e3o acesso a sess\u00f5es de cinema que discutir\u00e3o temas sobre quest\u00f5es sociais e valoriza\u00e7\u00e3o do territ\u00f3rio.<\/p>\n<p dir=\"ltr\">Inspirado na simbologia do Rio S\u00e3o Francisco, o projeto valoriza a produ\u00e7\u00e3o audiovisual da<\/p>\n<p dir=\"ltr\">Bahia e de outros estados banhados pelo rio (Pernambuco, Alagoas, Sergipe e Minas Gerais), abordando temas como identidade, ancestralidade, cultura ribeirinha, quilombola e ind\u00edgena &#8211; consolidando o Cine Opar\u00e1 como espa\u00e7o de forma\u00e7\u00e3o, reflex\u00e3o e valoriza\u00e7\u00e3o da cultura do Sert\u00e3o do S\u00e3o Francisco.<\/p>\n<p dir=\"ltr\">Os interessados devem se atentar aos crit\u00e9rios de sele\u00e7\u00e3o: os filmes s\u00e3o no formato curta-metragem (5 e 20 minutos) para p\u00fablico infantojuvenil (0 a 15 anos), com temas sobre identidade, ancestralidade, cultura ribeirinha, quilombola e ind\u00edgena, al\u00e9m de quest\u00f5es relacionadas ao meio ambiente e a sustentabilidade &#8211; como a conserva\u00e7\u00e3o do Rio S\u00e3o Francisco. As inscri\u00e7\u00f5es podem ser feitas por meio\u00a0<a title=\"https:\/\/docs.google.com\/forms\/d\/1bpO2x9ERWEAneu96GRJeXzU4J3tyhpLyienMxJUsuSo\/preview\" href=\"https:\/\/docs.google.com\/forms\/d\/1bpO2x9ERWEAneu96GRJeXzU4J3tyhpLyienMxJUsuSo\/preview\" target=\"_blank\" rel=\"noopener noreferrer\" data-auth=\"NotApplicable\" data-linkindex=\"0\">deste formul\u00e1rio<\/a>\u00a0at\u00e9 o dia 15\/08 (sexta-feira).<\/p>\n<p dir=\"ltr\">O diretor geral da Opar\u00e1 Produtora, Geraldo J\u00fanior, disse que o Cine Opar\u00e1 \u00e9 mais do que um cineclube, \u00e9 um gesto de afirma\u00e7\u00e3o, mem\u00f3ria e pertencimento. \u201cO projeto nasceu do desejo de levar o cinema para dentro das escolas p\u00fablicas de Juazeiro como forma de resistir, formar, trocar e valorizar nossas hist\u00f3rias. Cada sess\u00e3o \u00e9 uma semente de cultura plantada em sala de aula, fortalecendo identidades e construindo futuros\u201d, afirmou.<\/p>\n<p dir=\"ltr\">A Opar\u00e1 Produtora refor\u00e7a que produ\u00e7\u00f5es de todos os lugares do pa\u00eds ser\u00e3o bem-vindas no projeto. Para outras informa\u00e7\u00f5es, basta seguir a\u00a0<a title=\"https:\/\/www.instagram.com\/oparaprodutora\/\" href=\"https:\/\/www.instagram.com\/oparaprodutora\/\" target=\"_blank\" rel=\"noopener noreferrer\" data-auth=\"NotApplicable\" data-linkindex=\"1\">@oparaprodutora<\/a>\u00a0nas redes sociais.<\/p>\n<p dir=\"ltr\">Este projeto foi contemplado nos Editais da Paulo Gustavo Bahia e tem apoio\u00a0financeiro do Governo do Estado da Bahia atrav\u00e9s da Secretaria de Cultura via Lei<\/p>\n<p dir=\"ltr\">Paulo Gustavo, direcionada pelo Minist\u00e9rio da Cultura, Governo Federal. Paulo Gustavo Bahia (PGBA) foi criada para a efetiva\u00e7\u00e3o das a\u00e7\u00f5es emergenciais de apoio ao setor cultural, visando cumprir a Lei Complementar no 195, de 8 de julho de 2022.<\/p>\n<p>&nbsp;<\/p>\n<p dir=\"ltr\">Artes: Vinnicius Morais\/Ruma Criativo<\/p>\n<p dir=\"ltr\">ASCOM Opar\u00e1 Produtora Cultural<\/p>\n","protected":false},"excerpt":{"rendered":"<p>Diversidade, meio ambiente e cultura regional. Esse \u00e9 o tema da 1\u00ba Edi\u00e7\u00e3o do Cine Clube da Opar\u00e1 Produtora Cultural, que ser\u00e1 realizado nos dias 22 e 29 de agosto em duas escolas p\u00fablicas da periferia de Juazeiro, no norte da Bahia. Os estudantes do Col\u00e9gio Estadual Dona Guiomar Barreto Meira, no Bairro Quid\u00e9, e [&hellip;]<\/p>\n","protected":false},"author":1,"featured_media":78506,"comment_status":"open","ping_status":"open","sticky":false,"template":"","format":"standard","meta":{"_uag_custom_page_level_css":"","_monsterinsights_skip_tracking":false,"_monsterinsights_sitenote_active":false,"_monsterinsights_sitenote_note":"","_monsterinsights_sitenote_category":0,"jetpack_post_was_ever_published":false,"_jetpack_newsletter_access":"","_jetpack_dont_email_post_to_subs":false,"_jetpack_newsletter_tier_id":0,"_jetpack_memberships_contains_paywalled_content":false,"_jetpack_memberships_contains_paid_content":false,"footnotes":"","jetpack_publicize_message":"","jetpack_publicize_feature_enabled":true,"jetpack_social_post_already_shared":true,"jetpack_social_options":{"image_generator_settings":{"template":"highway","default_image_id":0,"font":"","enabled":false},"version":2}},"categories":[203],"tags":[],"class_list":["post-78504","post","type-post","status-publish","format-standard","has-post-thumbnail","hentry","category-juazeiro"],"jetpack_publicize_connections":[],"jetpack_featured_media_url":"https:\/\/blogopara.com.br\/wp-content\/uploads\/2025\/08\/Capturar-18.jpg","uagb_featured_image_src":{"full":["https:\/\/blogopara.com.br\/wp-content\/uploads\/2025\/08\/Capturar-18.jpg",453,544,false],"thumbnail":["https:\/\/blogopara.com.br\/wp-content\/uploads\/2025\/08\/Capturar-18-150x150.jpg",150,150,true],"medium":["https:\/\/blogopara.com.br\/wp-content\/uploads\/2025\/08\/Capturar-18-250x300.jpg",250,300,true],"medium_large":["https:\/\/blogopara.com.br\/wp-content\/uploads\/2025\/08\/Capturar-18.jpg",453,544,false],"large":["https:\/\/blogopara.com.br\/wp-content\/uploads\/2025\/08\/Capturar-18.jpg",453,544,false],"1536x1536":["https:\/\/blogopara.com.br\/wp-content\/uploads\/2025\/08\/Capturar-18.jpg",453,544,false],"2048x2048":["https:\/\/blogopara.com.br\/wp-content\/uploads\/2025\/08\/Capturar-18.jpg",453,544,false],"mantranews-slider-large":["https:\/\/blogopara.com.br\/wp-content\/uploads\/2025\/08\/Capturar-18.jpg",453,544,false],"mantranews-featured-medium":["https:\/\/blogopara.com.br\/wp-content\/uploads\/2025\/08\/Capturar-18-420x307.jpg",420,307,true],"mantranews-featured-long":["https:\/\/blogopara.com.br\/wp-content\/uploads\/2025\/08\/Capturar-18-300x443.jpg",300,443,true],"mantranews-block-medium":["https:\/\/blogopara.com.br\/wp-content\/uploads\/2025\/08\/Capturar-18-453x290.jpg",453,290,true],"mantranews-carousel-image":["https:\/\/blogopara.com.br\/wp-content\/uploads\/2025\/08\/Capturar-18-453x500.jpg",453,500,true],"mantranews-block-thumb":["https:\/\/blogopara.com.br\/wp-content\/uploads\/2025\/08\/Capturar-18-322x230.jpg",322,230,true],"mantranews-single-large":["https:\/\/blogopara.com.br\/wp-content\/uploads\/2025\/08\/Capturar-18.jpg",453,544,false]},"uagb_author_info":{"display_name":"Reda\u00e7\u00e3o geral","author_link":"https:\/\/blogopara.com.br\/index.php\/author\/blogopara"},"uagb_comment_info":0,"uagb_excerpt":"Diversidade, meio ambiente e cultura regional. Esse \u00e9 o tema da 1\u00ba Edi\u00e7\u00e3o do Cine Clube da Opar\u00e1 Produtora Cultural, que ser\u00e1 realizado nos dias 22 e 29 de agosto em duas escolas p\u00fablicas da periferia de Juazeiro, no norte da Bahia. Os estudantes do Col\u00e9gio Estadual Dona Guiomar Barreto Meira, no Bairro Quid\u00e9, e&hellip;","jetpack_sharing_enabled":true,"jetpack_likes_enabled":true,"_links":{"self":[{"href":"https:\/\/blogopara.com.br\/index.php\/wp-json\/wp\/v2\/posts\/78504","targetHints":{"allow":["GET"]}}],"collection":[{"href":"https:\/\/blogopara.com.br\/index.php\/wp-json\/wp\/v2\/posts"}],"about":[{"href":"https:\/\/blogopara.com.br\/index.php\/wp-json\/wp\/v2\/types\/post"}],"author":[{"embeddable":true,"href":"https:\/\/blogopara.com.br\/index.php\/wp-json\/wp\/v2\/users\/1"}],"replies":[{"embeddable":true,"href":"https:\/\/blogopara.com.br\/index.php\/wp-json\/wp\/v2\/comments?post=78504"}],"version-history":[{"count":1,"href":"https:\/\/blogopara.com.br\/index.php\/wp-json\/wp\/v2\/posts\/78504\/revisions"}],"predecessor-version":[{"id":78507,"href":"https:\/\/blogopara.com.br\/index.php\/wp-json\/wp\/v2\/posts\/78504\/revisions\/78507"}],"wp:featuredmedia":[{"embeddable":true,"href":"https:\/\/blogopara.com.br\/index.php\/wp-json\/wp\/v2\/media\/78506"}],"wp:attachment":[{"href":"https:\/\/blogopara.com.br\/index.php\/wp-json\/wp\/v2\/media?parent=78504"}],"wp:term":[{"taxonomy":"category","embeddable":true,"href":"https:\/\/blogopara.com.br\/index.php\/wp-json\/wp\/v2\/categories?post=78504"},{"taxonomy":"post_tag","embeddable":true,"href":"https:\/\/blogopara.com.br\/index.php\/wp-json\/wp\/v2\/tags?post=78504"}],"curies":[{"name":"wp","href":"https:\/\/api.w.org\/{rel}","templated":true}]}}