{"id":78508,"date":"2025-08-12T11:16:33","date_gmt":"2025-08-12T14:16:33","guid":{"rendered":"https:\/\/blogopara.com.br\/?p=78508"},"modified":"2025-08-12T11:16:33","modified_gmt":"2025-08-12T14:16:33","slug":"empreendedorismo-feminino-credito-e-uma-das-principais-demandas","status":"publish","type":"post","link":"https:\/\/blogopara.com.br\/index.php\/2025\/08\/12\/empreendedorismo-feminino-credito-e-uma-das-principais-demandas","title":{"rendered":"Empreendedorismo feminino: cr\u00e9dito \u00e9 uma das principais demandas"},"content":{"rendered":"<p>Linhas de cr\u00e9dito espec\u00edficas para mulheres com condi\u00e7\u00f5es especiais e juros reduzidos, cursos gratuitos para empreendedoras e garantia de participa\u00e7\u00e3o em pol\u00edticas p\u00fablicas e inst\u00e2ncias de decis\u00e3o est\u00e3o entre as principais demandas das mulheres que participaram nessa segunda-feira (11) da Confer\u00eancia Livre: Mulheres no centro \u2013 democracia econ\u00f4mica, empreendedorismo e direitos, realizada online e presencialmente, em Bras\u00edlia.<\/p>\n<p>As propostas destacadas pelo grupo ser\u00e3o encaminhadas para integrar o documento final da 5\u00aa Confer\u00eancia Nacional de Pol\u00edticas para as Mulheres, que ser\u00e1 realizada, tamb\u00e9m em Bras\u00edlia, entre 29 de setembro e 1\u00ba de outubro.<\/p>\n<p>De acordo com a coordenadora-geral de Gest\u00e3o de Empreendedorismo do Minist\u00e9rio do Empreendedorismo, da Microempresa e da Empresa de Pequeno Porte, Raquel Ribeiro, que participou do encontro, a Confer\u00eancia Livre foi um espa\u00e7o para discutir formas de melhorar as condi\u00e7\u00f5es de trabalho para que as mulheres possam desenvolver os pr\u00f3prios neg\u00f3cios.<\/p>\n<p>\u201cAs pesquisas nos mostram que grande parte dessas mulheres empreendem por necessidade. E justamente por empreenderem por necessidade \u00e9 que precisam de pol\u00edticas p\u00fablicas eficazes para dar conta de todo o sistema de apoio, tanto de acesso a cr\u00e9dito, de educa\u00e7\u00e3o empreendedora, desenvolvimento de pol\u00edticas para formaliza\u00e7\u00e3o e amplia\u00e7\u00e3o desses neg\u00f3cios, mas tamb\u00e9m da constru\u00e7\u00e3o de rede de apoio, discuss\u00e3o sobre a din\u00e2mica de cuidados da nossa sociedade, acesso \u00e0 creche, acesso \u00e0 seguran\u00e7a, \u00e0 sa\u00fade, para que essas mulheres possam ter mais tempo de dedica\u00e7\u00e3o aos seus neg\u00f3cios\u201d, diz.<\/p>\n<p>No Brasil, s\u00e3o mais de 10 milh\u00f5es as mulheres empreendedoras. A maioria \u00e9 m\u00e3e (70%) e tem faturamento m\u00e9dio de aproximadamente R$ 2 mil.<\/p>\n<p>\u201cOs n\u00fameros apontam que as mulheres empreendem por necessidade, s\u00e3o melhores pagadoras, mas dedicam menos tempo para os seus neg\u00f3cios do que os homens e t\u00eam faturamento m\u00e9dio menor do que os homens. Ent\u00e3o, em algum momento, essa conta n\u00e3o fecha\u201d, acrescenta Raquel.<\/p>\n<p>Ao longo do dia, mulheres de diferentes regi\u00f5es e de diferentes contextos sociais e econ\u00f4micos discutiram as principais demandas para melhorar as condi\u00e7\u00f5es do empreendedorismo feminino no pa\u00eds.<\/p>\n<p>Entre os pontos debatidos est\u00e1 a facilita\u00e7\u00e3o para a concess\u00e3o de cr\u00e9dito, para que as mulheres possam iniciar ou mesmo manter os pr\u00f3prios neg\u00f3cios. A empreendedora Dora Gomes, l\u00edder do Comit\u00ea de Igualdade Racial do Grupo Mulheres do Brasil, defendeu que, na concess\u00e3o de cr\u00e9dito por institui\u00e7\u00f5es financeiras, especialmente para novas empreendedoras, seja considerado o risco social, pois muitas n\u00e3o preenchem os crit\u00e9rios exigidos, por exemplo, por grandes bancos. \u201cA gente vive em um pa\u00eds muito desigual, economicamente falando, desigual n\u00e3o s\u00f3 em quest\u00e3o racial, mas tamb\u00e9m em quest\u00e3o social\u201d, disse.<\/p>\n<p>Ela defendeu tamb\u00e9m maior participa\u00e7\u00e3o de mulheres em conselhos consultivos para que os interesses delas sejam colocados em pauta. \u201cA gente precisa ter mulheres negras, perif\u00e9ricas, quilombolas, mulheres ind\u00edgenas, presentes em conselhos consultivos, porque se n\u00e3o estivermos l\u00e1, ningu\u00e9m vai pensar em n\u00f3s quando falar em educa\u00e7\u00e3o empreendedora, em cr\u00e9dito\u201d.<\/p>\n<p>Daise Rosas, representante do Instituto Reafro, destacou avan\u00e7os e a necessidade de pol\u00edticas voltadas pra o empreendedorismo feminino. \u201cNunca fomos atendidas, nunca fomos olhadas com esse olhar que est\u00e1 acontecendo agora. A gente precisa garantir que a pol\u00edtica do Elas Empreendem permane\u00e7a, que a pol\u00edtica do empreendedorismo feminino permane\u00e7a\u201d, ressaltou.<\/p>\n<p>Ap\u00f3s as discuss\u00f5es, foram definidas as seguintes prioridades, que ser\u00e3o levadas ao encontro nacional:<\/p>\n<p>Acesso ao cr\u00e9dito e financiamento inclusivo: criar linhas de cr\u00e9dito espec\u00edficas para mulheres com juros reduzidos e crit\u00e9rios de an\u00e1lise que considerem garantias alternativas como confian\u00e7a comunit\u00e1ria e hist\u00f3rico de pagamentos informais. A proposta inclui a implementa\u00e7\u00e3o de fundos p\u00fablicos e parcerias com Fintechs e bancos comunit\u00e1rios, priorizando a an\u00e1lise de risco social e hist\u00f3rico de atua\u00e7\u00e3o nas comunidades, al\u00e9m de oferecer capacita\u00e7\u00e3o financeira obrigat\u00f3ria e acompanhamento t\u00e9cnico durante a utiliza\u00e7\u00e3o do cr\u00e9dito.<\/p>\n<p>Capacita\u00e7\u00e3o, forma\u00e7\u00e3o e educa\u00e7\u00e3o empreendedora: implantar um Programa Nacional de Forma\u00e7\u00e3o para Mulheres Empreendedoras, com cursos gratuitos em habilidades t\u00e9cnicas e socioemocionais, acesso a mentorias, oficinas itinerantes e consultorias especializadas. O programa deve considerar a diversidade e as interseccionalidades, garantindo materiais acess\u00edveis e metodologias inclusivas, com foco na autonomia econ\u00f4mica e sustentabilidade dos neg\u00f3cios liderados por mulheres.<\/p>\n<p>Inclus\u00e3o e Interseccionalidade: garantir que todas as pol\u00edticas de fomento ao empreendedorismo feminino assegurem a inclus\u00e3o de mulheres negras, ind\u00edgenas e com defici\u00eancia, m\u00e3es solos e moradoras de territ\u00f3rios perif\u00e9ricos e rurais. A proposta prev\u00ea a cria\u00e7\u00e3o de programas espec\u00edficos de acelera\u00e7\u00e3o, incuba\u00e7\u00e3o e acesso a mercados, adaptados \u00e0s barreiras simb\u00f3licas, estruturais e culturais enfrentadas por esses grupos, com representa\u00e7\u00e3o obrigat\u00f3ria em conselhos e inst\u00e2ncias de decis\u00e3o.<\/p>\n<p>Tanto Deise quanto Dora, junto com Scarlett Rodrigues, que integra a Rede Mulher Empreendedora, foram eleitas como delegadas que ir\u00e3o representar o grupo e levar a discuss\u00e3o que tiveram para a etapa nacional.<\/p>\n<p>Para a coordenadora-geral de Promo\u00e7\u00e3o da Igualdade Econ\u00f4mica das Mulheres do Minist\u00e9rio das Mulheres, Simone Schaffer, as tr\u00eas prioridades definidas no encontro est\u00e3o na dire\u00e7\u00e3o do debate nacional sobre empreendedorismo feminino. Ela destacou que o acesso ao cr\u00e9dito ainda \u00e9 um gargalo para as mulheres.<\/p>\n<p>\u201cMuitas vezes, elas n\u00e3o se sentem preparadas para solicitar cr\u00e9dito. Muitas vezes, precisam de microcr\u00e9dito e as exig\u00eancias s\u00e3o muito grandes. Estamos falando de mulheres, muitas vezes, em situa\u00e7\u00e3o de vulnerabilidade, mulheres que j\u00e1 recebem um Bolsa Fam\u00edlia e que n\u00e3o t\u00eam como dar as garantias exigidas. Ent\u00e3o, \u00e9 necess\u00e1rio cr\u00e9dito com baixos juros ou at\u00e9 mesmo garantia de fomento para essas mulheres\u201d, diz.<\/p>\n<p>Confer\u00eancia Nacional<br \/>\nA \u00faltima Confer\u00eancia Nacional de Pol\u00edticas para as Mulheres foi realizada em 2016. O objetivo \u00e9 promover a discuss\u00e3o e a formula\u00e7\u00e3o de pol\u00edticas p\u00fablicas que garantam a igualdade de g\u00eanero e a garantia de direitos femininos.<\/p>\n<p>Antes da etapa nacional est\u00e3o sendo realizadas as confer\u00eancias livres, que ocorrem desde 28 de abril e seguem at\u00e9 15 de agosto. Tratam-se de espa\u00e7os para garantir a participa\u00e7\u00e3o e a discuss\u00e3o aprofundada de temas relevantes para essa parcela da sociedade. Al\u00e9m disso, foram realizadas as confer\u00eancias municipais e regionais entre 28 de abril e 28 de julho. J\u00e1 as confer\u00eancias estaduais e distrital ocorrem entre 1\u00ba de julho e 31 de agosto.<\/p>\n<p>&nbsp;<\/p>\n<p><span class=\"assinatura_exclusiva\">Mariana Tokarnia\/Ag\u00eancia Brasil<\/span><\/p>\n","protected":false},"excerpt":{"rendered":"<p>Linhas de cr\u00e9dito espec\u00edficas para mulheres com condi\u00e7\u00f5es especiais e juros reduzidos, cursos gratuitos para empreendedoras e garantia de participa\u00e7\u00e3o em pol\u00edticas p\u00fablicas e inst\u00e2ncias de decis\u00e3o est\u00e3o entre as principais demandas das mulheres que participaram nessa segunda-feira (11) da Confer\u00eancia Livre: Mulheres no centro \u2013 democracia econ\u00f4mica, empreendedorismo e direitos, realizada online e presencialmente, [&hellip;]<\/p>\n","protected":false},"author":1,"featured_media":78509,"comment_status":"open","ping_status":"open","sticky":false,"template":"","format":"standard","meta":{"_uag_custom_page_level_css":"","_monsterinsights_skip_tracking":false,"_monsterinsights_sitenote_active":false,"_monsterinsights_sitenote_note":"","_monsterinsights_sitenote_category":0,"jetpack_post_was_ever_published":false,"_jetpack_newsletter_access":"","_jetpack_dont_email_post_to_subs":false,"_jetpack_newsletter_tier_id":0,"_jetpack_memberships_contains_paywalled_content":false,"_jetpack_memberships_contains_paid_content":false,"footnotes":"","jetpack_publicize_message":"","jetpack_publicize_feature_enabled":true,"jetpack_social_post_already_shared":true,"jetpack_social_options":{"image_generator_settings":{"template":"highway","default_image_id":0,"font":"","enabled":false},"version":2}},"categories":[200],"tags":[],"class_list":["post-78508","post","type-post","status-publish","format-standard","has-post-thumbnail","hentry","category-brasil"],"jetpack_publicize_connections":[],"jetpack_featured_media_url":"https:\/\/blogopara.com.br\/wp-content\/uploads\/2025\/08\/images-1.jpg","uagb_featured_image_src":{"full":["https:\/\/blogopara.com.br\/wp-content\/uploads\/2025\/08\/images-1.jpg",420,264,false],"thumbnail":["https:\/\/blogopara.com.br\/wp-content\/uploads\/2025\/08\/images-1-150x150.jpg",150,150,true],"medium":["https:\/\/blogopara.com.br\/wp-content\/uploads\/2025\/08\/images-1-300x189.jpg",300,189,true],"medium_large":["https:\/\/blogopara.com.br\/wp-content\/uploads\/2025\/08\/images-1.jpg",420,264,false],"large":["https:\/\/blogopara.com.br\/wp-content\/uploads\/2025\/08\/images-1.jpg",420,264,false],"1536x1536":["https:\/\/blogopara.com.br\/wp-content\/uploads\/2025\/08\/images-1.jpg",420,264,false],"2048x2048":["https:\/\/blogopara.com.br\/wp-content\/uploads\/2025\/08\/images-1.jpg",420,264,false],"mantranews-slider-large":["https:\/\/blogopara.com.br\/wp-content\/uploads\/2025\/08\/images-1.jpg",420,264,false],"mantranews-featured-medium":["https:\/\/blogopara.com.br\/wp-content\/uploads\/2025\/08\/images-1.jpg",420,264,false],"mantranews-featured-long":["https:\/\/blogopara.com.br\/wp-content\/uploads\/2025\/08\/images-1-300x264.jpg",300,264,true],"mantranews-block-medium":["https:\/\/blogopara.com.br\/wp-content\/uploads\/2025\/08\/images-1.jpg",420,264,false],"mantranews-carousel-image":["https:\/\/blogopara.com.br\/wp-content\/uploads\/2025\/08\/images-1.jpg",420,264,false],"mantranews-block-thumb":["https:\/\/blogopara.com.br\/wp-content\/uploads\/2025\/08\/images-1-322x230.jpg",322,230,true],"mantranews-single-large":["https:\/\/blogopara.com.br\/wp-content\/uploads\/2025\/08\/images-1.jpg",420,264,false]},"uagb_author_info":{"display_name":"Reda\u00e7\u00e3o geral","author_link":"https:\/\/blogopara.com.br\/index.php\/author\/blogopara"},"uagb_comment_info":0,"uagb_excerpt":"Linhas de cr\u00e9dito espec\u00edficas para mulheres com condi\u00e7\u00f5es especiais e juros reduzidos, cursos gratuitos para empreendedoras e garantia de participa\u00e7\u00e3o em pol\u00edticas p\u00fablicas e inst\u00e2ncias de decis\u00e3o est\u00e3o entre as principais demandas das mulheres que participaram nessa segunda-feira (11) da Confer\u00eancia Livre: Mulheres no centro \u2013 democracia econ\u00f4mica, empreendedorismo e direitos, realizada online e presencialmente,&hellip;","jetpack_sharing_enabled":true,"jetpack_likes_enabled":true,"_links":{"self":[{"href":"https:\/\/blogopara.com.br\/index.php\/wp-json\/wp\/v2\/posts\/78508","targetHints":{"allow":["GET"]}}],"collection":[{"href":"https:\/\/blogopara.com.br\/index.php\/wp-json\/wp\/v2\/posts"}],"about":[{"href":"https:\/\/blogopara.com.br\/index.php\/wp-json\/wp\/v2\/types\/post"}],"author":[{"embeddable":true,"href":"https:\/\/blogopara.com.br\/index.php\/wp-json\/wp\/v2\/users\/1"}],"replies":[{"embeddable":true,"href":"https:\/\/blogopara.com.br\/index.php\/wp-json\/wp\/v2\/comments?post=78508"}],"version-history":[{"count":1,"href":"https:\/\/blogopara.com.br\/index.php\/wp-json\/wp\/v2\/posts\/78508\/revisions"}],"predecessor-version":[{"id":78510,"href":"https:\/\/blogopara.com.br\/index.php\/wp-json\/wp\/v2\/posts\/78508\/revisions\/78510"}],"wp:featuredmedia":[{"embeddable":true,"href":"https:\/\/blogopara.com.br\/index.php\/wp-json\/wp\/v2\/media\/78509"}],"wp:attachment":[{"href":"https:\/\/blogopara.com.br\/index.php\/wp-json\/wp\/v2\/media?parent=78508"}],"wp:term":[{"taxonomy":"category","embeddable":true,"href":"https:\/\/blogopara.com.br\/index.php\/wp-json\/wp\/v2\/categories?post=78508"},{"taxonomy":"post_tag","embeddable":true,"href":"https:\/\/blogopara.com.br\/index.php\/wp-json\/wp\/v2\/tags?post=78508"}],"curies":[{"name":"wp","href":"https:\/\/api.w.org\/{rel}","templated":true}]}}