{"id":78511,"date":"2025-08-12T11:19:53","date_gmt":"2025-08-12T14:19:53","guid":{"rendered":"https:\/\/blogopara.com.br\/?p=78511"},"modified":"2025-08-12T15:49:41","modified_gmt":"2025-08-12T18:49:41","slug":"o-deputado-roberto-carlos-foi-duramente-vaiado-em-cansancao-so-veio-falar-balela","status":"publish","type":"post","link":"https:\/\/blogopara.com.br\/index.php\/2025\/08\/12\/o-deputado-roberto-carlos-foi-duramente-vaiado-em-cansancao-so-veio-falar-balela","title":{"rendered":"O deputado Roberto Carlos foi duramente vaiado em Cansan\u00e7\u00e3o. &#8220;S\u00f3 veio falar balela&#8221;"},"content":{"rendered":"<p style=\"text-align: left;\">O clima para recepcionar o governador Jer\u00f4nimo Rodrigues, na manh\u00e3 de s\u00e1bado (09) em Cansan\u00e7\u00e3o, teve um momento de tens\u00e3o.<\/p>\n<p>O deputado estadual Roberto Carlos (PV) foi vaiado por parte do p\u00fablico presente. O epis\u00f3dio aconteceu durante a reuni\u00e3o, na pra\u00e7a Jos\u00e9 Ambr\u00f3sio Modesto, que tamb\u00e9m reuniu diversas lideran\u00e7as pol\u00edticas da regi\u00e3o.<\/p>\n<p>Em um v\u00eddeo gravado no local, um cinegrafista chega a criticar o parlamentar: \u201cN\u00e3o fez nada por Cansan\u00e7\u00e3o, s\u00f3 veio pra c\u00e1 falar balela\u201d.<\/p>\n","protected":false},"excerpt":{"rendered":"<p>O clima para recepcionar o governador Jer\u00f4nimo Rodrigues, na manh\u00e3 de s\u00e1bado (09) em Cansan\u00e7\u00e3o, teve um momento de tens\u00e3o. O deputado estadual Roberto Carlos (PV) foi vaiado por parte do p\u00fablico presente. O epis\u00f3dio aconteceu durante a reuni\u00e3o, na pra\u00e7a Jos\u00e9 Ambr\u00f3sio Modesto, que tamb\u00e9m reuniu diversas lideran\u00e7as pol\u00edticas da regi\u00e3o. Em um v\u00eddeo [&hellip;]<\/p>\n","protected":false},"author":1,"featured_media":72633,"comment_status":"open","ping_status":"open","sticky":false,"template":"","format":"standard","meta":{"_uag_custom_page_level_css":"","_monsterinsights_skip_tracking":false,"_monsterinsights_sitenote_active":false,"_monsterinsights_sitenote_note":"","_monsterinsights_sitenote_category":0,"jetpack_post_was_ever_published":false,"_jetpack_newsletter_access":"","_jetpack_dont_email_post_to_subs":false,"_jetpack_newsletter_tier_id":0,"_jetpack_memberships_contains_paywalled_content":false,"_jetpack_memberships_contains_paid_content":false,"footnotes":"","jetpack_publicize_message":"","jetpack_publicize_feature_enabled":true,"jetpack_social_post_already_shared":true,"jetpack_social_options":{"image_generator_settings":{"template":"highway","default_image_id":0,"font":"","enabled":false},"version":2}},"categories":[203,197],"tags":[],"class_list":["post-78511","post","type-post","status-publish","format-standard","has-post-thumbnail","hentry","category-juazeiro","category-politica"],"jetpack_publicize_connections":[],"jetpack_featured_media_url":"https:\/\/blogopara.com.br\/wp-content\/uploads\/2025\/02\/Roberto-Carlos.jpg","uagb_featured_image_src":{"full":["https:\/\/blogopara.com.br\/wp-content\/uploads\/2025\/02\/Roberto-Carlos.jpg",500,281,false],"thumbnail":["https:\/\/blogopara.com.br\/wp-content\/uploads\/2025\/02\/Roberto-Carlos-150x150.jpg",150,150,true],"medium":["https:\/\/blogopara.com.br\/wp-content\/uploads\/2025\/02\/Roberto-Carlos-300x169.jpg",300,169,true],"medium_large":["https:\/\/blogopara.com.br\/wp-content\/uploads\/2025\/02\/Roberto-Carlos.jpg",500,281,false],"large":["https:\/\/blogopara.com.br\/wp-content\/uploads\/2025\/02\/Roberto-Carlos.jpg",500,281,false],"1536x1536":["https:\/\/blogopara.com.br\/wp-content\/uploads\/2025\/02\/Roberto-Carlos.jpg",500,281,false],"2048x2048":["https:\/\/blogopara.com.br\/wp-content\/uploads\/2025\/02\/Roberto-Carlos.jpg",500,281,false],"mantranews-slider-large":["https:\/\/blogopara.com.br\/wp-content\/uploads\/2025\/02\/Roberto-Carlos.jpg",500,281,false],"mantranews-featured-medium":["https:\/\/blogopara.com.br\/wp-content\/uploads\/2025\/02\/Roberto-Carlos-420x281.jpg",420,281,true],"mantranews-featured-long":["https:\/\/blogopara.com.br\/wp-content\/uploads\/2025\/02\/Roberto-Carlos-300x281.jpg",300,281,true],"mantranews-block-medium":["https:\/\/blogopara.com.br\/wp-content\/uploads\/2025\/02\/Roberto-Carlos-464x281.jpg",464,281,true],"mantranews-carousel-image":["https:\/\/blogopara.com.br\/wp-content\/uploads\/2025\/02\/Roberto-Carlos.jpg",500,281,false],"mantranews-block-thumb":["https:\/\/blogopara.com.br\/wp-content\/uploads\/2025\/02\/Roberto-Carlos-322x230.jpg",322,230,true],"mantranews-single-large":["https:\/\/blogopara.com.br\/wp-content\/uploads\/2025\/02\/Roberto-Carlos.jpg",500,281,false]},"uagb_author_info":{"display_name":"Reda\u00e7\u00e3o geral","author_link":"https:\/\/blogopara.com.br\/index.php\/author\/blogopara"},"uagb_comment_info":0,"uagb_excerpt":"O clima para recepcionar o governador Jer\u00f4nimo Rodrigues, na manh\u00e3 de s\u00e1bado (09) em Cansan\u00e7\u00e3o, teve um momento de tens\u00e3o. O deputado estadual Roberto Carlos (PV) foi vaiado por parte do p\u00fablico presente. O epis\u00f3dio aconteceu durante a reuni\u00e3o, na pra\u00e7a Jos\u00e9 Ambr\u00f3sio Modesto, que tamb\u00e9m reuniu diversas lideran\u00e7as pol\u00edticas da regi\u00e3o. Em um v\u00eddeo&hellip;","jetpack_sharing_enabled":true,"jetpack_likes_enabled":true,"_links":{"self":[{"href":"https:\/\/blogopara.com.br\/index.php\/wp-json\/wp\/v2\/posts\/78511","targetHints":{"allow":["GET"]}}],"collection":[{"href":"https:\/\/blogopara.com.br\/index.php\/wp-json\/wp\/v2\/posts"}],"about":[{"href":"https:\/\/blogopara.com.br\/index.php\/wp-json\/wp\/v2\/types\/post"}],"author":[{"embeddable":true,"href":"https:\/\/blogopara.com.br\/index.php\/wp-json\/wp\/v2\/users\/1"}],"replies":[{"embeddable":true,"href":"https:\/\/blogopara.com.br\/index.php\/wp-json\/wp\/v2\/comments?post=78511"}],"version-history":[{"count":2,"href":"https:\/\/blogopara.com.br\/index.php\/wp-json\/wp\/v2\/posts\/78511\/revisions"}],"predecessor-version":[{"id":78533,"href":"https:\/\/blogopara.com.br\/index.php\/wp-json\/wp\/v2\/posts\/78511\/revisions\/78533"}],"wp:featuredmedia":[{"embeddable":true,"href":"https:\/\/blogopara.com.br\/index.php\/wp-json\/wp\/v2\/media\/72633"}],"wp:attachment":[{"href":"https:\/\/blogopara.com.br\/index.php\/wp-json\/wp\/v2\/media?parent=78511"}],"wp:term":[{"taxonomy":"category","embeddable":true,"href":"https:\/\/blogopara.com.br\/index.php\/wp-json\/wp\/v2\/categories?post=78511"},{"taxonomy":"post_tag","embeddable":true,"href":"https:\/\/blogopara.com.br\/index.php\/wp-json\/wp\/v2\/tags?post=78511"}],"curies":[{"name":"wp","href":"https:\/\/api.w.org\/{rel}","templated":true}]}}