{"id":78636,"date":"2025-08-16T10:42:21","date_gmt":"2025-08-16T13:42:21","guid":{"rendered":"https:\/\/blogopara.com.br\/?p=78636"},"modified":"2025-08-16T10:42:21","modified_gmt":"2025-08-16T13:42:21","slug":"stf-marca-para-2-de-setembro-julgamento-de-bolsonaro-na-trama-golpista","status":"publish","type":"post","link":"https:\/\/blogopara.com.br\/index.php\/2025\/08\/16\/stf-marca-para-2-de-setembro-julgamento-de-bolsonaro-na-trama-golpista","title":{"rendered":"STF marca para 2 de setembro julgamento de Bolsonaro na trama golpista"},"content":{"rendered":"<div class=\"post-content-area\">\n<p>O ministro Cristiano Zanin, presidente da Primeira Turma do Supremo Tribunal Federal (STF), marcou para 2 de setembro o in\u00edcio do julgamento da a\u00e7\u00e3o penal que tem como alvo o ex-presidente Jair Bolsonaro e mais sete aliados, todos r\u00e9us por tentativa de Golpe de Estado.<\/p>\n<p>O julgamento foi marcado para come\u00e7ar \u00e0s 9h. Ao, Zanin reservou oito sess\u00f5es para a an\u00e1lise do caso, seis delas extraordin\u00e1rias, ou seja, realizadas em hor\u00e1rios fora do previsto para a Primeira Turma.<\/p>\n<p>Al\u00e9m do 2 de setembro, com uma sess\u00e3o pela manh\u00e3 e outra a tarde, a demais sess\u00f5es est\u00e3o previstas para ocorrer nos dias 3, 9, 10 e 12 de setembro, conforme cronograma divulgado pela secretaria da Primeira Turma.<\/p>\n<div><sub>&#8212;&#8212;&#8212; MAT\u00c9RIA CONTINUA DEPOIS DA PUBLICIDADE &#8212;&#8212;&#8212;<\/sub><\/div>\n<div><\/div>\n<p>A a\u00e7\u00e3o penal 2668 \u00e9 a mais avan\u00e7ada relacionada \u00e0 trama golpista denunciada pela Procuradoria-Geral da Rep\u00fablica (PGR) e tem como alvo o n\u00facleo 1 da trama, tamb\u00e9m chamado n\u00facleo \u201ccrucial\u201d, grupo formado pelo que seriam as principais cabe\u00e7as do compl\u00f4.<\/p>\n<p>&nbsp;<\/p>\n<p>&nbsp;<\/p>\n<p>Agencia Brasil<\/p><\/div>\n","protected":false},"excerpt":{"rendered":"<p>O ministro Cristiano Zanin, presidente da Primeira Turma do Supremo Tribunal Federal (STF), marcou para 2 de setembro o in\u00edcio do julgamento da a\u00e7\u00e3o penal que tem como alvo o ex-presidente Jair Bolsonaro e mais sete aliados, todos r\u00e9us por tentativa de Golpe de Estado. O julgamento foi marcado para come\u00e7ar \u00e0s 9h. Ao, Zanin [&hellip;]<\/p>\n","protected":false},"author":1,"featured_media":66699,"comment_status":"open","ping_status":"open","sticky":false,"template":"","format":"standard","meta":{"_uag_custom_page_level_css":"","_monsterinsights_skip_tracking":false,"_monsterinsights_sitenote_active":false,"_monsterinsights_sitenote_note":"","_monsterinsights_sitenote_category":0,"jetpack_post_was_ever_published":false,"_jetpack_newsletter_access":"","_jetpack_dont_email_post_to_subs":false,"_jetpack_newsletter_tier_id":0,"_jetpack_memberships_contains_paywalled_content":false,"_jetpack_memberships_contains_paid_content":false,"footnotes":"","jetpack_publicize_message":"","jetpack_publicize_feature_enabled":true,"jetpack_social_post_already_shared":true,"jetpack_social_options":{"image_generator_settings":{"template":"highway","default_image_id":0,"font":"","enabled":false},"version":2}},"categories":[200,197],"tags":[],"class_list":["post-78636","post","type-post","status-publish","format-standard","has-post-thumbnail","hentry","category-brasil","category-politica"],"jetpack_publicize_connections":[],"jetpack_featured_media_url":"https:\/\/blogopara.com.br\/wp-content\/uploads\/2024\/07\/bolsonaro-850x491-1.jpg","uagb_featured_image_src":{"full":["https:\/\/blogopara.com.br\/wp-content\/uploads\/2024\/07\/bolsonaro-850x491-1.jpg",500,289,false],"thumbnail":["https:\/\/blogopara.com.br\/wp-content\/uploads\/2024\/07\/bolsonaro-850x491-1-150x150.jpg",150,150,true],"medium":["https:\/\/blogopara.com.br\/wp-content\/uploads\/2024\/07\/bolsonaro-850x491-1-300x173.jpg",300,173,true],"medium_large":["https:\/\/blogopara.com.br\/wp-content\/uploads\/2024\/07\/bolsonaro-850x491-1.jpg",500,289,false],"large":["https:\/\/blogopara.com.br\/wp-content\/uploads\/2024\/07\/bolsonaro-850x491-1.jpg",500,289,false],"1536x1536":["https:\/\/blogopara.com.br\/wp-content\/uploads\/2024\/07\/bolsonaro-850x491-1.jpg",500,289,false],"2048x2048":["https:\/\/blogopara.com.br\/wp-content\/uploads\/2024\/07\/bolsonaro-850x491-1.jpg",500,289,false],"mantranews-slider-large":["https:\/\/blogopara.com.br\/wp-content\/uploads\/2024\/07\/bolsonaro-850x491-1.jpg",500,289,false],"mantranews-featured-medium":["https:\/\/blogopara.com.br\/wp-content\/uploads\/2024\/07\/bolsonaro-850x491-1-420x289.jpg",420,289,true],"mantranews-featured-long":["https:\/\/blogopara.com.br\/wp-content\/uploads\/2024\/07\/bolsonaro-850x491-1-300x289.jpg",300,289,true],"mantranews-block-medium":["https:\/\/blogopara.com.br\/wp-content\/uploads\/2024\/07\/bolsonaro-850x491-1-464x289.jpg",464,289,true],"mantranews-carousel-image":["https:\/\/blogopara.com.br\/wp-content\/uploads\/2024\/07\/bolsonaro-850x491-1.jpg",500,289,false],"mantranews-block-thumb":["https:\/\/blogopara.com.br\/wp-content\/uploads\/2024\/07\/bolsonaro-850x491-1-322x230.jpg",322,230,true],"mantranews-single-large":["https:\/\/blogopara.com.br\/wp-content\/uploads\/2024\/07\/bolsonaro-850x491-1.jpg",500,289,false]},"uagb_author_info":{"display_name":"Reda\u00e7\u00e3o geral","author_link":"https:\/\/blogopara.com.br\/index.php\/author\/blogopara"},"uagb_comment_info":0,"uagb_excerpt":"O ministro Cristiano Zanin, presidente da Primeira Turma do Supremo Tribunal Federal (STF), marcou para 2 de setembro o in\u00edcio do julgamento da a\u00e7\u00e3o penal que tem como alvo o ex-presidente Jair Bolsonaro e mais sete aliados, todos r\u00e9us por tentativa de Golpe de Estado. O julgamento foi marcado para come\u00e7ar \u00e0s 9h. Ao, Zanin&hellip;","jetpack_sharing_enabled":true,"jetpack_likes_enabled":true,"_links":{"self":[{"href":"https:\/\/blogopara.com.br\/index.php\/wp-json\/wp\/v2\/posts\/78636","targetHints":{"allow":["GET"]}}],"collection":[{"href":"https:\/\/blogopara.com.br\/index.php\/wp-json\/wp\/v2\/posts"}],"about":[{"href":"https:\/\/blogopara.com.br\/index.php\/wp-json\/wp\/v2\/types\/post"}],"author":[{"embeddable":true,"href":"https:\/\/blogopara.com.br\/index.php\/wp-json\/wp\/v2\/users\/1"}],"replies":[{"embeddable":true,"href":"https:\/\/blogopara.com.br\/index.php\/wp-json\/wp\/v2\/comments?post=78636"}],"version-history":[{"count":1,"href":"https:\/\/blogopara.com.br\/index.php\/wp-json\/wp\/v2\/posts\/78636\/revisions"}],"predecessor-version":[{"id":78637,"href":"https:\/\/blogopara.com.br\/index.php\/wp-json\/wp\/v2\/posts\/78636\/revisions\/78637"}],"wp:featuredmedia":[{"embeddable":true,"href":"https:\/\/blogopara.com.br\/index.php\/wp-json\/wp\/v2\/media\/66699"}],"wp:attachment":[{"href":"https:\/\/blogopara.com.br\/index.php\/wp-json\/wp\/v2\/media?parent=78636"}],"wp:term":[{"taxonomy":"category","embeddable":true,"href":"https:\/\/blogopara.com.br\/index.php\/wp-json\/wp\/v2\/categories?post=78636"},{"taxonomy":"post_tag","embeddable":true,"href":"https:\/\/blogopara.com.br\/index.php\/wp-json\/wp\/v2\/tags?post=78636"}],"curies":[{"name":"wp","href":"https:\/\/api.w.org\/{rel}","templated":true}]}}