{"id":78676,"date":"2025-08-17T19:21:53","date_gmt":"2025-08-17T22:21:53","guid":{"rendered":"https:\/\/blogopara.com.br\/?p=78676"},"modified":"2025-08-17T19:34:24","modified_gmt":"2025-08-17T22:34:24","slug":"carlos-e-eduardo-bolsonaro-dizem-que-governadores-de-direita-agem-como-ratos-e-oportunistas","status":"publish","type":"post","link":"https:\/\/blogopara.com.br\/index.php\/2025\/08\/17\/carlos-e-eduardo-bolsonaro-dizem-que-governadores-de-direita-agem-como-ratos-e-oportunistas","title":{"rendered":"Carlos e Eduardo Bolsonaro dizem que governadores de direita agem como ratos e oportunistas"},"content":{"rendered":"<p>O vereador do Rio de Janeiro Carlos Bolsonaro (PL), filho do ex-presidente Jair Bolsonaro (PL), disse neste domingo (17) que governadores de direita agem como ratos e oportunistas enquanto tentam herdar o esp\u00f3lio pol\u00edtico de seu pai, que est\u00e1 ineleg\u00edvel e cumpre pris\u00e3o domiciliar.<\/p>\n<p>A publica\u00e7\u00e3o, feita na rede social X (antigo Twitter), foi compartilhada por outro filho do ex-presidente, o deputado federal Eduardo Bolsonaro (PL-SP), que est\u00e1 nos Estados Unidos \u0097de onde tem insuflado as san\u00e7\u00f5es aplicadas ao Brasil pelo presidente dos EUA, Donald Trump.<\/p>\n<p>\u201cA verdade \u00e9 dura: todos voc\u00eas se comportam como ratos, sacrificam o povo pelo poder e n\u00e3o s\u00e3o em nada diferentes dos petistas que dizem combater. Limitam-se a gritar \u2018fora PT\u2019, mas n\u00e3o entregam lideran\u00e7a, n\u00e3o representam o cora\u00e7\u00e3o do povo. Querem apenas herdar o esp\u00f3lio de Bolsonaro, se encostando nele de forma vergonhosa e pat\u00e9tica\u201d, disse Carlos.<br \/>\nA postagem foi feita um dia depois de o governador de Minas Gerais, Romeu Zema (Novo), lan\u00e7ar sua pr\u00e9-candidatura \u00e0 Presid\u00eancia da Rep\u00fablica.<\/p>\n<p>Apoiador de Bolsonaro nas elei\u00e7\u00f5es de 2022, Zema \u00e9 um dos que tentam preencher o espa\u00e7o deixado pela inelegibilidade do ex-presidente, que \u00e9 r\u00e9u no processo sobre uma trama golpista engendrada no fim de seu governo.<\/p>\n<p>Tamb\u00e9m tentam se credenciar como potencial sucessor de Bolsonaro como lideran\u00e7a da direita no Brasil os governadores de S\u00e3o Paulo, Tarc\u00edsio de Freitas (Republicanos), de Goi\u00e1s, Ronaldo Caiado (Uni\u00e3o Brasil), e do Paran\u00e1, Ratinho Jr. (PSD).<br \/>\nCarlos afirmou que, enquanto seu pai est\u00e1 preso e doente e muitos de seus apoiadores est\u00e3o presos ou s\u00e3o alvos da Justi\u00e7a, os governadores \u0097a quem ele se refere como \u201ctais \u2018direitistas\u201d\u0097 silenciam.<\/p>\n<p>\u201cEst\u00e3o preocupados apenas com seus projetos pessoais e com o que o mercado manda\u201d, afirmou o vereador.<\/p>\n<p>\u201cIsso \u00e9 desumano, sujo, oportunista e canalha. N\u00e3o existe outra forma de qualificar tais atitudes. Fingem que v\u00e3o resolver algo, falam em indulto para os perseguidos da falsa \u2018trama golpista\u2019, mas depois se escondem atr\u00e1s da \u2018prud\u00eancia e sofistica\u00e7\u00e3o t\u00e9cnica\u2019, lavam as m\u00e3os e seguem seus governos como se nada tivesse acontecido. Alegam ter feito sua parte, mas n\u00e3o passam de c\u00famplices covardes\u201d, acrescentou.<\/p>\n<p>Carlos ainda disse que as a\u00e7\u00f5es dos governadores demonstram \u201cuma falta de car\u00e1ter indescrit\u00edvel\u201d.<\/p>\n<p>No evento de lan\u00e7amento de sua pr\u00e9-candidatura, Zema n\u00e3o descartou a possibilidade de compor com outros partidos se Bolsonaro pedir.<\/p>\n<p>\u201cEu j\u00e1 participei de duas campanhas, em 2018 e em 2022, e sempre falo que, no decorrer da campanha, ajustes feitos pelos partidos pol\u00edticos sempre s\u00e3o poss\u00edveis\u201d, declarou ao ser questionado se abriria m\u00e3o de sair \u00e0 Presid\u00eancia caso Bolsonaro pedisse. \u201cVejo com naturalidade essas mudan\u00e7as na pol\u00edtica. Vai depender muito das conversas entre os partidos.\u201d<\/p>\n<p>O governador mineiro ainda elogiou Tarc\u00edsio, visto por muitos na pol\u00edtica como o favorito a ser o presidenci\u00e1vel apoiado por Bolsonaro, e afirmou que eventual candidatura do titular do Pal\u00e1cio dos Bandeirantes n\u00e3o seria obst\u00e1culo \u00e0 sua perman\u00eancia na disputa.<\/p>\n<p>&nbsp;<\/p>\n<p><span class=\"assinatura_exclusiva\">Idiana Tomazelli \/ Folhapress<\/span><\/p>\n","protected":false},"excerpt":{"rendered":"<p>O vereador do Rio de Janeiro Carlos Bolsonaro (PL), filho do ex-presidente Jair Bolsonaro (PL), disse neste domingo (17) que governadores de direita agem como ratos e oportunistas enquanto tentam herdar o esp\u00f3lio pol\u00edtico de seu pai, que est\u00e1 ineleg\u00edvel e cumpre pris\u00e3o domiciliar. A publica\u00e7\u00e3o, feita na rede social X (antigo Twitter), foi compartilhada [&hellip;]<\/p>\n","protected":false},"author":1,"featured_media":48007,"comment_status":"open","ping_status":"open","sticky":false,"template":"","format":"standard","meta":{"_uag_custom_page_level_css":"","_monsterinsights_skip_tracking":false,"_monsterinsights_sitenote_active":false,"_monsterinsights_sitenote_note":"","_monsterinsights_sitenote_category":0,"jetpack_post_was_ever_published":false,"_jetpack_newsletter_access":"","_jetpack_dont_email_post_to_subs":false,"_jetpack_newsletter_tier_id":0,"_jetpack_memberships_contains_paywalled_content":false,"_jetpack_memberships_contains_paid_content":false,"footnotes":"","jetpack_publicize_message":"","jetpack_publicize_feature_enabled":true,"jetpack_social_post_already_shared":true,"jetpack_social_options":{"image_generator_settings":{"template":"highway","default_image_id":0,"font":"","enabled":false},"version":2}},"categories":[200,197],"tags":[],"class_list":["post-78676","post","type-post","status-publish","format-standard","has-post-thumbnail","hentry","category-brasil","category-politica"],"jetpack_publicize_connections":[],"jetpack_featured_media_url":"https:\/\/blogopara.com.br\/wp-content\/uploads\/2023\/01\/deputado-eduardo-bolsonaro-1653690180098_v2_3x4-e1753188396740.jpg","uagb_featured_image_src":{"full":["https:\/\/blogopara.com.br\/wp-content\/uploads\/2023\/01\/deputado-eduardo-bolsonaro-1653690180098_v2_3x4-e1753188396740.jpg",420,559,false],"thumbnail":["https:\/\/blogopara.com.br\/wp-content\/uploads\/2023\/01\/deputado-eduardo-bolsonaro-1653690180098_v2_3x4-150x150.jpg",150,150,true],"medium":["https:\/\/blogopara.com.br\/wp-content\/uploads\/2023\/01\/deputado-eduardo-bolsonaro-1653690180098_v2_3x4-225x300.jpg",225,300,true],"medium_large":["https:\/\/blogopara.com.br\/wp-content\/uploads\/2023\/01\/deputado-eduardo-bolsonaro-1653690180098_v2_3x4-e1753188396740.jpg",420,559,false],"large":["https:\/\/blogopara.com.br\/wp-content\/uploads\/2023\/01\/deputado-eduardo-bolsonaro-1653690180098_v2_3x4-e1753188396740.jpg",420,559,false],"1536x1536":["https:\/\/blogopara.com.br\/wp-content\/uploads\/2023\/01\/deputado-eduardo-bolsonaro-1653690180098_v2_3x4-e1753188396740.jpg",420,559,false],"2048x2048":["https:\/\/blogopara.com.br\/wp-content\/uploads\/2023\/01\/deputado-eduardo-bolsonaro-1653690180098_v2_3x4-e1753188396740.jpg",420,559,false],"mantranews-slider-large":["https:\/\/blogopara.com.br\/wp-content\/uploads\/2023\/01\/deputado-eduardo-bolsonaro-1653690180098_v2_3x4-e1753188396740.jpg",420,559,false],"mantranews-featured-medium":["https:\/\/blogopara.com.br\/wp-content\/uploads\/2023\/01\/deputado-eduardo-bolsonaro-1653690180098_v2_3x4-420x307.jpg",420,307,true],"mantranews-featured-long":["https:\/\/blogopara.com.br\/wp-content\/uploads\/2023\/01\/deputado-eduardo-bolsonaro-1653690180098_v2_3x4-300x443.jpg",300,443,true],"mantranews-block-medium":["https:\/\/blogopara.com.br\/wp-content\/uploads\/2023\/01\/deputado-eduardo-bolsonaro-1653690180098_v2_3x4-464x290.jpg",464,290,true],"mantranews-carousel-image":["https:\/\/blogopara.com.br\/wp-content\/uploads\/2023\/01\/deputado-eduardo-bolsonaro-1653690180098_v2_3x4-500x500.jpg",500,500,true],"mantranews-block-thumb":["https:\/\/blogopara.com.br\/wp-content\/uploads\/2023\/01\/deputado-eduardo-bolsonaro-1653690180098_v2_3x4-322x230.jpg",322,230,true],"mantranews-single-large":["https:\/\/blogopara.com.br\/wp-content\/uploads\/2023\/01\/deputado-eduardo-bolsonaro-1653690180098_v2_3x4-500x642.jpg",500,642,true]},"uagb_author_info":{"display_name":"Reda\u00e7\u00e3o geral","author_link":"https:\/\/blogopara.com.br\/index.php\/author\/blogopara"},"uagb_comment_info":0,"uagb_excerpt":"O vereador do Rio de Janeiro Carlos Bolsonaro (PL), filho do ex-presidente Jair Bolsonaro (PL), disse neste domingo (17) que governadores de direita agem como ratos e oportunistas enquanto tentam herdar o esp\u00f3lio pol\u00edtico de seu pai, que est\u00e1 ineleg\u00edvel e cumpre pris\u00e3o domiciliar. A publica\u00e7\u00e3o, feita na rede social X (antigo Twitter), foi compartilhada&hellip;","jetpack_sharing_enabled":true,"jetpack_likes_enabled":true,"_links":{"self":[{"href":"https:\/\/blogopara.com.br\/index.php\/wp-json\/wp\/v2\/posts\/78676","targetHints":{"allow":["GET"]}}],"collection":[{"href":"https:\/\/blogopara.com.br\/index.php\/wp-json\/wp\/v2\/posts"}],"about":[{"href":"https:\/\/blogopara.com.br\/index.php\/wp-json\/wp\/v2\/types\/post"}],"author":[{"embeddable":true,"href":"https:\/\/blogopara.com.br\/index.php\/wp-json\/wp\/v2\/users\/1"}],"replies":[{"embeddable":true,"href":"https:\/\/blogopara.com.br\/index.php\/wp-json\/wp\/v2\/comments?post=78676"}],"version-history":[{"count":1,"href":"https:\/\/blogopara.com.br\/index.php\/wp-json\/wp\/v2\/posts\/78676\/revisions"}],"predecessor-version":[{"id":78677,"href":"https:\/\/blogopara.com.br\/index.php\/wp-json\/wp\/v2\/posts\/78676\/revisions\/78677"}],"wp:featuredmedia":[{"embeddable":true,"href":"https:\/\/blogopara.com.br\/index.php\/wp-json\/wp\/v2\/media\/48007"}],"wp:attachment":[{"href":"https:\/\/blogopara.com.br\/index.php\/wp-json\/wp\/v2\/media?parent=78676"}],"wp:term":[{"taxonomy":"category","embeddable":true,"href":"https:\/\/blogopara.com.br\/index.php\/wp-json\/wp\/v2\/categories?post=78676"},{"taxonomy":"post_tag","embeddable":true,"href":"https:\/\/blogopara.com.br\/index.php\/wp-json\/wp\/v2\/tags?post=78676"}],"curies":[{"name":"wp","href":"https:\/\/api.w.org\/{rel}","templated":true}]}}