{"id":78782,"date":"2025-08-20T15:04:43","date_gmt":"2025-08-20T18:04:43","guid":{"rendered":"https:\/\/blogopara.com.br\/?p=78782"},"modified":"2025-08-20T15:04:43","modified_gmt":"2025-08-20T18:04:43","slug":"prefeitura-de-casa-nova-realiza-reuniao-com-contadores-para-apresentacao-de-novas-ferramentas-de-agilizacao-de-processos-empresariais","status":"publish","type":"post","link":"https:\/\/blogopara.com.br\/index.php\/2025\/08\/20\/prefeitura-de-casa-nova-realiza-reuniao-com-contadores-para-apresentacao-de-novas-ferramentas-de-agilizacao-de-processos-empresariais","title":{"rendered":"Prefeitura de Casa Nova realiza reuni\u00e3o com contadores para apresenta\u00e7\u00e3o de novas ferramentas de agiliza\u00e7\u00e3o de processos empresariais"},"content":{"rendered":"<div class=\"post-header-area\">\n<p><span style=\"font-size: 1rem;\">A Prefeitura de Casa Nova, por meio da Secretaria de Gest\u00e3o, Planejamento e Fazenda, realizou nesta ter\u00e7a-feira (19) uma reuni\u00e3o com contadores da regi\u00e3o. O encontro, coordenado pelo Setor de Tributos, teve como objetivo apresentar esclarecimentos e novas ferramentas que v\u00e3o agilizar os processos de constitui\u00e7\u00e3o, altera\u00e7\u00e3o e baixa de empresas no munic\u00edpio.<\/span><\/p>\n<\/div>\n<div class=\"post-content-area\">\n<p>Al\u00e9m da equipe de Tributos, a reuni\u00e3o contou com a participa\u00e7\u00e3o das equipes de Meio Ambiente e Vigil\u00e2ncia Sanit\u00e1ria, que tamb\u00e9m compartilharam informa\u00e7\u00f5es fundamentais para a correta tramita\u00e7\u00e3o dos processos, garantindo mais efici\u00eancia e seguran\u00e7a aos empreendedores locais.<\/p>\n<p>O assessor especial da Fazenda e Desenvolvimento Econ\u00f4mico, Joel J\u00fanior, destacou a relev\u00e2ncia do momento. &#8220;Essa reuni\u00e3o foi um passo importante para aproximar ainda mais a Prefeitura dos profissionais que atuam na abertura e legaliza\u00e7\u00e3o de empresas. As novas ferramentas v\u00e3o simplificar e dar mais agilidade aos processos, reduzindo burocracias e oferecendo mais seguran\u00e7a tanto para os contadores quanto para os empreendedores. Esse \u00e9 um avan\u00e7o que fortalece o desenvolvimento econ\u00f4mico de Casa Nova&#8221;, afirmou.<\/p>\n<p>_<\/p>\n<p>&nbsp;<\/p>\n<p>Ascom PMCN<\/p><\/div>\n","protected":false},"excerpt":{"rendered":"<p>A Prefeitura de Casa Nova, por meio da Secretaria de Gest\u00e3o, Planejamento e Fazenda, realizou nesta ter\u00e7a-feira (19) uma reuni\u00e3o com contadores da regi\u00e3o. O encontro, coordenado pelo Setor de Tributos, teve como objetivo apresentar esclarecimentos e novas ferramentas que v\u00e3o agilizar os processos de constitui\u00e7\u00e3o, altera\u00e7\u00e3o e baixa de empresas no munic\u00edpio. Al\u00e9m da [&hellip;]<\/p>\n","protected":false},"author":1,"featured_media":78783,"comment_status":"open","ping_status":"open","sticky":false,"template":"","format":"standard","meta":{"_uag_custom_page_level_css":"","_monsterinsights_skip_tracking":false,"_monsterinsights_sitenote_active":false,"_monsterinsights_sitenote_note":"","_monsterinsights_sitenote_category":0,"jetpack_post_was_ever_published":false,"_jetpack_newsletter_access":"","_jetpack_dont_email_post_to_subs":false,"_jetpack_newsletter_tier_id":0,"_jetpack_memberships_contains_paywalled_content":false,"_jetpack_memberships_contains_paid_content":false,"footnotes":"","jetpack_publicize_message":"","jetpack_publicize_feature_enabled":true,"jetpack_social_post_already_shared":true,"jetpack_social_options":{"image_generator_settings":{"template":"highway","default_image_id":0,"font":"","enabled":false},"version":2}},"categories":[199],"tags":[],"class_list":["post-78782","post","type-post","status-publish","format-standard","has-post-thumbnail","hentry","category-bahia"],"jetpack_publicize_connections":[],"jetpack_featured_media_url":"https:\/\/blogopara.com.br\/wp-content\/uploads\/2025\/08\/casa5.jpeg","uagb_featured_image_src":{"full":["https:\/\/blogopara.com.br\/wp-content\/uploads\/2025\/08\/casa5.jpeg",500,495,false],"thumbnail":["https:\/\/blogopara.com.br\/wp-content\/uploads\/2025\/08\/casa5-150x150.jpeg",150,150,true],"medium":["https:\/\/blogopara.com.br\/wp-content\/uploads\/2025\/08\/casa5-300x297.jpeg",300,297,true],"medium_large":["https:\/\/blogopara.com.br\/wp-content\/uploads\/2025\/08\/casa5.jpeg",500,495,false],"large":["https:\/\/blogopara.com.br\/wp-content\/uploads\/2025\/08\/casa5.jpeg",500,495,false],"1536x1536":["https:\/\/blogopara.com.br\/wp-content\/uploads\/2025\/08\/casa5.jpeg",500,495,false],"2048x2048":["https:\/\/blogopara.com.br\/wp-content\/uploads\/2025\/08\/casa5.jpeg",500,495,false],"mantranews-slider-large":["https:\/\/blogopara.com.br\/wp-content\/uploads\/2025\/08\/casa5.jpeg",500,495,false],"mantranews-featured-medium":["https:\/\/blogopara.com.br\/wp-content\/uploads\/2025\/08\/casa5-420x307.jpeg",420,307,true],"mantranews-featured-long":["https:\/\/blogopara.com.br\/wp-content\/uploads\/2025\/08\/casa5-300x443.jpeg",300,443,true],"mantranews-block-medium":["https:\/\/blogopara.com.br\/wp-content\/uploads\/2025\/08\/casa5-464x290.jpeg",464,290,true],"mantranews-carousel-image":["https:\/\/blogopara.com.br\/wp-content\/uploads\/2025\/08\/casa5.jpeg",500,495,false],"mantranews-block-thumb":["https:\/\/blogopara.com.br\/wp-content\/uploads\/2025\/08\/casa5-322x230.jpeg",322,230,true],"mantranews-single-large":["https:\/\/blogopara.com.br\/wp-content\/uploads\/2025\/08\/casa5.jpeg",500,495,false]},"uagb_author_info":{"display_name":"Reda\u00e7\u00e3o geral","author_link":"https:\/\/blogopara.com.br\/index.php\/author\/blogopara"},"uagb_comment_info":0,"uagb_excerpt":"A Prefeitura de Casa Nova, por meio da Secretaria de Gest\u00e3o, Planejamento e Fazenda, realizou nesta ter\u00e7a-feira (19) uma reuni\u00e3o com contadores da regi\u00e3o. O encontro, coordenado pelo Setor de Tributos, teve como objetivo apresentar esclarecimentos e novas ferramentas que v\u00e3o agilizar os processos de constitui\u00e7\u00e3o, altera\u00e7\u00e3o e baixa de empresas no munic\u00edpio. Al\u00e9m da&hellip;","jetpack_sharing_enabled":true,"jetpack_likes_enabled":true,"_links":{"self":[{"href":"https:\/\/blogopara.com.br\/index.php\/wp-json\/wp\/v2\/posts\/78782","targetHints":{"allow":["GET"]}}],"collection":[{"href":"https:\/\/blogopara.com.br\/index.php\/wp-json\/wp\/v2\/posts"}],"about":[{"href":"https:\/\/blogopara.com.br\/index.php\/wp-json\/wp\/v2\/types\/post"}],"author":[{"embeddable":true,"href":"https:\/\/blogopara.com.br\/index.php\/wp-json\/wp\/v2\/users\/1"}],"replies":[{"embeddable":true,"href":"https:\/\/blogopara.com.br\/index.php\/wp-json\/wp\/v2\/comments?post=78782"}],"version-history":[{"count":1,"href":"https:\/\/blogopara.com.br\/index.php\/wp-json\/wp\/v2\/posts\/78782\/revisions"}],"predecessor-version":[{"id":78784,"href":"https:\/\/blogopara.com.br\/index.php\/wp-json\/wp\/v2\/posts\/78782\/revisions\/78784"}],"wp:featuredmedia":[{"embeddable":true,"href":"https:\/\/blogopara.com.br\/index.php\/wp-json\/wp\/v2\/media\/78783"}],"wp:attachment":[{"href":"https:\/\/blogopara.com.br\/index.php\/wp-json\/wp\/v2\/media?parent=78782"}],"wp:term":[{"taxonomy":"category","embeddable":true,"href":"https:\/\/blogopara.com.br\/index.php\/wp-json\/wp\/v2\/categories?post=78782"},{"taxonomy":"post_tag","embeddable":true,"href":"https:\/\/blogopara.com.br\/index.php\/wp-json\/wp\/v2\/tags?post=78782"}],"curies":[{"name":"wp","href":"https:\/\/api.w.org\/{rel}","templated":true}]}}