{"id":78817,"date":"2025-08-21T11:09:02","date_gmt":"2025-08-21T14:09:02","guid":{"rendered":"https:\/\/blogopara.com.br\/?p=78817"},"modified":"2025-08-21T11:09:48","modified_gmt":"2025-08-21T14:09:48","slug":"ex-presidente-do-pt-ba-everaldo-anunciacao-morre-vitima-de-cancer","status":"publish","type":"post","link":"https:\/\/blogopara.com.br\/index.php\/2025\/08\/21\/ex-presidente-do-pt-ba-everaldo-anunciacao-morre-vitima-de-cancer","title":{"rendered":"Ex-presidente do PT-BA, Everaldo Anuncia\u00e7\u00e3o, morre v\u00edtima de c\u00e2ncer"},"content":{"rendered":"<div class=\"post-header-area\"><span style=\"font-size: 1rem;\">O ex-presidente do diret\u00f3rio estadual do PT na Bahia, Everaldo Anuncia\u00e7\u00e3o, morreu nesta quarta-feira (20), em Salvador. O petista estava internado na capital baiana ap\u00f3s passar por um procedimento cir\u00fargico.<\/span><\/div>\n<div class=\"post-content-area\">\n<p>Atualmente, ele ocupava o cargo de vice-presidente nacional da sigla desde a sa\u00edda de Gleisi Hoffmann para o governo de Luiz In\u00e1cio Lula da Silva (PT).<\/p>\n<p>O atual presidente do PT-BA, \u00c9den Valadares, confirmou morte de Everaldo e lamentou a perda do correlegion\u00e1rio nesta quarta.<\/p>\n<p>\u201cHoje um vazio se abre no cora\u00e7\u00e3o da dire\u00e7\u00e3o, da milit\u00e2ncia e dos filiados e filiadas do PT Bahia: Everaldo Anuncia\u00e7\u00e3o nos deixou. Antes de mais nada quero prestar condol\u00eancias e solidariedade a Madalena, Victor e toda a fam\u00edlia. Por favor, recebam nosso afeto. O PT da Bahia e do Brasil abra\u00e7am e choram com voc\u00eas neste momento. Descanse em paz companheiro Everaldo\u201d, escreveu \u00c9den.<\/p>\n<p>Everaldo tamb\u00e9m foi presidente da CUT-Cacaueira, dirigente da CUT-Bahia e coordenador da Troca de Informa\u00e7\u00f5es de Trabalhadores sobre Multinacionais \u2013 Tie\/Holanda. Ele foi tamb\u00e9m presidente do Diret\u00f3rio do PT de Ilh\u00e9us, vereador de Itabuna, candidato a vice-governador em 1998 e diretor-geral adjunto da CEPLAC durante o governo do ex-presidente Lula.<\/p>\n<p>Ele assumiu a vice-presid\u00eancia do PT nacional no dia 20 de mar\u00e7o de 2025, na vaga do senador Humberto Costa que assumiu a presid\u00eancia do partido, interinamente, diante do afastamento da deputada federal Gleisi Hoffmann, que assumiu a Secretaria de Rela\u00e7\u00f5es Institucionais da Presid\u00eancia da Rep\u00fablica.<\/p>\n<p>&nbsp;<\/p>\n<p>Fonte: Bahia Not\u00edcias<\/p>\n<\/div>\n","protected":false},"excerpt":{"rendered":"<p>O ex-presidente do diret\u00f3rio estadual do PT na Bahia, Everaldo Anuncia\u00e7\u00e3o, morreu nesta quarta-feira (20), em Salvador. O petista estava internado na capital baiana ap\u00f3s passar por um procedimento cir\u00fargico. Atualmente, ele ocupava o cargo de vice-presidente nacional da sigla desde a sa\u00edda de Gleisi Hoffmann para o governo de Luiz In\u00e1cio Lula da Silva [&hellip;]<\/p>\n","protected":false},"author":1,"featured_media":78820,"comment_status":"open","ping_status":"open","sticky":false,"template":"","format":"standard","meta":{"_uag_custom_page_level_css":"","_monsterinsights_skip_tracking":false,"_monsterinsights_sitenote_active":false,"_monsterinsights_sitenote_note":"","_monsterinsights_sitenote_category":0,"jetpack_post_was_ever_published":false,"_jetpack_newsletter_access":"","_jetpack_dont_email_post_to_subs":false,"_jetpack_newsletter_tier_id":0,"_jetpack_memberships_contains_paywalled_content":false,"_jetpack_memberships_contains_paid_content":false,"footnotes":"","jetpack_publicize_message":"","jetpack_publicize_feature_enabled":true,"jetpack_social_post_already_shared":true,"jetpack_social_options":{"image_generator_settings":{"template":"highway","default_image_id":0,"font":"","enabled":false},"version":2}},"categories":[199,197],"tags":[],"class_list":["post-78817","post","type-post","status-publish","format-standard","has-post-thumbnail","hentry","category-bahia","category-politica"],"jetpack_publicize_connections":[],"jetpack_featured_media_url":"https:\/\/blogopara.com.br\/wp-content\/uploads\/2025\/08\/168969morre-everaldo-anunciacao-vice-presidente-nacional-do-pt-em-salvador-3.jpg","uagb_featured_image_src":{"full":["https:\/\/blogopara.com.br\/wp-content\/uploads\/2025\/08\/168969morre-everaldo-anunciacao-vice-presidente-nacional-do-pt-em-salvador-3.jpg",500,235,false],"thumbnail":["https:\/\/blogopara.com.br\/wp-content\/uploads\/2025\/08\/168969morre-everaldo-anunciacao-vice-presidente-nacional-do-pt-em-salvador-3-150x150.jpg",150,150,true],"medium":["https:\/\/blogopara.com.br\/wp-content\/uploads\/2025\/08\/168969morre-everaldo-anunciacao-vice-presidente-nacional-do-pt-em-salvador-3-300x141.jpg",300,141,true],"medium_large":["https:\/\/blogopara.com.br\/wp-content\/uploads\/2025\/08\/168969morre-everaldo-anunciacao-vice-presidente-nacional-do-pt-em-salvador-3.jpg",500,235,false],"large":["https:\/\/blogopara.com.br\/wp-content\/uploads\/2025\/08\/168969morre-everaldo-anunciacao-vice-presidente-nacional-do-pt-em-salvador-3.jpg",500,235,false],"1536x1536":["https:\/\/blogopara.com.br\/wp-content\/uploads\/2025\/08\/168969morre-everaldo-anunciacao-vice-presidente-nacional-do-pt-em-salvador-3.jpg",500,235,false],"2048x2048":["https:\/\/blogopara.com.br\/wp-content\/uploads\/2025\/08\/168969morre-everaldo-anunciacao-vice-presidente-nacional-do-pt-em-salvador-3.jpg",500,235,false],"mantranews-slider-large":["https:\/\/blogopara.com.br\/wp-content\/uploads\/2025\/08\/168969morre-everaldo-anunciacao-vice-presidente-nacional-do-pt-em-salvador-3.jpg",500,235,false],"mantranews-featured-medium":["https:\/\/blogopara.com.br\/wp-content\/uploads\/2025\/08\/168969morre-everaldo-anunciacao-vice-presidente-nacional-do-pt-em-salvador-3-420x235.jpg",420,235,true],"mantranews-featured-long":["https:\/\/blogopara.com.br\/wp-content\/uploads\/2025\/08\/168969morre-everaldo-anunciacao-vice-presidente-nacional-do-pt-em-salvador-3-300x235.jpg",300,235,true],"mantranews-block-medium":["https:\/\/blogopara.com.br\/wp-content\/uploads\/2025\/08\/168969morre-everaldo-anunciacao-vice-presidente-nacional-do-pt-em-salvador-3-464x235.jpg",464,235,true],"mantranews-carousel-image":["https:\/\/blogopara.com.br\/wp-content\/uploads\/2025\/08\/168969morre-everaldo-anunciacao-vice-presidente-nacional-do-pt-em-salvador-3.jpg",500,235,false],"mantranews-block-thumb":["https:\/\/blogopara.com.br\/wp-content\/uploads\/2025\/08\/168969morre-everaldo-anunciacao-vice-presidente-nacional-do-pt-em-salvador-3-322x230.jpg",322,230,true],"mantranews-single-large":["https:\/\/blogopara.com.br\/wp-content\/uploads\/2025\/08\/168969morre-everaldo-anunciacao-vice-presidente-nacional-do-pt-em-salvador-3.jpg",500,235,false]},"uagb_author_info":{"display_name":"Reda\u00e7\u00e3o geral","author_link":"https:\/\/blogopara.com.br\/index.php\/author\/blogopara"},"uagb_comment_info":0,"uagb_excerpt":"O ex-presidente do diret\u00f3rio estadual do PT na Bahia, Everaldo Anuncia\u00e7\u00e3o, morreu nesta quarta-feira (20), em Salvador. O petista estava internado na capital baiana ap\u00f3s passar por um procedimento cir\u00fargico. Atualmente, ele ocupava o cargo de vice-presidente nacional da sigla desde a sa\u00edda de Gleisi Hoffmann para o governo de Luiz In\u00e1cio Lula da Silva&hellip;","jetpack_sharing_enabled":true,"jetpack_likes_enabled":true,"_links":{"self":[{"href":"https:\/\/blogopara.com.br\/index.php\/wp-json\/wp\/v2\/posts\/78817","targetHints":{"allow":["GET"]}}],"collection":[{"href":"https:\/\/blogopara.com.br\/index.php\/wp-json\/wp\/v2\/posts"}],"about":[{"href":"https:\/\/blogopara.com.br\/index.php\/wp-json\/wp\/v2\/types\/post"}],"author":[{"embeddable":true,"href":"https:\/\/blogopara.com.br\/index.php\/wp-json\/wp\/v2\/users\/1"}],"replies":[{"embeddable":true,"href":"https:\/\/blogopara.com.br\/index.php\/wp-json\/wp\/v2\/comments?post=78817"}],"version-history":[{"count":2,"href":"https:\/\/blogopara.com.br\/index.php\/wp-json\/wp\/v2\/posts\/78817\/revisions"}],"predecessor-version":[{"id":78822,"href":"https:\/\/blogopara.com.br\/index.php\/wp-json\/wp\/v2\/posts\/78817\/revisions\/78822"}],"wp:featuredmedia":[{"embeddable":true,"href":"https:\/\/blogopara.com.br\/index.php\/wp-json\/wp\/v2\/media\/78820"}],"wp:attachment":[{"href":"https:\/\/blogopara.com.br\/index.php\/wp-json\/wp\/v2\/media?parent=78817"}],"wp:term":[{"taxonomy":"category","embeddable":true,"href":"https:\/\/blogopara.com.br\/index.php\/wp-json\/wp\/v2\/categories?post=78817"},{"taxonomy":"post_tag","embeddable":true,"href":"https:\/\/blogopara.com.br\/index.php\/wp-json\/wp\/v2\/tags?post=78817"}],"curies":[{"name":"wp","href":"https:\/\/api.w.org\/{rel}","templated":true}]}}