{"id":78871,"date":"2025-08-23T10:06:02","date_gmt":"2025-08-23T13:06:02","guid":{"rendered":"https:\/\/blogopara.com.br\/?p=78871"},"modified":"2025-08-23T10:06:02","modified_gmt":"2025-08-23T13:06:02","slug":"prefeitura-de-senhor-do-bonfim-muda-data-da-cerimonia-de-certificacao-das-escolas-destaque-na-conferencia-infantojuvenil-pelo-meio-ambiente-para-3-de-setembro","status":"publish","type":"post","link":"https:\/\/blogopara.com.br\/index.php\/2025\/08\/23\/prefeitura-de-senhor-do-bonfim-muda-data-da-cerimonia-de-certificacao-das-escolas-destaque-na-conferencia-infantojuvenil-pelo-meio-ambiente-para-3-de-setembro","title":{"rendered":"Prefeitura de Senhor do Bonfim muda data da cerim\u00f4nia de certifica\u00e7\u00e3o das escolas destaque na Confer\u00eancia Infantojuvenil pelo Meio Ambiente para 3 de setembro"},"content":{"rendered":"<p class=\"x_MsoNormal\">A Prefeitura de Senhor do Bonfim, por meio da Secretaria Municipal de Educa\u00e7\u00e3o e Esporte, informa que a Cerim\u00f4nia de Certifica\u00e7\u00e3o das escolas da rede municipal que se destacaram na I Confer\u00eancia Municipal Infantojuvenil pelo Meio Ambiente foi remarcada para o dia 3 de setembro, \u00e0s 8h, na C\u00e2mara Municipal de Vereadores.<\/p>\n<p class=\"x_MsoNormal\">A solenidade vai celebrar o empenho de alunos e professores que transformaram ideias em projetos concretos voltados \u00e0 preserva\u00e7\u00e3o ambiental. Realizada em 11 de junho, a confer\u00eancia mobilizou 15 escolas dos anos finais do Ensino Fundamental. Destas, 11 avan\u00e7aram para a Etapa Territorial, organizada pelo NTE25 em 5 de agosto, e quatro garantiram vaga na Etapa Estadual, prevista para meados de setembro, em Salvador.<\/p>\n<p class=\"x_MsoNormal\">Para a secret\u00e1ria municipal de Educa\u00e7\u00e3o e Esporte, Eline Sobreira, o momento vai al\u00e9m de um ato simb\u00f3lico. \u201c\u00c9 o reconhecimento de um trabalho coletivo, que envolve escuta, criatividade e compromisso. Nossos estudantes mostram que cuidar do meio ambiente \u00e9 tamb\u00e9m cuidar do futuro de Senhor do Bonfim\u201d, destacou.<\/p>\n<p class=\"x_MsoNormal\">Os projetos classificados para a etapa estadual s\u00e3o:<\/p>\n<p class=\"x_MsoNormal\">\u00a0\u00a0\u00a0\u00a0\u00a0\u00a0\u00a0\u00a0\u00a0 \u2022\u00a0\u00a0\u00a0\u00a0\u00a0\u00a0\u00a0 Escola Municipal de Passagem Velha \u2013 Guardi\u00f5es do Meio Ambiente: Educa\u00e7\u00e3o, A\u00e7\u00e3o e Cidadania Ecol\u00f3gica<\/p>\n<p class=\"x_MsoNormal\">\u00a0\u00a0\u00a0\u00a0\u00a0\u00a0\u00a0\u00a0\u00a0 \u2022\u00a0\u00a0\u00a0\u00a0\u00a0\u00a0\u00a0 Escola Municipal de 1\u00ba Grau de Tijua\u00e7u \u2013 Revitaliza\u00e7\u00e3o e Limpeza dos Recursos H\u00eddricos de Tijua\u00e7u: Preservar para Viver<\/p>\n<p class=\"x_MsoNormal\">\u00a0\u00a0\u00a0\u00a0\u00a0\u00a0\u00a0\u00a0\u00a0 \u2022\u00a0\u00a0\u00a0\u00a0\u00a0\u00a0\u00a0 Escola Municipal Austricliano de Carvalho \u2013 Feira Sustent\u00e1vel: Menos Pl\u00e1stico, Mais Vida<\/p>\n<p class=\"x_MsoNormal\">\u00a0\u00a0\u00a0\u00a0\u00a0\u00a0\u00a0\u00a0\u00a0 \u2022\u00a0\u00a0\u00a0\u00a0\u00a0\u00a0\u00a0 Escola Municipal Olga Campos de Menezes \u2013 Planeta Verde: Horta na Escola \u2013 Educa\u00e7\u00e3o Ambiental e Sustentabilidade<\/p>\n<p class=\"x_MsoNormal\">\nTexto: Ascom PMSB<\/p>\n","protected":false},"excerpt":{"rendered":"<p>A Prefeitura de Senhor do Bonfim, por meio da Secretaria Municipal de Educa\u00e7\u00e3o e Esporte, informa que a Cerim\u00f4nia de Certifica\u00e7\u00e3o das escolas da rede municipal que se destacaram na I Confer\u00eancia Municipal Infantojuvenil pelo Meio Ambiente foi remarcada para o dia 3 de setembro, \u00e0s 8h, na C\u00e2mara Municipal de Vereadores. A solenidade vai [&hellip;]<\/p>\n","protected":false},"author":1,"featured_media":78872,"comment_status":"open","ping_status":"open","sticky":false,"template":"","format":"standard","meta":{"_uag_custom_page_level_css":"","_monsterinsights_skip_tracking":false,"_monsterinsights_sitenote_active":false,"_monsterinsights_sitenote_note":"","_monsterinsights_sitenote_category":0,"jetpack_post_was_ever_published":false,"_jetpack_newsletter_access":"","_jetpack_dont_email_post_to_subs":false,"_jetpack_newsletter_tier_id":0,"_jetpack_memberships_contains_paywalled_content":false,"_jetpack_memberships_contains_paid_content":false,"footnotes":"","jetpack_publicize_message":"","jetpack_publicize_feature_enabled":true,"jetpack_social_post_already_shared":true,"jetpack_social_options":{"image_generator_settings":{"template":"highway","default_image_id":0,"font":"","enabled":false},"version":2}},"categories":[199],"tags":[11908,2532,5418],"class_list":["post-78871","post","type-post","status-publish","format-standard","has-post-thumbnail","hentry","category-bahia","tag-aissa-xavier","tag-meio-ambiente","tag-senhor-do-bonfim"],"jetpack_publicize_connections":[],"jetpack_featured_media_url":"https:\/\/blogopara.com.br\/wp-content\/uploads\/2025\/08\/thumbnail_IMG_6699.jpg","uagb_featured_image_src":{"full":["https:\/\/blogopara.com.br\/wp-content\/uploads\/2025\/08\/thumbnail_IMG_6699.jpg",500,495,false],"thumbnail":["https:\/\/blogopara.com.br\/wp-content\/uploads\/2025\/08\/thumbnail_IMG_6699-150x150.jpg",150,150,true],"medium":["https:\/\/blogopara.com.br\/wp-content\/uploads\/2025\/08\/thumbnail_IMG_6699-300x297.jpg",300,297,true],"medium_large":["https:\/\/blogopara.com.br\/wp-content\/uploads\/2025\/08\/thumbnail_IMG_6699.jpg",500,495,false],"large":["https:\/\/blogopara.com.br\/wp-content\/uploads\/2025\/08\/thumbnail_IMG_6699.jpg",500,495,false],"1536x1536":["https:\/\/blogopara.com.br\/wp-content\/uploads\/2025\/08\/thumbnail_IMG_6699.jpg",500,495,false],"2048x2048":["https:\/\/blogopara.com.br\/wp-content\/uploads\/2025\/08\/thumbnail_IMG_6699.jpg",500,495,false],"mantranews-slider-large":["https:\/\/blogopara.com.br\/wp-content\/uploads\/2025\/08\/thumbnail_IMG_6699.jpg",500,495,false],"mantranews-featured-medium":["https:\/\/blogopara.com.br\/wp-content\/uploads\/2025\/08\/thumbnail_IMG_6699-420x307.jpg",420,307,true],"mantranews-featured-long":["https:\/\/blogopara.com.br\/wp-content\/uploads\/2025\/08\/thumbnail_IMG_6699-300x443.jpg",300,443,true],"mantranews-block-medium":["https:\/\/blogopara.com.br\/wp-content\/uploads\/2025\/08\/thumbnail_IMG_6699-464x290.jpg",464,290,true],"mantranews-carousel-image":["https:\/\/blogopara.com.br\/wp-content\/uploads\/2025\/08\/thumbnail_IMG_6699.jpg",500,495,false],"mantranews-block-thumb":["https:\/\/blogopara.com.br\/wp-content\/uploads\/2025\/08\/thumbnail_IMG_6699-322x230.jpg",322,230,true],"mantranews-single-large":["https:\/\/blogopara.com.br\/wp-content\/uploads\/2025\/08\/thumbnail_IMG_6699.jpg",500,495,false]},"uagb_author_info":{"display_name":"Reda\u00e7\u00e3o geral","author_link":"https:\/\/blogopara.com.br\/index.php\/author\/blogopara"},"uagb_comment_info":0,"uagb_excerpt":"A Prefeitura de Senhor do Bonfim, por meio da Secretaria Municipal de Educa\u00e7\u00e3o e Esporte, informa que a Cerim\u00f4nia de Certifica\u00e7\u00e3o das escolas da rede municipal que se destacaram na I Confer\u00eancia Municipal Infantojuvenil pelo Meio Ambiente foi remarcada para o dia 3 de setembro, \u00e0s 8h, na C\u00e2mara Municipal de Vereadores. A solenidade vai&hellip;","jetpack_sharing_enabled":true,"jetpack_likes_enabled":true,"_links":{"self":[{"href":"https:\/\/blogopara.com.br\/index.php\/wp-json\/wp\/v2\/posts\/78871","targetHints":{"allow":["GET"]}}],"collection":[{"href":"https:\/\/blogopara.com.br\/index.php\/wp-json\/wp\/v2\/posts"}],"about":[{"href":"https:\/\/blogopara.com.br\/index.php\/wp-json\/wp\/v2\/types\/post"}],"author":[{"embeddable":true,"href":"https:\/\/blogopara.com.br\/index.php\/wp-json\/wp\/v2\/users\/1"}],"replies":[{"embeddable":true,"href":"https:\/\/blogopara.com.br\/index.php\/wp-json\/wp\/v2\/comments?post=78871"}],"version-history":[{"count":1,"href":"https:\/\/blogopara.com.br\/index.php\/wp-json\/wp\/v2\/posts\/78871\/revisions"}],"predecessor-version":[{"id":78873,"href":"https:\/\/blogopara.com.br\/index.php\/wp-json\/wp\/v2\/posts\/78871\/revisions\/78873"}],"wp:featuredmedia":[{"embeddable":true,"href":"https:\/\/blogopara.com.br\/index.php\/wp-json\/wp\/v2\/media\/78872"}],"wp:attachment":[{"href":"https:\/\/blogopara.com.br\/index.php\/wp-json\/wp\/v2\/media?parent=78871"}],"wp:term":[{"taxonomy":"category","embeddable":true,"href":"https:\/\/blogopara.com.br\/index.php\/wp-json\/wp\/v2\/categories?post=78871"},{"taxonomy":"post_tag","embeddable":true,"href":"https:\/\/blogopara.com.br\/index.php\/wp-json\/wp\/v2\/tags?post=78871"}],"curies":[{"name":"wp","href":"https:\/\/api.w.org\/{rel}","templated":true}]}}