{"id":78896,"date":"2025-08-23T15:18:31","date_gmt":"2025-08-23T18:18:31","guid":{"rendered":"https:\/\/blogopara.com.br\/?p=78896"},"modified":"2025-08-23T15:18:31","modified_gmt":"2025-08-23T18:18:31","slug":"juazeiro-a-famigerada-zona-azul-vai-voltar","status":"publish","type":"post","link":"https:\/\/blogopara.com.br\/index.php\/2025\/08\/23\/juazeiro-a-famigerada-zona-azul-vai-voltar","title":{"rendered":"Juazeiro: A famigerada zona azul vai voltar?"},"content":{"rendered":"<p>Nenhum sistema p\u00fablico foi t\u00e3o odiado pela popula\u00e7\u00e3o quanto o sistema zona azul em Juazeiro, Norte do estado.<\/p>\n<p>A cria\u00e7\u00e3o do Sistema Zona Azul em Juazeiro aconteceu em 2011, com a publica\u00e7\u00e3o da Lei Municipal n\u00ba 2.234, de 25 de outubro de 2011. Tendo a sua implanta\u00e7\u00e3o das \u00e1reas come\u00e7ado na pr\u00e1tica em julho de 2016, durante a gest\u00e3o do ex-prefeito Isaac Carvalho.<\/p>\n<p>Durante os sete anos de funcionamento o sistema provocou muito debates, muito mais contr\u00e1rios ao sistema, do que a sua utilidade p\u00fablica.<\/p>\n<p>A principal critica dos juazeirenses era sobre aplica\u00e7\u00e3o dos recursos. A prefeitura licitou, em uma empresa administrava o sistema. O valor que arrecadava, quanto ficava com a prefeitura; quem era os donos ou benefici\u00e1rios da empresa e quanto do valor arrecado era efetivamente aplicado em prol da melhoria da mobilidade urbana, eram as mais importantes questionamentos pela popula\u00e7\u00e3o. E que nunca foram respondidos pelas gest\u00f5es.<\/p>\n<p>No dia\u00a0 14 de junho de 2023, a Prefeitura de Juazeiro, atrav\u00e9s da Companhia de Seguran\u00e7a, Tr\u00e2nsito e Transporte (CSTT) resolveu suspender a cobran\u00e7a do sistema zona azul em toda Juazeiro.<\/p>\n<p>Desde ent\u00e3o h\u00e1 v\u00e1rias controv\u00e9rsias sobre o retorno do sistema. De um lado os comerciantes que se queixam da rotatividade do estacionamento para os clientes, do outro lado a popula\u00e7\u00e3o que ver com desconfian\u00e7a o retorno do sistema sem transpar\u00eancia.<\/p>\n<p>O ideal \u00e9 sempre o debate com a popula\u00e7\u00e3o, principalmente abordando as vantagens que o sistema promove nos aspectos mais justos da mobilidade urbana.<\/p>\n","protected":false},"excerpt":{"rendered":"<p>Nenhum sistema p\u00fablico foi t\u00e3o odiado pela popula\u00e7\u00e3o quanto o sistema zona azul em Juazeiro, Norte do estado. A cria\u00e7\u00e3o do Sistema Zona Azul em Juazeiro aconteceu em 2011, com a publica\u00e7\u00e3o da Lei Municipal n\u00ba 2.234, de 25 de outubro de 2011. Tendo a sua implanta\u00e7\u00e3o das \u00e1reas come\u00e7ado na pr\u00e1tica em julho de [&hellip;]<\/p>\n","protected":false},"author":1,"featured_media":78897,"comment_status":"open","ping_status":"open","sticky":false,"template":"","format":"standard","meta":{"_uag_custom_page_level_css":"","_monsterinsights_skip_tracking":false,"_monsterinsights_sitenote_active":false,"_monsterinsights_sitenote_note":"","_monsterinsights_sitenote_category":0,"jetpack_post_was_ever_published":false,"_jetpack_newsletter_access":"","_jetpack_dont_email_post_to_subs":false,"_jetpack_newsletter_tier_id":0,"_jetpack_memberships_contains_paywalled_content":false,"_jetpack_memberships_contains_paid_content":false,"footnotes":"","jetpack_publicize_message":"","jetpack_publicize_feature_enabled":true,"jetpack_social_post_already_shared":true,"jetpack_social_options":{"image_generator_settings":{"template":"highway","default_image_id":0,"font":"","enabled":false},"version":2}},"categories":[203],"tags":[7159],"class_list":["post-78896","post","type-post","status-publish","format-standard","has-post-thumbnail","hentry","category-juazeiro","tag-cstt-de-juazeiro"],"jetpack_publicize_connections":[],"jetpack_featured_media_url":"https:\/\/blogopara.com.br\/wp-content\/uploads\/2025\/08\/zonaazul1.jpeg","uagb_featured_image_src":{"full":["https:\/\/blogopara.com.br\/wp-content\/uploads\/2025\/08\/zonaazul1.jpeg",500,342,false],"thumbnail":["https:\/\/blogopara.com.br\/wp-content\/uploads\/2025\/08\/zonaazul1-150x150.jpeg",150,150,true],"medium":["https:\/\/blogopara.com.br\/wp-content\/uploads\/2025\/08\/zonaazul1-300x205.jpeg",300,205,true],"medium_large":["https:\/\/blogopara.com.br\/wp-content\/uploads\/2025\/08\/zonaazul1.jpeg",500,342,false],"large":["https:\/\/blogopara.com.br\/wp-content\/uploads\/2025\/08\/zonaazul1.jpeg",500,342,false],"1536x1536":["https:\/\/blogopara.com.br\/wp-content\/uploads\/2025\/08\/zonaazul1.jpeg",500,342,false],"2048x2048":["https:\/\/blogopara.com.br\/wp-content\/uploads\/2025\/08\/zonaazul1.jpeg",500,342,false],"mantranews-slider-large":["https:\/\/blogopara.com.br\/wp-content\/uploads\/2025\/08\/zonaazul1.jpeg",500,342,false],"mantranews-featured-medium":["https:\/\/blogopara.com.br\/wp-content\/uploads\/2025\/08\/zonaazul1-420x307.jpeg",420,307,true],"mantranews-featured-long":["https:\/\/blogopara.com.br\/wp-content\/uploads\/2025\/08\/zonaazul1-300x342.jpeg",300,342,true],"mantranews-block-medium":["https:\/\/blogopara.com.br\/wp-content\/uploads\/2025\/08\/zonaazul1-464x290.jpeg",464,290,true],"mantranews-carousel-image":["https:\/\/blogopara.com.br\/wp-content\/uploads\/2025\/08\/zonaazul1.jpeg",500,342,false],"mantranews-block-thumb":["https:\/\/blogopara.com.br\/wp-content\/uploads\/2025\/08\/zonaazul1-322x230.jpeg",322,230,true],"mantranews-single-large":["https:\/\/blogopara.com.br\/wp-content\/uploads\/2025\/08\/zonaazul1.jpeg",500,342,false]},"uagb_author_info":{"display_name":"Reda\u00e7\u00e3o geral","author_link":"https:\/\/blogopara.com.br\/index.php\/author\/blogopara"},"uagb_comment_info":0,"uagb_excerpt":"Nenhum sistema p\u00fablico foi t\u00e3o odiado pela popula\u00e7\u00e3o quanto o sistema zona azul em Juazeiro, Norte do estado. A cria\u00e7\u00e3o do Sistema Zona Azul em Juazeiro aconteceu em 2011, com a publica\u00e7\u00e3o da Lei Municipal n\u00ba 2.234, de 25 de outubro de 2011. Tendo a sua implanta\u00e7\u00e3o das \u00e1reas come\u00e7ado na pr\u00e1tica em julho de&hellip;","jetpack_sharing_enabled":true,"jetpack_likes_enabled":true,"_links":{"self":[{"href":"https:\/\/blogopara.com.br\/index.php\/wp-json\/wp\/v2\/posts\/78896","targetHints":{"allow":["GET"]}}],"collection":[{"href":"https:\/\/blogopara.com.br\/index.php\/wp-json\/wp\/v2\/posts"}],"about":[{"href":"https:\/\/blogopara.com.br\/index.php\/wp-json\/wp\/v2\/types\/post"}],"author":[{"embeddable":true,"href":"https:\/\/blogopara.com.br\/index.php\/wp-json\/wp\/v2\/users\/1"}],"replies":[{"embeddable":true,"href":"https:\/\/blogopara.com.br\/index.php\/wp-json\/wp\/v2\/comments?post=78896"}],"version-history":[{"count":2,"href":"https:\/\/blogopara.com.br\/index.php\/wp-json\/wp\/v2\/posts\/78896\/revisions"}],"predecessor-version":[{"id":78899,"href":"https:\/\/blogopara.com.br\/index.php\/wp-json\/wp\/v2\/posts\/78896\/revisions\/78899"}],"wp:featuredmedia":[{"embeddable":true,"href":"https:\/\/blogopara.com.br\/index.php\/wp-json\/wp\/v2\/media\/78897"}],"wp:attachment":[{"href":"https:\/\/blogopara.com.br\/index.php\/wp-json\/wp\/v2\/media?parent=78896"}],"wp:term":[{"taxonomy":"category","embeddable":true,"href":"https:\/\/blogopara.com.br\/index.php\/wp-json\/wp\/v2\/categories?post=78896"},{"taxonomy":"post_tag","embeddable":true,"href":"https:\/\/blogopara.com.br\/index.php\/wp-json\/wp\/v2\/tags?post=78896"}],"curies":[{"name":"wp","href":"https:\/\/api.w.org\/{rel}","templated":true}]}}