{"id":7890,"date":"2020-03-06T08:30:49","date_gmt":"2020-03-06T11:30:49","guid":{"rendered":"http:\/\/blogopara.com.br\/?p=7890"},"modified":"2020-03-06T14:14:13","modified_gmt":"2020-03-06T17:14:13","slug":"juazeiro-prefeito-paga-por-filiacao-ao-pt-com-nomeacoes-de-petistas-salarios-de-ate-r-11-75000","status":"publish","type":"post","link":"https:\/\/blogopara.com.br\/index.php\/2020\/03\/06\/juazeiro-prefeito-paga-por-filiacao-ao-pt-com-nomeacoes-de-petistas-salarios-de-ate-r-11-75000","title":{"rendered":"Juazeiro: prefeito &#8220;paga&#8221; por filia\u00e7\u00e3o ao PT com nomea\u00e7\u00f5es  de petistas. Sal\u00e1rios de at\u00e9 R$ 11.750,00"},"content":{"rendered":"<p style=\"text-align: justify;\">Havia uma resist\u00eancia do PT Municipal, representado por este grupo de nomeados em abrigar Paulo Bomfim na sigla. O grupo contestava a decis\u00e3o do Diret\u00f3rio Estadual, que j\u00e1 havia decidido pela filia\u00e7\u00e3o do prefeito de Juazeiro no partido.<\/p>\n<p style=\"text-align: justify;\">No entanto, ap\u00f3s as chamadas \u201ccosturas\u201d pol\u00edticas, os contr\u00e1rios a Paulo Bomfim no PT, mudaram de opini\u00e3o, o que surpreendeu at\u00e9 mesmo a c\u00fapula do partido em n\u00edvel estadual.<\/p>\n<p style=\"text-align: justify;\">A resposta para a repentina mudan\u00e7a est\u00e1 no Di\u00e1rio Oficial desta quinta-feira (5), o Decreto Municipal de n\u00famero 194\/20, com algumas exonera\u00e7\u00f5es e nomea\u00e7\u00f5es, para cargos mais altos, das mesmas pessoas contratadas pela gest\u00e3o do prefeito Paulo Bomfim (sem partido).<\/p>\n<p style=\"text-align: justify;\">&#8211; Jo\u00e3o Leopoldo, ex-presidente municipal do PT, saiu do cargo de Assessor T\u00e9cnico, com sal\u00e1rio de cerca de 3 mil reais, e foi para Assessor Especial do Prefeito, com status de secret\u00e1rio de governo e sal\u00e1rio de exatos R$ 11.750,00.<\/p>\n<p style=\"text-align: justify;\">-Lu\u00eds F\u00e9lix, atual presidente da sigla, passou de gerente, com sal\u00e1rio de R$ 3 mil e pulou para superintendente, passando a ganhar o dobro (6 mil). J\u00e1 a sua ex-esposa, Suzana Lindaura tamb\u00e9m quase dobrou de sal\u00e1rio, saindo de R$ 1.680 para cerca de 3 mil reais.<\/p>\n<p style=\"text-align: justify;\">-O filiado Pedro Milit\u00e3o, ascendeu de supervisor de n\u00facleo, 1.680 reais, para gerente, onde passar\u00e1 a ganhar 3 mil reais. Jos\u00e9 \u00c1lvaro foi nomeado para o cargo antes ocupado por Jo\u00e3o Leopoldo.<\/p>\n<p style=\"text-align: justify;\">Segundo informa\u00e7\u00f5es, o grupo pressionava o prefeito para ocupar a SEDUR &#8211; Secretaria de Desenvolvimento Urbano, como n\u00e3o foi aceita a indica\u00e7\u00e3o do ex-vereador Mitonho Vargas para ocupar a pasta, e nem o nome de Jo\u00e3o Leopoldo, chegaram ao acordo das nomea\u00e7\u00f5es publicadas no Di\u00e1rio oficial desta quinta-feira.<\/p>\n<p style=\"text-align: justify;\">O clima dentro do PT municipal est\u00e1 tenso, com muitos questionamentos e bate-boca no grupo de whatssap, em dos questionamentos \u00e9 de uma petista hist\u00f3rica, ela fez a seguinte indaga\u00e7\u00e3o:<\/p>\n<blockquote><p><span style=\"color: #ff0000;\">Que fique claro inclusive, que n\u00e3o estou aqui questionando a capacidade dos companheirxs que foram nomeados. O meu questionamento \u00e9 como essas nomea\u00e7\u00f5es aconteceram. Ou n\u00e3o temos que ser consultados sobre decis\u00f5es como essa. Decis\u00f5es como essa n\u00e3o devem passar pela inst\u00e2ncia partid\u00e1ria?&#8221;\u00a0<\/span><\/p><\/blockquote>\n<p style=\"text-align: justify;\">O discurso \u00e9 um, a pr\u00e1tica \u00e9 outra? E onde fica a afirma\u00e7\u00e3o de Lula de que \u201co PT teria que ser um partido diferente, que veio para mudar, que n\u00e3o veio para fazer o mesmo que os outros na pol\u00edtica?\u201d<\/p>\n<h4 style=\"text-align: justify;\">O que diz o estatuto do PT<\/h4>\n<p style=\"text-align: justify;\">De acordo com o estatuto do PT, dirigentes que fa\u00e7am parte da Executiva Municipal n\u00e3o podem ocupar cargo na gest\u00e3o municipal. Mas, como se percebe, at\u00e9 mesmo o presidente atual do partido, em Juazeiro, Lu\u00eds Felix, n\u00e3o s\u00f3 j\u00e1 estava na folha da prefeitura, como foi promovido.<\/p>\n<pre style=\"text-align: justify;\">Fonte de informa\u00e7oes: PNB<\/pre>\n","protected":false},"excerpt":{"rendered":"<p>O partido vai pagar o \u00f4nus de uma gest\u00e3o maldita de Paulo Bomfim, e os seus dirigentes preocupados em se dar bem.<\/p>\n","protected":false},"author":1,"featured_media":7891,"comment_status":"open","ping_status":"open","sticky":false,"template":"","format":"standard","meta":{"_uag_custom_page_level_css":"","_monsterinsights_skip_tracking":false,"_monsterinsights_sitenote_active":false,"_monsterinsights_sitenote_note":"","_monsterinsights_sitenote_category":0,"jetpack_post_was_ever_published":false,"_jetpack_newsletter_access":"","_jetpack_dont_email_post_to_subs":false,"_jetpack_newsletter_tier_id":0,"_jetpack_memberships_contains_paywalled_content":false,"_jetpack_memberships_contains_paid_content":false,"footnotes":"","jetpack_publicize_message":"","jetpack_publicize_feature_enabled":true,"jetpack_social_post_already_shared":true,"jetpack_social_options":{"image_generator_settings":{"template":"highway","default_image_id":0,"font":"","enabled":false},"version":2}},"categories":[203,197],"tags":[],"class_list":["post-7890","post","type-post","status-publish","format-standard","has-post-thumbnail","hentry","category-juazeiro","category-politica"],"jetpack_publicize_connections":[],"jetpack_featured_media_url":"https:\/\/blogopara.com.br\/wp-content\/uploads\/2020\/03\/ptc.jpg","uagb_featured_image_src":{"full":["https:\/\/blogopara.com.br\/wp-content\/uploads\/2020\/03\/ptc.jpg",500,354,false],"thumbnail":["https:\/\/blogopara.com.br\/wp-content\/uploads\/2020\/03\/ptc-150x150.jpg",150,150,true],"medium":["https:\/\/blogopara.com.br\/wp-content\/uploads\/2020\/03\/ptc-300x212.jpg",300,212,true],"medium_large":["https:\/\/blogopara.com.br\/wp-content\/uploads\/2020\/03\/ptc.jpg",500,354,false],"large":["https:\/\/blogopara.com.br\/wp-content\/uploads\/2020\/03\/ptc.jpg",500,354,false],"1536x1536":["https:\/\/blogopara.com.br\/wp-content\/uploads\/2020\/03\/ptc.jpg",500,354,false],"2048x2048":["https:\/\/blogopara.com.br\/wp-content\/uploads\/2020\/03\/ptc.jpg",500,354,false],"mantranews-slider-large":["https:\/\/blogopara.com.br\/wp-content\/uploads\/2020\/03\/ptc.jpg",500,354,false],"mantranews-featured-medium":["https:\/\/blogopara.com.br\/wp-content\/uploads\/2020\/03\/ptc-420x307.jpg",420,307,true],"mantranews-featured-long":["https:\/\/blogopara.com.br\/wp-content\/uploads\/2020\/03\/ptc-300x354.jpg",300,354,true],"mantranews-block-medium":["https:\/\/blogopara.com.br\/wp-content\/uploads\/2020\/03\/ptc-464x290.jpg",464,290,true],"mantranews-carousel-image":["https:\/\/blogopara.com.br\/wp-content\/uploads\/2020\/03\/ptc.jpg",500,354,false],"mantranews-block-thumb":["https:\/\/blogopara.com.br\/wp-content\/uploads\/2020\/03\/ptc-322x230.jpg",322,230,true],"mantranews-single-large":["https:\/\/blogopara.com.br\/wp-content\/uploads\/2020\/03\/ptc.jpg",500,354,false]},"uagb_author_info":{"display_name":"Reda\u00e7\u00e3o geral","author_link":"https:\/\/blogopara.com.br\/index.php\/author\/blogopara"},"uagb_comment_info":0,"uagb_excerpt":"O partido vai pagar o \u00f4nus de uma gest\u00e3o maldita de Paulo Bomfim, e os seus dirigentes preocupados em se dar bem.","jetpack_sharing_enabled":true,"jetpack_likes_enabled":true,"_links":{"self":[{"href":"https:\/\/blogopara.com.br\/index.php\/wp-json\/wp\/v2\/posts\/7890","targetHints":{"allow":["GET"]}}],"collection":[{"href":"https:\/\/blogopara.com.br\/index.php\/wp-json\/wp\/v2\/posts"}],"about":[{"href":"https:\/\/blogopara.com.br\/index.php\/wp-json\/wp\/v2\/types\/post"}],"author":[{"embeddable":true,"href":"https:\/\/blogopara.com.br\/index.php\/wp-json\/wp\/v2\/users\/1"}],"replies":[{"embeddable":true,"href":"https:\/\/blogopara.com.br\/index.php\/wp-json\/wp\/v2\/comments?post=7890"}],"version-history":[{"count":4,"href":"https:\/\/blogopara.com.br\/index.php\/wp-json\/wp\/v2\/posts\/7890\/revisions"}],"predecessor-version":[{"id":7906,"href":"https:\/\/blogopara.com.br\/index.php\/wp-json\/wp\/v2\/posts\/7890\/revisions\/7906"}],"wp:featuredmedia":[{"embeddable":true,"href":"https:\/\/blogopara.com.br\/index.php\/wp-json\/wp\/v2\/media\/7891"}],"wp:attachment":[{"href":"https:\/\/blogopara.com.br\/index.php\/wp-json\/wp\/v2\/media?parent=7890"}],"wp:term":[{"taxonomy":"category","embeddable":true,"href":"https:\/\/blogopara.com.br\/index.php\/wp-json\/wp\/v2\/categories?post=7890"},{"taxonomy":"post_tag","embeddable":true,"href":"https:\/\/blogopara.com.br\/index.php\/wp-json\/wp\/v2\/tags?post=7890"}],"curies":[{"name":"wp","href":"https:\/\/api.w.org\/{rel}","templated":true}]}}