{"id":7894,"date":"2020-03-06T09:09:54","date_gmt":"2020-03-06T12:09:54","guid":{"rendered":"http:\/\/blogopara.com.br\/?p=7894"},"modified":"2020-03-06T09:10:00","modified_gmt":"2020-03-06T12:10:00","slug":"hospital-universitario-apoiara-a-semana-do-sono-2020","status":"publish","type":"post","link":"https:\/\/blogopara.com.br\/index.php\/2020\/03\/06\/hospital-universitario-apoiara-a-semana-do-sono-2020","title":{"rendered":"Hospital Universit\u00e1rio apoiar\u00e1 a Semana do Sono 2020"},"content":{"rendered":"<p style=\"text-align: justify;\">O Hospital da Universidade Federal do Vale do S\u00e3o Francisco (HU-Univasf) ser\u00e1 um dos apoiadores da Semana do Sono 2020, campanha de conscientiza\u00e7\u00e3o social sobre a import\u00e2ncia do sono para a sa\u00fade f\u00edsica e mental, a ser realizada de 13 a 19 de mar\u00e7o em mais de 60 cidades brasileiras.<\/p>\n<p style=\"text-align: justify;\">Promovida pela Associa\u00e7\u00e3o Brasileira do Sono (ABS), a semana possui o slogan \u201cSono e sonhos melhores para um mundo melhor\u201d e sua programa\u00e7\u00e3o tem como objetivo promover o di\u00e1logo entre profissionais da sa\u00fade, pesquisadores, educadores, pol\u00edticos e toda a sociedade sobre a relev\u00e2ncia do sono em todas as fases da vida.<\/p>\n<p style=\"text-align: justify;\">Em Petrolina-PE, as atividades come\u00e7am no dia 15 de mar\u00e7o, no Parque Josepha Coelho, das 8h \u00e0s 12h, com uma A\u00e7\u00e3o P\u00fablica envolvendo orienta\u00e7\u00f5es, aferi\u00e7\u00e3o de press\u00e3o, hemoglicoteste (teste de glicemia) e aplica\u00e7\u00e3o de question\u00e1rios. De 16 a 19 de mar\u00e7o, ser\u00e3o feitas a\u00e7\u00f5es educativas na recep\u00e7\u00e3o da Policl\u00ednica da Univasf, das 7h30 \u00e0s 9h e das 13h30 \u00e0s 15h.<\/p>\n<p style=\"text-align: justify;\">Tais a\u00e7\u00f5es ser\u00e3o desenvolvidas, gratuitamente, por uma equipe do HU-Univasf, composta por profissionais das \u00e1reas de otorrinolaringologia, cardiologia, pneumologia, enfermagem, fisioterapia, odontologia e traumatologia bucomaxilofacial.<\/p>\n<p style=\"text-align: justify;\">Queixas relacionadas ao sono t\u00eam sido bastante comuns na popula\u00e7\u00e3o. Estima-se que 45% dos brasileiros vivenciam algum problema de sono, podendo chegar a atingir mais de 80% dependendo do tempo e da abrang\u00eancia das queixas, gerando preju\u00edzos \u00e0 sa\u00fade f\u00edsica e mental. Os dist\u00farbios mais comuns s\u00e3o a Ins\u00f4nia, cerca de 35% da popula\u00e7\u00e3o, e a Apneia Obstrutiva do Sono, de 33 a 35% da popula\u00e7\u00e3o brasileira.<\/p>\n<p style=\"text-align: justify;\">Al\u00e9m de afetar o desempenho intelectual, o humor, a mem\u00f3ria e o controle do peso corporal, a insufici\u00eancia de sono pode reduzir a imunidade e aumentar o risco de doen\u00e7as como diabetes, hipertens\u00e3o arterial, obesidade e depress\u00e3o. O sono reparador \u00e9 essencial para um envelhecimento saud\u00e1vel, livre de doen\u00e7as neurodegenerativas, como o Mal de Alzheimer.<\/p>\n<p style=\"text-align: justify;\">Mais informa\u00e7\u00f5es sobre o assunto podem ser consultadas na Cartilha da Semana do Sono 2020, da Associa\u00e7\u00e3o Brasileira do Sono (dispon\u00edvel para download em: www.semanadosono.com.br).<\/p>\n<pre>Ascom Univasf<\/pre>\n","protected":false},"excerpt":{"rendered":"<p>O Hospital da Universidade Federal do Vale do S\u00e3o Francisco (HU-Univasf) ser\u00e1 um dos apoiadores da Semana do Sono 2020, campanha de conscientiza\u00e7\u00e3o social sobre a import\u00e2ncia do sono para a sa\u00fade f\u00edsica e mental, a ser realizada de 13 a 19 de mar\u00e7o em mais de 60 cidades brasileiras. Promovida pela Associa\u00e7\u00e3o Brasileira do [&hellip;]<\/p>\n","protected":false},"author":1,"featured_media":7896,"comment_status":"open","ping_status":"open","sticky":false,"template":"","format":"standard","meta":{"_uag_custom_page_level_css":"","_monsterinsights_skip_tracking":false,"_monsterinsights_sitenote_active":false,"_monsterinsights_sitenote_note":"","_monsterinsights_sitenote_category":0,"jetpack_post_was_ever_published":false,"_jetpack_newsletter_access":"","_jetpack_dont_email_post_to_subs":false,"_jetpack_newsletter_tier_id":0,"_jetpack_memberships_contains_paywalled_content":false,"_jetpack_memberships_contains_paid_content":false,"footnotes":"","jetpack_publicize_message":"","jetpack_publicize_feature_enabled":true,"jetpack_social_post_already_shared":true,"jetpack_social_options":{"image_generator_settings":{"template":"highway","default_image_id":0,"font":"","enabled":false},"version":2}},"categories":[851,205],"tags":[],"class_list":["post-7894","post","type-post","status-publish","format-standard","has-post-thumbnail","hentry","category-petrolina","category-saude"],"jetpack_publicize_connections":[],"jetpack_featured_media_url":"https:\/\/blogopara.com.br\/wp-content\/uploads\/2020\/03\/Semana-do-Sono-2020.png","uagb_featured_image_src":{"full":["https:\/\/blogopara.com.br\/wp-content\/uploads\/2020\/03\/Semana-do-Sono-2020.png",500,330,false],"thumbnail":["https:\/\/blogopara.com.br\/wp-content\/uploads\/2020\/03\/Semana-do-Sono-2020-150x150.png",150,150,true],"medium":["https:\/\/blogopara.com.br\/wp-content\/uploads\/2020\/03\/Semana-do-Sono-2020-300x198.png",300,198,true],"medium_large":["https:\/\/blogopara.com.br\/wp-content\/uploads\/2020\/03\/Semana-do-Sono-2020.png",500,330,false],"large":["https:\/\/blogopara.com.br\/wp-content\/uploads\/2020\/03\/Semana-do-Sono-2020.png",500,330,false],"1536x1536":["https:\/\/blogopara.com.br\/wp-content\/uploads\/2020\/03\/Semana-do-Sono-2020.png",500,330,false],"2048x2048":["https:\/\/blogopara.com.br\/wp-content\/uploads\/2020\/03\/Semana-do-Sono-2020.png",500,330,false],"mantranews-slider-large":["https:\/\/blogopara.com.br\/wp-content\/uploads\/2020\/03\/Semana-do-Sono-2020.png",500,330,false],"mantranews-featured-medium":["https:\/\/blogopara.com.br\/wp-content\/uploads\/2020\/03\/Semana-do-Sono-2020-420x307.png",420,307,true],"mantranews-featured-long":["https:\/\/blogopara.com.br\/wp-content\/uploads\/2020\/03\/Semana-do-Sono-2020-300x330.png",300,330,true],"mantranews-block-medium":["https:\/\/blogopara.com.br\/wp-content\/uploads\/2020\/03\/Semana-do-Sono-2020-464x290.png",464,290,true],"mantranews-carousel-image":["https:\/\/blogopara.com.br\/wp-content\/uploads\/2020\/03\/Semana-do-Sono-2020.png",500,330,false],"mantranews-block-thumb":["https:\/\/blogopara.com.br\/wp-content\/uploads\/2020\/03\/Semana-do-Sono-2020-322x230.png",322,230,true],"mantranews-single-large":["https:\/\/blogopara.com.br\/wp-content\/uploads\/2020\/03\/Semana-do-Sono-2020.png",500,330,false]},"uagb_author_info":{"display_name":"Reda\u00e7\u00e3o geral","author_link":"https:\/\/blogopara.com.br\/index.php\/author\/blogopara"},"uagb_comment_info":0,"uagb_excerpt":"O Hospital da Universidade Federal do Vale do S\u00e3o Francisco (HU-Univasf) ser\u00e1 um dos apoiadores da Semana do Sono 2020, campanha de conscientiza\u00e7\u00e3o social sobre a import\u00e2ncia do sono para a sa\u00fade f\u00edsica e mental, a ser realizada de 13 a 19 de mar\u00e7o em mais de 60 cidades brasileiras. Promovida pela Associa\u00e7\u00e3o Brasileira do&hellip;","jetpack_sharing_enabled":true,"jetpack_likes_enabled":true,"_links":{"self":[{"href":"https:\/\/blogopara.com.br\/index.php\/wp-json\/wp\/v2\/posts\/7894","targetHints":{"allow":["GET"]}}],"collection":[{"href":"https:\/\/blogopara.com.br\/index.php\/wp-json\/wp\/v2\/posts"}],"about":[{"href":"https:\/\/blogopara.com.br\/index.php\/wp-json\/wp\/v2\/types\/post"}],"author":[{"embeddable":true,"href":"https:\/\/blogopara.com.br\/index.php\/wp-json\/wp\/v2\/users\/1"}],"replies":[{"embeddable":true,"href":"https:\/\/blogopara.com.br\/index.php\/wp-json\/wp\/v2\/comments?post=7894"}],"version-history":[{"count":2,"href":"https:\/\/blogopara.com.br\/index.php\/wp-json\/wp\/v2\/posts\/7894\/revisions"}],"predecessor-version":[{"id":7897,"href":"https:\/\/blogopara.com.br\/index.php\/wp-json\/wp\/v2\/posts\/7894\/revisions\/7897"}],"wp:featuredmedia":[{"embeddable":true,"href":"https:\/\/blogopara.com.br\/index.php\/wp-json\/wp\/v2\/media\/7896"}],"wp:attachment":[{"href":"https:\/\/blogopara.com.br\/index.php\/wp-json\/wp\/v2\/media?parent=7894"}],"wp:term":[{"taxonomy":"category","embeddable":true,"href":"https:\/\/blogopara.com.br\/index.php\/wp-json\/wp\/v2\/categories?post=7894"},{"taxonomy":"post_tag","embeddable":true,"href":"https:\/\/blogopara.com.br\/index.php\/wp-json\/wp\/v2\/tags?post=7894"}],"curies":[{"name":"wp","href":"https:\/\/api.w.org\/{rel}","templated":true}]}}