{"id":78949,"date":"2025-08-25T10:46:16","date_gmt":"2025-08-25T13:46:16","guid":{"rendered":"https:\/\/blogopara.com.br\/?p=78949"},"modified":"2025-08-25T10:46:16","modified_gmt":"2025-08-25T13:46:16","slug":"prefeitura-de-juazeiro-inicia-emplacamento-de-carrocas-com-o-projeto-carroceiro-legal","status":"publish","type":"post","link":"https:\/\/blogopara.com.br\/index.php\/2025\/08\/25\/prefeitura-de-juazeiro-inicia-emplacamento-de-carrocas-com-o-projeto-carroceiro-legal","title":{"rendered":"Prefeitura de Juazeiro inicia emplacamento de carro\u00e7as com o Projeto Carroceiro Legal"},"content":{"rendered":"<p>Nesta sexta-feira (22), a Prefeitura de Juazeiro deu in\u00edcio ao processo de emplacamento das carro\u00e7as que circulam pela cidade.<\/p>\n<p>A a\u00e7\u00e3o marca o lan\u00e7amento do Projeto Carroceiro Legal, que integra o Programa Juazeiro Limpa e tem como objetivo promover dignidade, reconhecimento e seguran\u00e7a para os carroceiros do munic\u00edpio.<\/p>\n<p>O campo do CSU, no bairro Alto do Alencar, foi o ponto de encontro para os profissionais, que receberam placas de identifica\u00e7\u00e3o para suas carro\u00e7as, al\u00e9m de kits contendo squeeze, camisa UV, colete e chap\u00e9u. Os carroceiros cadastrados tamb\u00e9m foram inclu\u00eddos no programa &#8220;Juazeiro Sem Fome&#8221;.<\/p>\n<p>A iniciativa foi coordenada pela Secretaria de Meio Ambiente e contou com o apoio da Ag\u00eancia Municipal de Abastecimento\/AMA, Secretaria de Seguran\u00e7a Cidad\u00e3, Ag\u00eancia Municipal de Tr\u00e2nsito e Transporte\/AMTT, Secretaria de Servi\u00e7os P\u00fablicos\/SESP e Secretaria de Ordenamento e Habita\u00e7\u00e3o P\u00fablica\/SOPH.<\/p>\n<p>Para o secret\u00e1rio de Meio Ambiente, Cl\u00e1udio Fernandes, o projeto representa um marco para a categoria. &#8220;Esta \u00e9 uma forma de estarmos identificando os carroceiros, que foi a parte do cadastramento e emplacando das carro\u00e7as pertencentes a eles. Tamb\u00e9m \u00e9 uma forma de conhecer e entender as dificuldades desses profissionais. O emplacamento al\u00e9m de identificar o carroceiro ajuda a gest\u00e3o municipal a ficar mais pr\u00f3xima dele e isso \u00e9 importante porque tenho certeza que teremos um retorno muito positivo, com mais dignidade, respeito e reconhecimento para os carroceiros e carroceiras da nossa cidade&#8221;, afirmou.<\/p>\n<p>O senhor Francisco Nogueira, que trabalha com reciclagem h\u00e1 mais de 20 anos, chegou cedo e aguardava ansioso pelo momento. &#8220;Eu gostei da prefeitura fazer isso, eu gostei demais, as pessoas falaram que ia ter esse momento aqui e eu acho bom, eu acho bom pra ter um respeito, n\u00e9? Eu j\u00e1 fiz o cadastro e estou s\u00f3 esperando colocar a placa&#8221;, disse sorridente.<\/p>\n<p>Outra que n\u00e3o escondia a ansiedade era dona Ana Isabel Cavalcante, moradora do Quid\u00e9, com dez anos de experi\u00eancia transportando recicl\u00e1veis. Para ela, a iniciativa \u00e9 um passo para garantir respeito no tr\u00e2nsito. &#8220;A import\u00e2ncia desse emplacamento \u00e9 a gente ter respeito porque no tr\u00e2nsito as pessoas n\u00e3o nos respeitam, acham que porque somos carroceiros podemos ser tratados de qualquer jeito. Eu ando corretamente, na minha m\u00e3o e tudo. E eu estou confiante que com esse cadastramento e emplacamento a fiscaliza\u00e7\u00e3o seja feita e a gente receba um pouco de apoio e assist\u00eancia&#8221;, pontuou.<\/p>\n<p>Comovido, Paulo Bartolomeu destacou a relev\u00e2ncia do projeto para a valoriza\u00e7\u00e3o da categoria. &#8220;Hoje \u00e9 o in\u00edcio do emplacamento das carro\u00e7as e n\u00f3s esperamos que n\u00e3o seja algo de momento. Que seja algo que dure e que traga frutos para gente, como respeito, dignidade porque n\u00f3s trabalhamos na rua e muita gente ruim acha que somos bandidos. Com o emplacamento as pessoas v\u00e3o olhar e ver que estamos legalizados, que fomos reconhecidos pela Prefeitura e vai ficar melhor pra a gente trabalhar&#8221;, afirmou.<\/p>\n<p>Prazo para cadastramento e emplacamento-A partir da segunda-feira (25), os carroceiros que n\u00e3o fizeram o cadastro e nem o emplacamento, ter\u00e3o 15 dias para realizar o este processo e se regularizar. Ap\u00f3s esse prazo, apenas as carro\u00e7as cadastradas e emplacadas poder\u00e3o circular em Juazeiro.<\/p>\n<p>&nbsp;<\/p>\n<p>Thamires Costa \u2013 Ascom PMJ<\/p>\n","protected":false},"excerpt":{"rendered":"<p>Nesta sexta-feira (22), a Prefeitura de Juazeiro deu in\u00edcio ao processo de emplacamento das carro\u00e7as que circulam pela cidade. A a\u00e7\u00e3o marca o lan\u00e7amento do Projeto Carroceiro Legal, que integra o Programa Juazeiro Limpa e tem como objetivo promover dignidade, reconhecimento e seguran\u00e7a para os carroceiros do munic\u00edpio. O campo do CSU, no bairro Alto [&hellip;]<\/p>\n","protected":false},"author":1,"featured_media":78950,"comment_status":"open","ping_status":"open","sticky":false,"template":"","format":"standard","meta":{"_uag_custom_page_level_css":"","_monsterinsights_skip_tracking":false,"_monsterinsights_sitenote_active":false,"_monsterinsights_sitenote_note":"","_monsterinsights_sitenote_category":0,"jetpack_post_was_ever_published":false,"_jetpack_newsletter_access":"","_jetpack_dont_email_post_to_subs":false,"_jetpack_newsletter_tier_id":0,"_jetpack_memberships_contains_paywalled_content":false,"_jetpack_memberships_contains_paid_content":false,"footnotes":"","jetpack_publicize_message":"","jetpack_publicize_feature_enabled":true,"jetpack_social_post_already_shared":true,"jetpack_social_options":{"image_generator_settings":{"template":"highway","default_image_id":0,"font":"","enabled":false},"version":2}},"categories":[203],"tags":[],"class_list":["post-78949","post","type-post","status-publish","format-standard","has-post-thumbnail","hentry","category-juazeiro"],"jetpack_publicize_connections":[],"jetpack_featured_media_url":"https:\/\/blogopara.com.br\/wp-content\/uploads\/2025\/08\/carrocas.jpeg","uagb_featured_image_src":{"full":["https:\/\/blogopara.com.br\/wp-content\/uploads\/2025\/08\/carrocas.jpeg",500,375,false],"thumbnail":["https:\/\/blogopara.com.br\/wp-content\/uploads\/2025\/08\/carrocas-150x150.jpeg",150,150,true],"medium":["https:\/\/blogopara.com.br\/wp-content\/uploads\/2025\/08\/carrocas-300x225.jpeg",300,225,true],"medium_large":["https:\/\/blogopara.com.br\/wp-content\/uploads\/2025\/08\/carrocas.jpeg",500,375,false],"large":["https:\/\/blogopara.com.br\/wp-content\/uploads\/2025\/08\/carrocas.jpeg",500,375,false],"1536x1536":["https:\/\/blogopara.com.br\/wp-content\/uploads\/2025\/08\/carrocas.jpeg",500,375,false],"2048x2048":["https:\/\/blogopara.com.br\/wp-content\/uploads\/2025\/08\/carrocas.jpeg",500,375,false],"mantranews-slider-large":["https:\/\/blogopara.com.br\/wp-content\/uploads\/2025\/08\/carrocas.jpeg",500,375,false],"mantranews-featured-medium":["https:\/\/blogopara.com.br\/wp-content\/uploads\/2025\/08\/carrocas-420x307.jpeg",420,307,true],"mantranews-featured-long":["https:\/\/blogopara.com.br\/wp-content\/uploads\/2025\/08\/carrocas-300x375.jpeg",300,375,true],"mantranews-block-medium":["https:\/\/blogopara.com.br\/wp-content\/uploads\/2025\/08\/carrocas-464x290.jpeg",464,290,true],"mantranews-carousel-image":["https:\/\/blogopara.com.br\/wp-content\/uploads\/2025\/08\/carrocas.jpeg",500,375,false],"mantranews-block-thumb":["https:\/\/blogopara.com.br\/wp-content\/uploads\/2025\/08\/carrocas-322x230.jpeg",322,230,true],"mantranews-single-large":["https:\/\/blogopara.com.br\/wp-content\/uploads\/2025\/08\/carrocas.jpeg",500,375,false]},"uagb_author_info":{"display_name":"Reda\u00e7\u00e3o geral","author_link":"https:\/\/blogopara.com.br\/index.php\/author\/blogopara"},"uagb_comment_info":0,"uagb_excerpt":"Nesta sexta-feira (22), a Prefeitura de Juazeiro deu in\u00edcio ao processo de emplacamento das carro\u00e7as que circulam pela cidade. A a\u00e7\u00e3o marca o lan\u00e7amento do Projeto Carroceiro Legal, que integra o Programa Juazeiro Limpa e tem como objetivo promover dignidade, reconhecimento e seguran\u00e7a para os carroceiros do munic\u00edpio. O campo do CSU, no bairro Alto&hellip;","jetpack_sharing_enabled":true,"jetpack_likes_enabled":true,"_links":{"self":[{"href":"https:\/\/blogopara.com.br\/index.php\/wp-json\/wp\/v2\/posts\/78949","targetHints":{"allow":["GET"]}}],"collection":[{"href":"https:\/\/blogopara.com.br\/index.php\/wp-json\/wp\/v2\/posts"}],"about":[{"href":"https:\/\/blogopara.com.br\/index.php\/wp-json\/wp\/v2\/types\/post"}],"author":[{"embeddable":true,"href":"https:\/\/blogopara.com.br\/index.php\/wp-json\/wp\/v2\/users\/1"}],"replies":[{"embeddable":true,"href":"https:\/\/blogopara.com.br\/index.php\/wp-json\/wp\/v2\/comments?post=78949"}],"version-history":[{"count":1,"href":"https:\/\/blogopara.com.br\/index.php\/wp-json\/wp\/v2\/posts\/78949\/revisions"}],"predecessor-version":[{"id":78951,"href":"https:\/\/blogopara.com.br\/index.php\/wp-json\/wp\/v2\/posts\/78949\/revisions\/78951"}],"wp:featuredmedia":[{"embeddable":true,"href":"https:\/\/blogopara.com.br\/index.php\/wp-json\/wp\/v2\/media\/78950"}],"wp:attachment":[{"href":"https:\/\/blogopara.com.br\/index.php\/wp-json\/wp\/v2\/media?parent=78949"}],"wp:term":[{"taxonomy":"category","embeddable":true,"href":"https:\/\/blogopara.com.br\/index.php\/wp-json\/wp\/v2\/categories?post=78949"},{"taxonomy":"post_tag","embeddable":true,"href":"https:\/\/blogopara.com.br\/index.php\/wp-json\/wp\/v2\/tags?post=78949"}],"curies":[{"name":"wp","href":"https:\/\/api.w.org\/{rel}","templated":true}]}}