{"id":7898,"date":"2020-03-06T09:47:28","date_gmt":"2020-03-06T12:47:28","guid":{"rendered":"http:\/\/blogopara.com.br\/?p=7898"},"modified":"2020-03-06T09:47:32","modified_gmt":"2020-03-06T12:47:32","slug":"o-primeiro-caso-de-coronavirus-na-bahia-foi-registrado-em-feira-de-santana","status":"publish","type":"post","link":"https:\/\/blogopara.com.br\/index.php\/2020\/03\/06\/o-primeiro-caso-de-coronavirus-na-bahia-foi-registrado-em-feira-de-santana","title":{"rendered":"O primeiro caso de Coronav\u00edrus na Bahia foi registrado em Feira de Santana"},"content":{"rendered":"\n<p class=\"has-text-align-justify\">Bahia registrou o primeiro caso de coronav\u00edrus. O caso foi divulgado nesta sexta-feira (6) pelo secret\u00e1rio estadual de Sa\u00fade, F\u00e1bio Vilas-Boas, nas redes sociais.\u00a0<\/p>\n\n\n\n<p class=\"has-text-align-justify\">Conforme Vilas-Boas, trata-se de uma mulher de 34 anos, residente na cidade de Feira de Santana, que retornou da It\u00e1lia em 25 de fevereiro. &#8220;Comunico a confirma\u00e7\u00e3o do primeiro caso importado do novo coronav\u00edrus (Covid-19) na Bahia, nesta sexta-feira (6). O primeiro atendimento e as amostras foram coletadas em um hospital particular da capital baiana, sendo enviadas para a Fiocruz, no Rio de Janeiro. O resultado laboratorial confirmando o diagn\u00f3stico foi conclu\u00eddo hoje&#8221;, disse o secret\u00e1rio.\u00a0<\/p>\n\n\n\n<p class=\"has-text-align-justify\">Al\u00e9m da Bahia, os estados S\u00e3o Paulo, Esp\u00edrito Santo e Rio de Janeiro tamb\u00e9m j\u00e1 existem casos confirmados. <\/p>\n\n\n\n<pre class=\"wp-block-verse\">Fonte: Bahia not\u00edcias<\/pre>\n","protected":false},"excerpt":{"rendered":"<p>Bahia registrou o primeiro caso de coronav\u00edrus. O caso foi divulgado nesta sexta-feira (6) pelo secret\u00e1rio estadual de Sa\u00fade, F\u00e1bio Vilas-Boas, nas redes sociais.\u00a0 Conforme Vilas-Boas, trata-se de uma mulher de 34 anos, residente na cidade de Feira de Santana, que retornou da It\u00e1lia em 25 de fevereiro. &#8220;Comunico a confirma\u00e7\u00e3o do primeiro caso importado [&hellip;]<\/p>\n","protected":false},"author":1,"featured_media":7880,"comment_status":"open","ping_status":"open","sticky":false,"template":"","format":"standard","meta":{"_uag_custom_page_level_css":"","_monsterinsights_skip_tracking":false,"_monsterinsights_sitenote_active":false,"_monsterinsights_sitenote_note":"","_monsterinsights_sitenote_category":0,"jetpack_post_was_ever_published":false,"_jetpack_newsletter_access":"","_jetpack_dont_email_post_to_subs":false,"_jetpack_newsletter_tier_id":0,"_jetpack_memberships_contains_paywalled_content":false,"_jetpack_memberships_contains_paid_content":false,"footnotes":"","jetpack_publicize_message":"","jetpack_publicize_feature_enabled":true,"jetpack_social_post_already_shared":true,"jetpack_social_options":{"image_generator_settings":{"template":"highway","default_image_id":0,"font":"","enabled":false},"version":2}},"categories":[199,205],"tags":[11,1479,1472],"class_list":["post-7898","post","type-post","status-publish","format-standard","has-post-thumbnail","hentry","category-bahia","category-saude","tag-bahia","tag-coronavirus","tag-feira-de-santana"],"jetpack_publicize_connections":[],"jetpack_featured_media_url":"https:\/\/blogopara.com.br\/wp-content\/uploads\/2020\/03\/IMAGEM_NOTICIA_5-1.jpg","uagb_featured_image_src":{"full":["https:\/\/blogopara.com.br\/wp-content\/uploads\/2020\/03\/IMAGEM_NOTICIA_5-1.jpg",380,280,false],"thumbnail":["https:\/\/blogopara.com.br\/wp-content\/uploads\/2020\/03\/IMAGEM_NOTICIA_5-1-150x150.jpg",150,150,true],"medium":["https:\/\/blogopara.com.br\/wp-content\/uploads\/2020\/03\/IMAGEM_NOTICIA_5-1-300x221.jpg",300,221,true],"medium_large":["https:\/\/blogopara.com.br\/wp-content\/uploads\/2020\/03\/IMAGEM_NOTICIA_5-1.jpg",380,280,false],"large":["https:\/\/blogopara.com.br\/wp-content\/uploads\/2020\/03\/IMAGEM_NOTICIA_5-1.jpg",380,280,false],"1536x1536":["https:\/\/blogopara.com.br\/wp-content\/uploads\/2020\/03\/IMAGEM_NOTICIA_5-1.jpg",380,280,false],"2048x2048":["https:\/\/blogopara.com.br\/wp-content\/uploads\/2020\/03\/IMAGEM_NOTICIA_5-1.jpg",380,280,false],"mantranews-slider-large":["https:\/\/blogopara.com.br\/wp-content\/uploads\/2020\/03\/IMAGEM_NOTICIA_5-1.jpg",380,280,false],"mantranews-featured-medium":["https:\/\/blogopara.com.br\/wp-content\/uploads\/2020\/03\/IMAGEM_NOTICIA_5-1.jpg",380,280,false],"mantranews-featured-long":["https:\/\/blogopara.com.br\/wp-content\/uploads\/2020\/03\/IMAGEM_NOTICIA_5-1-300x280.jpg",300,280,true],"mantranews-block-medium":["https:\/\/blogopara.com.br\/wp-content\/uploads\/2020\/03\/IMAGEM_NOTICIA_5-1.jpg",380,280,false],"mantranews-carousel-image":["https:\/\/blogopara.com.br\/wp-content\/uploads\/2020\/03\/IMAGEM_NOTICIA_5-1.jpg",380,280,false],"mantranews-block-thumb":["https:\/\/blogopara.com.br\/wp-content\/uploads\/2020\/03\/IMAGEM_NOTICIA_5-1-322x230.jpg",322,230,true],"mantranews-single-large":["https:\/\/blogopara.com.br\/wp-content\/uploads\/2020\/03\/IMAGEM_NOTICIA_5-1.jpg",380,280,false]},"uagb_author_info":{"display_name":"Reda\u00e7\u00e3o geral","author_link":"https:\/\/blogopara.com.br\/index.php\/author\/blogopara"},"uagb_comment_info":0,"uagb_excerpt":"Bahia registrou o primeiro caso de coronav\u00edrus. O caso foi divulgado nesta sexta-feira (6) pelo secret\u00e1rio estadual de Sa\u00fade, F\u00e1bio Vilas-Boas, nas redes sociais.\u00a0 Conforme Vilas-Boas, trata-se de uma mulher de 34 anos, residente na cidade de Feira de Santana, que retornou da It\u00e1lia em 25 de fevereiro. &#8220;Comunico a confirma\u00e7\u00e3o do primeiro caso importado&hellip;","jetpack_sharing_enabled":true,"jetpack_likes_enabled":true,"_links":{"self":[{"href":"https:\/\/blogopara.com.br\/index.php\/wp-json\/wp\/v2\/posts\/7898","targetHints":{"allow":["GET"]}}],"collection":[{"href":"https:\/\/blogopara.com.br\/index.php\/wp-json\/wp\/v2\/posts"}],"about":[{"href":"https:\/\/blogopara.com.br\/index.php\/wp-json\/wp\/v2\/types\/post"}],"author":[{"embeddable":true,"href":"https:\/\/blogopara.com.br\/index.php\/wp-json\/wp\/v2\/users\/1"}],"replies":[{"embeddable":true,"href":"https:\/\/blogopara.com.br\/index.php\/wp-json\/wp\/v2\/comments?post=7898"}],"version-history":[{"count":3,"href":"https:\/\/blogopara.com.br\/index.php\/wp-json\/wp\/v2\/posts\/7898\/revisions"}],"predecessor-version":[{"id":7901,"href":"https:\/\/blogopara.com.br\/index.php\/wp-json\/wp\/v2\/posts\/7898\/revisions\/7901"}],"wp:featuredmedia":[{"embeddable":true,"href":"https:\/\/blogopara.com.br\/index.php\/wp-json\/wp\/v2\/media\/7880"}],"wp:attachment":[{"href":"https:\/\/blogopara.com.br\/index.php\/wp-json\/wp\/v2\/media?parent=7898"}],"wp:term":[{"taxonomy":"category","embeddable":true,"href":"https:\/\/blogopara.com.br\/index.php\/wp-json\/wp\/v2\/categories?post=7898"},{"taxonomy":"post_tag","embeddable":true,"href":"https:\/\/blogopara.com.br\/index.php\/wp-json\/wp\/v2\/tags?post=7898"}],"curies":[{"name":"wp","href":"https:\/\/api.w.org\/{rel}","templated":true}]}}