{"id":79029,"date":"2025-08-28T10:36:56","date_gmt":"2025-08-28T13:36:56","guid":{"rendered":"https:\/\/blogopara.com.br\/?p=79029"},"modified":"2025-08-28T10:36:56","modified_gmt":"2025-08-28T13:36:56","slug":"stf-ve-chance-minima-de-bolsonaro-preso-em-quartel-apos-provavel-condenacao-e-avalia-papuda-ou-pf","status":"publish","type":"post","link":"https:\/\/blogopara.com.br\/index.php\/2025\/08\/28\/stf-ve-chance-minima-de-bolsonaro-preso-em-quartel-apos-provavel-condenacao-e-avalia-papuda-ou-pf","title":{"rendered":"STF v\u00ea chance m\u00ednima de Bolsonaro preso em quartel ap\u00f3s prov\u00e1vel condena\u00e7\u00e3o e avalia Papuda ou PF"},"content":{"rendered":"<p>Ministros do STF (Supremo Tribunal Federal) t\u00eam avaliado que uma pris\u00e3o do ex-presidente Jair Bolsonaro (PL) por eventual condena\u00e7\u00e3o pela tentativa de golpe de Estado n\u00e3o deve ser cumprida em um quartel do Ex\u00e9rcito.<\/p>\n<p>A avalia\u00e7\u00e3o parte de uma leitura no Supremo de que uma poss\u00edvel deten\u00e7\u00e3o de Bolsonaro em \u00e1rea militar poderia precipitar movimentos de apoiadores do ex-presidente em \u00e1rea pr\u00f3xima ao QG do Ex\u00e9rcito \u2014uma reedi\u00e7\u00e3o dos acampamentos golpistas de 2022.<\/p>\n<p>Diante do receio, passaram a ser consideradas nos bastidores duas possibilidades. Uma \u00e9 a reserva de uma cela especial no Centro Penitenci\u00e1rio da Papuda, em Bras\u00edlia (DF). A Superintend\u00eancia da Pol\u00edcia Federal no Distrito Federal \u00e9 outra alternativa.<\/p>\n<p>A Pol\u00edcia Federal j\u00e1 deixou uma cela especial pronta em sua sede regional de Bras\u00edlia por precau\u00e7\u00e3o. A decis\u00e3o foi tomada com base na possibilidade de o ex-presidente ser alvo de uma pris\u00e3o preventiva.<\/p>\n<p>A deten\u00e7\u00e3o em uma superintend\u00eancia da PF seria uma forma de o Supremo dar o mesmo tratamento a Bolsonaro que a Justi\u00e7a Federal deu ao presidente Lula (PT). O petista ficou preso por 580 dias na sede da corpora\u00e7\u00e3o em Curitiba (PR), condenado por corrup\u00e7\u00e3o na esteira da Lava Jato.<\/p>\n<p>A cela especial na PF \u00e9 uma sala improvisada para cust\u00f3dia individual, com banheiro, cama, mesa e televis\u00e3o. S\u00e3o caracter\u00edsticas semelhantes ao espa\u00e7o ocupado por Lula durante sua deten\u00e7\u00e3o.<\/p>\n<p>J\u00e1 a Papuda vive uma crise de superlota\u00e7\u00e3o h\u00e1 mais de uma d\u00e9cada. Um relat\u00f3rio produzido pelo Minist\u00e9rio P\u00fablico do Distrito Federal mostrou que no fim de 2024 havia 16.151 presos no centro penitenci\u00e1rio.<\/p>\n<p>O n\u00famero representa uma superlota\u00e7\u00e3o de 48%, com d\u00e9ficit de 5.273 vagas. O Minist\u00e9rio P\u00fablico ainda diz que encontrou, durante inspe\u00e7\u00f5es, celas para oito pessoas ocupadas por 25.<\/p>\n<p>\u201cOs internos dividiam as camas; alguns dormiam em redes improvisadas, e outros em colch\u00f5es no ch\u00e3o. Devido ao espa\u00e7o limitado, alguns colch\u00f5es eram posicionados pr\u00f3ximos \u00e0 \u00e1rea de banho e sanit\u00e1rios, o que levava ao contato com a umidade, provocando relatos de mofo e condi\u00e7\u00f5es insalubres\u201d, diz o relat\u00f3rio.<\/p>\n<p>No cen\u00e1rio de pris\u00e3o na Papuda, Bolsonaro teria direito a uma sala especial. O precedente mais recente \u00e9 o do ex-presidente Fernando Collor de Mello, que passou uma semana detido numa sala improvisada do pres\u00eddio Baldomero Cavalcanti, em Macei\u00f3 (AL).<\/p>\n<p>O ministro Alexandre de Moraes permitiu que Collor escolhesse em qual cidade cumpriria sua pena. As op\u00e7\u00f5es eram Macei\u00f3 e Bras\u00edlia, e o ex-presidente escolheu a capital alagoana.<\/p>\n<p>Uma semana ap\u00f3s ser preso, Collor conseguiu ser transferido para pris\u00e3o domiciliar, sob a alega\u00e7\u00e3o de ter problemas de sa\u00fade e idade avan\u00e7ada. Ele tem diagn\u00f3stico de Parkinson, e Moraes considerou que o tratamento da doen\u00e7a no pres\u00eddio n\u00e3o seria adequado.<\/p>\n<p>Jair Bolsonaro tem 70 anos e enfrenta problemas de sa\u00fade. Ele vem sofrendo com crises de solu\u00e7o que, por vezes, levam a v\u00f4mitos. Fez exames m\u00e9dicos nas \u00faltimas semanas para investigar uma poss\u00edvel pneumonia. O resultado, segundo seus m\u00e9dicos, apresentou quadro de infec\u00e7\u00f5es pulmonares, esofagite e gastrite.<\/p>\n<p>A situa\u00e7\u00e3o de sa\u00fade do ex-presidente tamb\u00e9m deve ser considerada na defini\u00e7\u00e3o de sua eventual condena\u00e7\u00e3o. Um ministro do Supremo afirmou \u00e0 Folha que a perman\u00eancia de Bolsonaro em pris\u00e3o domiciliar n\u00e3o est\u00e1 descartada.<\/p>\n<p>O Ex\u00e9rcito ser\u00e1 um dos principais afetados com o julgamento do n\u00facleo central da trama golpista. A Primeira Turma do STF come\u00e7a a an\u00e1lise do processo na pr\u00f3xima ter\u00e7a-feira (2) e prev\u00ea sua conclus\u00e3o em 12 de setembro.<\/p>\n<p>Seis dos oito r\u00e9us s\u00e3o integrantes das For\u00e7as Armadas; cinco s\u00e3o do Ex\u00e9rcito.<\/p>\n<p>Um oficial-general disse \u00e0 Folha que o Ex\u00e9rcito n\u00e3o deixar\u00e1 preparadas celas para o cumprimento das poss\u00edveis penas. A For\u00e7a decidiu esperar as decis\u00f5es do STF para definir os caminhos a tomar.<\/p>\n<p>Ele destaca que oficiais das For\u00e7as Armadas t\u00eam direito a pris\u00e3o especial, como uma sala de Estado-Maior individual. O Comando Militar do Planalto e a 11\u00aa Regi\u00e3o Militar do Distrito Federal t\u00eam capacidade para receber poss\u00edveis condenados.<\/p>\n<p>No caso dos demais r\u00e9us militares \u2014os generais Augusto Heleno, Paulo S\u00e9rgio Nogueira e Walter Braga Netto, o almirante Almir Garnier e o tenente-coronel Mauro Cid\u2014, eventuais condena\u00e7\u00f5es podem causar a perda dos postos e das patentes militares.<\/p>\n<p>Na pr\u00e1tica, os oficiais condenados a mais de dois anos de reclus\u00e3o s\u00e3o considerados \u201cmortos fict\u00edcios\u201d pelas For\u00e7as Armadas. Em consequ\u00eancia, perdem o benef\u00edcio de pris\u00e3o especial.<\/p>\n<p>O comandante do Ex\u00e9rcito, general Tom\u00e1s Paiva, tem conversado com Alexandre de Moraes para acompanhar os processos. A justificativa \u00e9 que dois ter\u00e7os dos r\u00e9us da trama golpista s\u00e3o militares, e \u00e9 preciso estar informado para saber dos desdobramentos das investiga\u00e7\u00f5es sobre a caserna e seus integrantes.<\/p>\n<p>&nbsp;<\/p>\n<p><span class=\"assinatura_exclusiva\">C\u00e9zar Feitoza\/Folhapress<\/span><\/p>\n","protected":false},"excerpt":{"rendered":"<p>Ministros do STF (Supremo Tribunal Federal) t\u00eam avaliado que uma pris\u00e3o do ex-presidente Jair Bolsonaro (PL) por eventual condena\u00e7\u00e3o pela tentativa de golpe de Estado n\u00e3o deve ser cumprida em um quartel do Ex\u00e9rcito. A avalia\u00e7\u00e3o parte de uma leitura no Supremo de que uma poss\u00edvel deten\u00e7\u00e3o de Bolsonaro em \u00e1rea militar poderia precipitar movimentos [&hellip;]<\/p>\n","protected":false},"author":1,"featured_media":48691,"comment_status":"open","ping_status":"open","sticky":false,"template":"","format":"standard","meta":{"_uag_custom_page_level_css":"","_monsterinsights_skip_tracking":false,"_monsterinsights_sitenote_active":false,"_monsterinsights_sitenote_note":"","_monsterinsights_sitenote_category":0,"jetpack_post_was_ever_published":false,"_jetpack_newsletter_access":"","_jetpack_dont_email_post_to_subs":false,"_jetpack_newsletter_tier_id":0,"_jetpack_memberships_contains_paywalled_content":false,"_jetpack_memberships_contains_paid_content":false,"footnotes":"","jetpack_publicize_message":"","jetpack_publicize_feature_enabled":true,"jetpack_social_post_already_shared":true,"jetpack_social_options":{"image_generator_settings":{"template":"highway","default_image_id":0,"font":"","enabled":false},"version":2}},"categories":[197],"tags":[],"class_list":["post-79029","post","type-post","status-publish","format-standard","has-post-thumbnail","hentry","category-politica"],"jetpack_publicize_connections":[],"jetpack_featured_media_url":"https:\/\/blogopara.com.br\/wp-content\/uploads\/2023\/01\/jair-bolsonaro-1.jpg","uagb_featured_image_src":{"full":["https:\/\/blogopara.com.br\/wp-content\/uploads\/2023\/01\/jair-bolsonaro-1.jpg",499,334,false],"thumbnail":["https:\/\/blogopara.com.br\/wp-content\/uploads\/2023\/01\/jair-bolsonaro-1-150x150.jpg",150,150,true],"medium":["https:\/\/blogopara.com.br\/wp-content\/uploads\/2023\/01\/jair-bolsonaro-1-300x201.jpg",300,201,true],"medium_large":["https:\/\/blogopara.com.br\/wp-content\/uploads\/2023\/01\/jair-bolsonaro-1.jpg",499,334,false],"large":["https:\/\/blogopara.com.br\/wp-content\/uploads\/2023\/01\/jair-bolsonaro-1.jpg",499,334,false],"1536x1536":["https:\/\/blogopara.com.br\/wp-content\/uploads\/2023\/01\/jair-bolsonaro-1.jpg",499,334,false],"2048x2048":["https:\/\/blogopara.com.br\/wp-content\/uploads\/2023\/01\/jair-bolsonaro-1.jpg",499,334,false],"mantranews-slider-large":["https:\/\/blogopara.com.br\/wp-content\/uploads\/2023\/01\/jair-bolsonaro-1.jpg",499,334,false],"mantranews-featured-medium":["https:\/\/blogopara.com.br\/wp-content\/uploads\/2023\/01\/jair-bolsonaro-1-420x307.jpg",420,307,true],"mantranews-featured-long":["https:\/\/blogopara.com.br\/wp-content\/uploads\/2023\/01\/jair-bolsonaro-1-300x334.jpg",300,334,true],"mantranews-block-medium":["https:\/\/blogopara.com.br\/wp-content\/uploads\/2023\/01\/jair-bolsonaro-1-464x290.jpg",464,290,true],"mantranews-carousel-image":["https:\/\/blogopara.com.br\/wp-content\/uploads\/2023\/01\/jair-bolsonaro-1.jpg",499,334,false],"mantranews-block-thumb":["https:\/\/blogopara.com.br\/wp-content\/uploads\/2023\/01\/jair-bolsonaro-1-322x230.jpg",322,230,true],"mantranews-single-large":["https:\/\/blogopara.com.br\/wp-content\/uploads\/2023\/01\/jair-bolsonaro-1.jpg",499,334,false]},"uagb_author_info":{"display_name":"Reda\u00e7\u00e3o geral","author_link":"https:\/\/blogopara.com.br\/index.php\/author\/blogopara"},"uagb_comment_info":0,"uagb_excerpt":"Ministros do STF (Supremo Tribunal Federal) t\u00eam avaliado que uma pris\u00e3o do ex-presidente Jair Bolsonaro (PL) por eventual condena\u00e7\u00e3o pela tentativa de golpe de Estado n\u00e3o deve ser cumprida em um quartel do Ex\u00e9rcito. A avalia\u00e7\u00e3o parte de uma leitura no Supremo de que uma poss\u00edvel deten\u00e7\u00e3o de Bolsonaro em \u00e1rea militar poderia precipitar movimentos&hellip;","jetpack_sharing_enabled":true,"jetpack_likes_enabled":true,"_links":{"self":[{"href":"https:\/\/blogopara.com.br\/index.php\/wp-json\/wp\/v2\/posts\/79029","targetHints":{"allow":["GET"]}}],"collection":[{"href":"https:\/\/blogopara.com.br\/index.php\/wp-json\/wp\/v2\/posts"}],"about":[{"href":"https:\/\/blogopara.com.br\/index.php\/wp-json\/wp\/v2\/types\/post"}],"author":[{"embeddable":true,"href":"https:\/\/blogopara.com.br\/index.php\/wp-json\/wp\/v2\/users\/1"}],"replies":[{"embeddable":true,"href":"https:\/\/blogopara.com.br\/index.php\/wp-json\/wp\/v2\/comments?post=79029"}],"version-history":[{"count":1,"href":"https:\/\/blogopara.com.br\/index.php\/wp-json\/wp\/v2\/posts\/79029\/revisions"}],"predecessor-version":[{"id":79034,"href":"https:\/\/blogopara.com.br\/index.php\/wp-json\/wp\/v2\/posts\/79029\/revisions\/79034"}],"wp:featuredmedia":[{"embeddable":true,"href":"https:\/\/blogopara.com.br\/index.php\/wp-json\/wp\/v2\/media\/48691"}],"wp:attachment":[{"href":"https:\/\/blogopara.com.br\/index.php\/wp-json\/wp\/v2\/media?parent=79029"}],"wp:term":[{"taxonomy":"category","embeddable":true,"href":"https:\/\/blogopara.com.br\/index.php\/wp-json\/wp\/v2\/categories?post=79029"},{"taxonomy":"post_tag","embeddable":true,"href":"https:\/\/blogopara.com.br\/index.php\/wp-json\/wp\/v2\/tags?post=79029"}],"curies":[{"name":"wp","href":"https:\/\/api.w.org\/{rel}","templated":true}]}}