{"id":79047,"date":"2025-08-29T17:25:44","date_gmt":"2025-08-29T20:25:44","guid":{"rendered":"https:\/\/blogopara.com.br\/?p=79047"},"modified":"2025-08-29T17:25:44","modified_gmt":"2025-08-29T20:25:44","slug":"faccoes-obrigam-moradores-a-deixarem-portas-destrancadas-para-traficantes-em-fuga","status":"publish","type":"post","link":"https:\/\/blogopara.com.br\/index.php\/2025\/08\/29\/faccoes-obrigam-moradores-a-deixarem-portas-destrancadas-para-traficantes-em-fuga","title":{"rendered":"Fac\u00e7\u00f5es obrigam moradores a deixarem portas destrancadas para traficantes em fuga"},"content":{"rendered":"<div class=\"flex flex-col w-full font-normal text-[18px] leading-[30px] text-tw-theme-text-default\">\n<p id=\"paragrafo-n2avl1knr3\">Com portas destrancadas e port\u00f5es sem cadeados. Em Salvador e, principalmente, nas localidades onde h\u00e1 forte atua\u00e7\u00e3o das fac\u00e7\u00f5es, seja durante o dia, na noite ou at\u00e9 na madrugada, \u00e9 assim que as casas devem ficar. O que deveria evitar a entrada de estranhos, na verdade, \u00e9 alvo de uma determina\u00e7\u00e3o de traficantes para que os moradores fiquem de portas abertas para o crime quando ele precisar.<\/p>\n<\/div>\n<div class=\"flex flex-col w-full font-normal text-[18px] leading-[30px] text-tw-theme-text-default\">\n<p id=\"paragrafo-y2otw31xti\">\u00c9 o que acontece, por exemplo, no Engenho Velho da Federa\u00e7\u00e3o, onde uma moradora se acostumou a ver traficantes armados dentro da sua resid\u00eancia durante a\u00e7\u00f5es policiais. Por l\u00e1, assim como em outros pontos da cidade, quem n\u00e3o deixa as portas abertas para traficantes em fuga pode sofrer san\u00e7\u00f5es graves que v\u00e3o de \u2018sess\u00f5es de tortura\u2019 at\u00e9 o assassinato daqueles que descumprem a ordem dos criminosos.<\/p>\n<\/div>\n<div class=\"flex flex-col w-full\">\n<div id=\"embed-p3rpr6vvlo\" class=\"component--embed component--video\"><iframe loading=\"lazy\" title=\"YouTube video player\" src=\"https:\/\/www.youtube.com\/embed\/uEmoCI22jXU?si=hvBSFwlZGC3oP05F\" width=\"560\" height=\"315\" frameborder=\"0\" allowfullscreen=\"allowfullscreen\" data-mce-fragment=\"1\"><\/iframe><\/div>\n<\/div>\n<div class=\"flex flex-col w-full font-normal text-[18px] leading-[30px] text-tw-theme-text-default\">\n<p id=\"paragrafo-nb8xutdwj4\">\u201cMoro l\u00e1 h\u00e1 30 anos. Criei meus filhos e minha fam\u00edlia aqui e nunca vi isso que est\u00e1 acontecendo. Agora tenho que dormir com as portas abertas e v\u00e1rias noites j\u00e1 me peguei acordando com gente armada dentro de casa mandando eu calar a boca porque eles estavam fugindo da pol\u00edcia&#8221;, relata uma moradora que, com medo de repres\u00e1lias por parte do tr\u00e1fico, pede para que seu relato fique sob anonimato.<\/p>\n<\/div>\n<div class=\"flex flex-col w-full font-normal text-[18px] leading-[30px] text-tw-theme-text-default\">\n<p id=\"paragrafo-hegvr0adrq\">A situa\u00e7\u00e3o n\u00e3o \u00e9 exclusiva do Engenho Velho da Federa\u00e7\u00e3o. No Nordeste, segundo outro morador que pede sigilo,\u00a0o problema \u00e9 antigo.\u00a0\u201cQuanto mais perto da boca [local de opera\u00e7\u00e3o da fac\u00e7\u00e3o], essas regras s\u00e3o mais fortes. Aqui isso existe h\u00e1 anos e, quando eu morava na regi\u00e3o do Campo do Areal, j\u00e1 entraram na minha casa. Me sa\u00ed de l\u00e1 por isso e hoje estou em um lugar mais tranquilo no bairro\u201d, conta.<\/p>\n<\/div>\n<div class=\"flex flex-col w-full font-normal text-[18px] leading-[30px] text-tw-theme-text-default\">\n<p id=\"paragrafo-35ypiiwkxs\">A moradora do Engenho Velho pensa em fazer o mesmo, mas ainda n\u00e3o conseguiu por quest\u00f5es financeiras e pela baixa procura por resid\u00eancias onde vive \u201cEu j\u00e1 botei minha casa para vender, mas ningu\u00e9m quer comprar. Quem quer morar num lugar dominado pelo tr\u00e1fico e com a pol\u00edcia tocando o terror? Se eu tivesse dinheiro, j\u00e1 teria ido embora\u201d, conta ela, que tem sofrido com os epis\u00f3dios de invas\u00e3o.<\/p>\n<\/div>\n<div class=\"flex flex-col w-full font-normal text-[18px] leading-[30px] text-tw-theme-text-default\">\n<p id=\"paragrafo-pgh5dy3vc5\">Apesar do problema ser novo para a moradora ouvida pela reportagem, a situa\u00e7\u00e3o \u00e9 antiga na cidade e acontece em diversos pontos, como conta um policial com mais de 15 anos de atua\u00e7\u00e3o na capital. Em situa\u00e7\u00f5es de persegui\u00e7\u00e3o, segundo ele, era comum ver um suspeito desaparecer de maneira repentina ao virar uma das esquinas dos locais onde as fac\u00e7\u00f5es atuam na cidade.<\/p>\n<\/div>\n<div class=\"flex flex-col w-full font-normal text-[18px] leading-[30px] text-tw-theme-text-default\">\n<p id=\"paragrafo-cwobbgaloq\">\u201cA coisa mais comum \u00e9 o pessoal ficar oprimido e as portas realmente ficam abertas. Se o bicho [bandido], na hora da pol\u00edcia chega, se bater com as portas fechadas, ele pode matar o dono da casa. Isso a\u00ed \u00e9 verdade, entendeu? E j\u00e1 teve situa\u00e7\u00e3o parecida com a gente a\u00ed, que a gente sabe que o cara virou a curva e sumiu. Sumiu porque entrou na casa, mas a gente n\u00e3o podia entrar\u201d, relata o policial, sem se identificar.<\/p>\n<\/div>\n<div class=\"flex flex-col w-full font-normal text-[18px] leading-[30px] text-tw-theme-text-default\">\n<p id=\"paragrafo-mdz5c6wqhk\">Outro policial, que atua na regi\u00e3o do Sub\u00farbio Ferrovi\u00e1rio, confirma o mesmo problema e cita que a determina\u00e7\u00e3o facilita dois tipos de fuga. \u201cEles se aproveitam dessa situa\u00e7\u00e3o que \u00e9 imposta, invadem determinada resid\u00eancia e fazem e fazendo pessoas de ref\u00e9ns. Em outras [quando entram nas casas sem serem vistos por PMs], os marginais entram na casa e se escondem sem fazer ref\u00e9ns\u201d, informa.<\/p>\n<\/div>\n<div class=\"flex flex-col w-full font-normal text-[18px] leading-[30px] text-tw-theme-text-default\">\n<p id=\"paragrafo-9gasnx49j9\">N\u00e3o \u00e0 toa, at\u00e9 aqui neste ano, ao menos 18 fam\u00edlias foram feitas ref\u00e9ns por traficantes em fuga em diferentes bairros de Salvador, de acordo com levantamento feito pela reportagem do CORREIO. Em todos os casos, ap\u00f3s horas de negocia\u00e7\u00e3o, ningu\u00e9m foi morto e os ref\u00e9ns foram liberados sem ferimentos graves ap\u00f3s o trabalho de policiais.<\/p>\n<\/div>\n<div class=\"flex flex-col w-full font-normal text-[18px] leading-[30px] text-tw-theme-text-default\">\n<p id=\"paragrafo-f5s6pqeexo\">Para Ant\u00f4nio Jorge Melo, coronel reformado da PM, no entanto, a determina\u00e7\u00e3o das fac\u00e7\u00f5es e os casos de ref\u00e9ns que se acumulam fazem com que viol\u00eancia em lugares dominados pelo tr\u00e1fico n\u00e3o se limite apenas \u00e0s ruas da cidade e entre, sem muita dificuldade, para os lares das pessoas que sofrem com o problema em Salvador.<\/p>\n<\/div>\n<div class=\"flex flex-col w-full font-normal text-[18px] leading-[30px] text-tw-theme-text-default\">\n<p id=\"paragrafo-64adkj3pap\">\u201cAs fac\u00e7\u00f5es criminosas usam a popula\u00e7\u00e3o das comunidades carentes como escudo humano para se protegerem e para proteger o seu neg\u00f3cio. [&#8230;] Esses criminosos se protegem na comunidade, podendo, caso sejam descobertos, fazer os moradores ref\u00e9ns, como garantia de que sair\u00e3o ilesos\u201d, explica o especialista em seguran\u00e7a.<\/p>\n<\/div>\n<div class=\"flex flex-col w-full font-normal text-[18px] leading-[30px] text-tw-theme-text-default\">\n<p id=\"paragrafo-0a6w5cwpt2\">Ele aponta ainda outra t\u00e1tica. \u201cOutra estrat\u00e9gia usada pelos traficantes \u00e9 obrigar crian\u00e7as a brincarem na rua, porque isso faz com que os policiais diminuam o ritmo durante uma incurs\u00e3o. Quando n\u00e3o \u00e9 isso, usam os hor\u00e1rios de presen\u00e7a intensa de estudantes fardados transitando nas ruas entre as 12h e 14h ou 16h e 18h\u201d, indica.<\/p>\n<\/div>\n<div class=\"flex flex-col w-full font-normal text-[18px] leading-[30px] text-tw-theme-text-default\">\n<p id=\"paragrafo-kn02b0wl4z\">Lembre casos em que criminosos invadiram resid\u00eancia e fizeram moradores de ref\u00e9m em Salvador ao longo de 2025.<\/p>\n<\/div>\n","protected":false},"excerpt":{"rendered":"<p>Com portas destrancadas e port\u00f5es sem cadeados. Em Salvador e, principalmente, nas localidades onde h\u00e1 forte atua\u00e7\u00e3o das fac\u00e7\u00f5es, seja durante o dia, na noite ou at\u00e9 na madrugada, \u00e9 assim que as casas devem ficar. O que deveria evitar a entrada de estranhos, na verdade, \u00e9 alvo de uma determina\u00e7\u00e3o de traficantes para que [&hellip;]<\/p>\n","protected":false},"author":1,"featured_media":79048,"comment_status":"open","ping_status":"open","sticky":false,"template":"","format":"standard","meta":{"_uag_custom_page_level_css":"","_monsterinsights_skip_tracking":false,"_monsterinsights_sitenote_active":false,"_monsterinsights_sitenote_note":"","_monsterinsights_sitenote_category":0,"jetpack_post_was_ever_published":false,"_jetpack_newsletter_access":"","_jetpack_dont_email_post_to_subs":false,"_jetpack_newsletter_tier_id":0,"_jetpack_memberships_contains_paywalled_content":false,"_jetpack_memberships_contains_paid_content":false,"footnotes":"","jetpack_publicize_message":"","jetpack_publicize_feature_enabled":true,"jetpack_social_post_already_shared":true,"jetpack_social_options":{"image_generator_settings":{"template":"highway","default_image_id":0,"font":"","enabled":false},"version":2}},"categories":[199],"tags":[],"class_list":["post-79047","post","type-post","status-publish","format-standard","has-post-thumbnail","hentry","category-bahia"],"jetpack_publicize_connections":[],"jetpack_featured_media_url":"https:\/\/blogopara.com.br\/wp-content\/uploads\/2025\/08\/Capturar-50.jpg","uagb_featured_image_src":{"full":["https:\/\/blogopara.com.br\/wp-content\/uploads\/2025\/08\/Capturar-50.jpg",500,316,false],"thumbnail":["https:\/\/blogopara.com.br\/wp-content\/uploads\/2025\/08\/Capturar-50-150x150.jpg",150,150,true],"medium":["https:\/\/blogopara.com.br\/wp-content\/uploads\/2025\/08\/Capturar-50-300x190.jpg",300,190,true],"medium_large":["https:\/\/blogopara.com.br\/wp-content\/uploads\/2025\/08\/Capturar-50.jpg",500,316,false],"large":["https:\/\/blogopara.com.br\/wp-content\/uploads\/2025\/08\/Capturar-50.jpg",500,316,false],"1536x1536":["https:\/\/blogopara.com.br\/wp-content\/uploads\/2025\/08\/Capturar-50.jpg",500,316,false],"2048x2048":["https:\/\/blogopara.com.br\/wp-content\/uploads\/2025\/08\/Capturar-50.jpg",500,316,false],"mantranews-slider-large":["https:\/\/blogopara.com.br\/wp-content\/uploads\/2025\/08\/Capturar-50.jpg",500,316,false],"mantranews-featured-medium":["https:\/\/blogopara.com.br\/wp-content\/uploads\/2025\/08\/Capturar-50-420x307.jpg",420,307,true],"mantranews-featured-long":["https:\/\/blogopara.com.br\/wp-content\/uploads\/2025\/08\/Capturar-50-300x316.jpg",300,316,true],"mantranews-block-medium":["https:\/\/blogopara.com.br\/wp-content\/uploads\/2025\/08\/Capturar-50-464x290.jpg",464,290,true],"mantranews-carousel-image":["https:\/\/blogopara.com.br\/wp-content\/uploads\/2025\/08\/Capturar-50.jpg",500,316,false],"mantranews-block-thumb":["https:\/\/blogopara.com.br\/wp-content\/uploads\/2025\/08\/Capturar-50-322x230.jpg",322,230,true],"mantranews-single-large":["https:\/\/blogopara.com.br\/wp-content\/uploads\/2025\/08\/Capturar-50.jpg",500,316,false]},"uagb_author_info":{"display_name":"Reda\u00e7\u00e3o geral","author_link":"https:\/\/blogopara.com.br\/index.php\/author\/blogopara"},"uagb_comment_info":0,"uagb_excerpt":"Com portas destrancadas e port\u00f5es sem cadeados. Em Salvador e, principalmente, nas localidades onde h\u00e1 forte atua\u00e7\u00e3o das fac\u00e7\u00f5es, seja durante o dia, na noite ou at\u00e9 na madrugada, \u00e9 assim que as casas devem ficar. O que deveria evitar a entrada de estranhos, na verdade, \u00e9 alvo de uma determina\u00e7\u00e3o de traficantes para que&hellip;","jetpack_sharing_enabled":true,"jetpack_likes_enabled":true,"_links":{"self":[{"href":"https:\/\/blogopara.com.br\/index.php\/wp-json\/wp\/v2\/posts\/79047","targetHints":{"allow":["GET"]}}],"collection":[{"href":"https:\/\/blogopara.com.br\/index.php\/wp-json\/wp\/v2\/posts"}],"about":[{"href":"https:\/\/blogopara.com.br\/index.php\/wp-json\/wp\/v2\/types\/post"}],"author":[{"embeddable":true,"href":"https:\/\/blogopara.com.br\/index.php\/wp-json\/wp\/v2\/users\/1"}],"replies":[{"embeddable":true,"href":"https:\/\/blogopara.com.br\/index.php\/wp-json\/wp\/v2\/comments?post=79047"}],"version-history":[{"count":2,"href":"https:\/\/blogopara.com.br\/index.php\/wp-json\/wp\/v2\/posts\/79047\/revisions"}],"predecessor-version":[{"id":79050,"href":"https:\/\/blogopara.com.br\/index.php\/wp-json\/wp\/v2\/posts\/79047\/revisions\/79050"}],"wp:featuredmedia":[{"embeddable":true,"href":"https:\/\/blogopara.com.br\/index.php\/wp-json\/wp\/v2\/media\/79048"}],"wp:attachment":[{"href":"https:\/\/blogopara.com.br\/index.php\/wp-json\/wp\/v2\/media?parent=79047"}],"wp:term":[{"taxonomy":"category","embeddable":true,"href":"https:\/\/blogopara.com.br\/index.php\/wp-json\/wp\/v2\/categories?post=79047"},{"taxonomy":"post_tag","embeddable":true,"href":"https:\/\/blogopara.com.br\/index.php\/wp-json\/wp\/v2\/tags?post=79047"}],"curies":[{"name":"wp","href":"https:\/\/api.w.org\/{rel}","templated":true}]}}