{"id":79054,"date":"2025-08-29T17:31:52","date_gmt":"2025-08-29T20:31:52","guid":{"rendered":"https:\/\/blogopara.com.br\/?p=79054"},"modified":"2025-08-29T17:31:52","modified_gmt":"2025-08-29T20:31:52","slug":"nasce-bebe-de-mulher-que-descobriu-gravidez-aos-9-meses-na-bahia","status":"publish","type":"post","link":"https:\/\/blogopara.com.br\/index.php\/2025\/08\/29\/nasce-bebe-de-mulher-que-descobriu-gravidez-aos-9-meses-na-bahia","title":{"rendered":"Nasce beb\u00ea de mulher que descobriu gravidez aos 9 meses na Bahia"},"content":{"rendered":"<div class=\"flex flex-col w-full font-normal text-[18px] leading-[30px] text-tw-theme-text-default\">\n<p id=\"paragrafo-t4bya9vgiu\">A servidora p\u00fablica Joice Santos, viveu nesta quinta-feira (28) mais um cap\u00edtulo emocionante da sua hist\u00f3ria. Depois de\u00a0descobrir a gesta\u00e7\u00e3o j\u00e1 no nono m\u00eas, ela deu \u00e0 luz uma menina saud\u00e1vel\u00a0em maternidade na capital baiana. Segundo familiares, m\u00e3e e filha passam bem ap\u00f3s o parto.<\/p>\n<\/div>\n<div class=\"flex flex-col w-full font-normal text-[18px] leading-[30px] text-tw-theme-text-default\">\n<p id=\"paragrafo-xi21uvy8jb\">Ao fazer sua primeira ultrassonografia, em uma cl\u00ednica em S\u00e3o Francisco do Conde, Regi\u00e3o Metropolitana de Salvador, a mulher descobriu que j\u00e1 estava com 36 semanas de gesta\u00e7\u00e3o, o equivalente a nove meses.<\/p>\n<\/div>\n<div class=\"flex flex-col w-full\">\n<h2 id=\"intertitulo-obtik4se0x\" class=\"font-family-secondary text-tw-theme-box-titulo-default text-[26px] leading-[38px] font-bold md:text-[31px]\">Susto ao descobrir<\/h2>\n<\/div>\n<div class=\"flex flex-col w-full font-normal text-[18px] leading-[30px] text-tw-theme-text-default\">\n<p id=\"paragrafo-qjbxtqtclv\">Antes do parto, Joice contou que n\u00e3o sentiu ou percebeu nenhum sinal cl\u00e1ssico de gravidez. Ela, que j\u00e1 \u00e9 m\u00e3e de Keroly, uma menina de 11 anos, s\u00f3 suspeitou de algo em junho, quando a menstrua\u00e7\u00e3o n\u00e3o veio. Naquela \u00e9poca, ela havia emendado duas cartelas de anticoncepcional e atribuiu a falta do sangramento a esse fato. Depois, s\u00f3 para ficar com a consci\u00eancia livre, decidiu fazer um teste de farm\u00e1cia.<\/p>\n<\/div>\n<div class=\"flex flex-col w-full font-normal text-[18px] leading-[30px] text-tw-theme-text-default\">\n<p id=\"paragrafo-6lwwkyzvqt\">\u201cO teste deu negativo, ent\u00e3o eu fiquei tranquila. Em julho, eu esperei novamente pela menstrua\u00e7\u00e3o, que n\u00e3o veio. Ent\u00e3o, no dia 28 de julho, resolvi fazer o beta hCG [exame que identifica a presen\u00e7a do horm\u00f4nio gonadotrofina cori\u00f4nica humana (hCG), comum na gravidez]. S\u00f3 ent\u00e3o, o exame deu positivo e eu marquei para fazer um ultrassom\u201d, narra.<\/p>\n<\/div>\n<div class=\"flex flex-col w-full font-normal text-[18px] leading-[30px] text-tw-theme-text-default\">\n<p id=\"paragrafo-q4fn5o1ohq\">A ultrassonografia foi realizada na Cl\u00ednica de Refer\u00eancia \u00e0 Sa\u00fade da Mulher Leonor Teixeira, em S\u00e3o Francisco do Conde, cidade onde vive. Foi l\u00e1 que Joice teve a maior surpresa da sua vida. \u201cEu descobri que em menos de um m\u00eas eu vou ter a crian\u00e7a. Ent\u00e3o, eu estava gr\u00e1vida menstruando. Fiquei fora de mim. Deitada na maca, s\u00f3 conseguia dizer \u2018n\u00e3o acredito\u2019. O m\u00e9dico brincou dizendo que \u00e9 bom que vou me acostumar com ela do lado de fora\u201d, relata.<\/p>\n<\/div>\n<div class=\"flex flex-col w-full font-normal text-[18px] leading-[30px] text-tw-theme-text-default\">\n<p id=\"paragrafo-cu3b1r9fpv\">Segundo m\u00e9dicos ginecologistas, \u00e9 imposs\u00edvel menstruar durante a gravidez. Isso porque, a menstrua\u00e7\u00e3o acontece quando o revestimento do \u00fatero (endom\u00e9trio) se desprende, o que n\u00e3o acontece quando h\u00e1 gravidez, pois o endom\u00e9trio se torna o local de implanta\u00e7\u00e3o e desenvolvimento do embri\u00e3o. O mais prov\u00e1vel, no caso de Joice, \u00e9 que ela tenha tido sangramentos durante a gesta\u00e7\u00e3o.<\/p>\n<\/div>\n<div class=\"flex flex-col w-full font-normal text-[18px] leading-[30px] text-tw-theme-text-default\">\n<p id=\"paragrafo-0cj7kxfh1i\">Ela afirma que, durante os meses da gravidez, n\u00e3o sentiu nenhuma altera\u00e7\u00e3o em rela\u00e7\u00e3o ao fluxo menstrual que est\u00e1 acostumada a ter \u2013 sempre fraco e com dura\u00e7\u00e3o dentro do padr\u00e3o. Tamb\u00e9m disse que n\u00e3o sentiu nada que lembrasse a \u00e9poca em que estava gr\u00e1vida da primeira filha.<\/p>\n<\/div>\n<div class=\"flex flex-col w-full font-normal text-[18px] leading-[30px] text-tw-theme-text-default\">\n<p id=\"paragrafo-qb8jc8izze\">\u201cDesta vez, eu s\u00f3 notei que estava engordando, mas como eu j\u00e1 tenho tend\u00eancia, achei que era s\u00f3 isso. Eu n\u00e3o senti enjoo, n\u00e3o senti nada. Quando fiquei gr\u00e1vida de Keroly, enjoei at\u00e9 da pasta de dente e fiquei sem menstruar desde o primeiro m\u00eas. Ainda identifiquei a gravidez com um teste de farm\u00e1cia\u201d, diz.<\/p>\n<\/div>\n<div class=\"flex flex-col w-full font-normal text-[18px] leading-[30px] text-tw-theme-text-default\">\n<p id=\"paragrafo-msme45mubn\">Durante a ultrassonografia, Joice foi informada que o nascimento da sua segunda filha estaria previsto para o dia 1\u00ba de setembro. A not\u00edcia foi espalhada nos grupos da fam\u00edlia que, diante do desespero da mulher, chegou a pensar que ela estava gr\u00e1vida de g\u00eameos. \u201cEu s\u00f3 fazia chorar. Agora, estou mais controlada, mas continuo me perguntando se isso n\u00e3o \u00e9 um sonho\u201d, conta.<\/p>\n<\/div>\n<div class=\"flex flex-col w-full font-normal text-[18px] leading-[30px] text-tw-theme-text-default\">\n<p id=\"paragrafo-8d62us3u31\">O companheiro de Joice, o servidor p\u00fablico municipal Elton Arthur dos Santos, 35 anos, foi o primeiro a saber da novidade e achou que a esposa estava brincando. S\u00f3 conseguiu cair a ficha quando a m\u00e3e ligou para confirmar a not\u00edcia.<\/p>\n<\/div>\n","protected":false},"excerpt":{"rendered":"<p>A servidora p\u00fablica Joice Santos, viveu nesta quinta-feira (28) mais um cap\u00edtulo emocionante da sua hist\u00f3ria. Depois de\u00a0descobrir a gesta\u00e7\u00e3o j\u00e1 no nono m\u00eas, ela deu \u00e0 luz uma menina saud\u00e1vel\u00a0em maternidade na capital baiana. Segundo familiares, m\u00e3e e filha passam bem ap\u00f3s o parto. Ao fazer sua primeira ultrassonografia, em uma cl\u00ednica em S\u00e3o [&hellip;]<\/p>\n","protected":false},"author":1,"featured_media":79055,"comment_status":"open","ping_status":"open","sticky":false,"template":"","format":"standard","meta":{"_uag_custom_page_level_css":"","_monsterinsights_skip_tracking":false,"_monsterinsights_sitenote_active":false,"_monsterinsights_sitenote_note":"","_monsterinsights_sitenote_category":0,"jetpack_post_was_ever_published":false,"_jetpack_newsletter_access":"","_jetpack_dont_email_post_to_subs":false,"_jetpack_newsletter_tier_id":0,"_jetpack_memberships_contains_paywalled_content":false,"_jetpack_memberships_contains_paid_content":false,"footnotes":"","jetpack_publicize_message":"","jetpack_publicize_feature_enabled":true,"jetpack_social_post_already_shared":true,"jetpack_social_options":{"image_generator_settings":{"template":"highway","default_image_id":0,"font":"","enabled":false},"version":2}},"categories":[199],"tags":[],"class_list":["post-79054","post","type-post","status-publish","format-standard","has-post-thumbnail","hentry","category-bahia"],"jetpack_publicize_connections":[],"jetpack_featured_media_url":"https:\/\/blogopara.com.br\/wp-content\/uploads\/2025\/08\/Capturar-51.jpg","uagb_featured_image_src":{"full":["https:\/\/blogopara.com.br\/wp-content\/uploads\/2025\/08\/Capturar-51.jpg",500,281,false],"thumbnail":["https:\/\/blogopara.com.br\/wp-content\/uploads\/2025\/08\/Capturar-51-150x150.jpg",150,150,true],"medium":["https:\/\/blogopara.com.br\/wp-content\/uploads\/2025\/08\/Capturar-51-300x169.jpg",300,169,true],"medium_large":["https:\/\/blogopara.com.br\/wp-content\/uploads\/2025\/08\/Capturar-51.jpg",500,281,false],"large":["https:\/\/blogopara.com.br\/wp-content\/uploads\/2025\/08\/Capturar-51.jpg",500,281,false],"1536x1536":["https:\/\/blogopara.com.br\/wp-content\/uploads\/2025\/08\/Capturar-51.jpg",500,281,false],"2048x2048":["https:\/\/blogopara.com.br\/wp-content\/uploads\/2025\/08\/Capturar-51.jpg",500,281,false],"mantranews-slider-large":["https:\/\/blogopara.com.br\/wp-content\/uploads\/2025\/08\/Capturar-51.jpg",500,281,false],"mantranews-featured-medium":["https:\/\/blogopara.com.br\/wp-content\/uploads\/2025\/08\/Capturar-51-420x281.jpg",420,281,true],"mantranews-featured-long":["https:\/\/blogopara.com.br\/wp-content\/uploads\/2025\/08\/Capturar-51-300x281.jpg",300,281,true],"mantranews-block-medium":["https:\/\/blogopara.com.br\/wp-content\/uploads\/2025\/08\/Capturar-51-464x281.jpg",464,281,true],"mantranews-carousel-image":["https:\/\/blogopara.com.br\/wp-content\/uploads\/2025\/08\/Capturar-51.jpg",500,281,false],"mantranews-block-thumb":["https:\/\/blogopara.com.br\/wp-content\/uploads\/2025\/08\/Capturar-51-322x230.jpg",322,230,true],"mantranews-single-large":["https:\/\/blogopara.com.br\/wp-content\/uploads\/2025\/08\/Capturar-51.jpg",500,281,false]},"uagb_author_info":{"display_name":"Reda\u00e7\u00e3o geral","author_link":"https:\/\/blogopara.com.br\/index.php\/author\/blogopara"},"uagb_comment_info":0,"uagb_excerpt":"A servidora p\u00fablica Joice Santos, viveu nesta quinta-feira (28) mais um cap\u00edtulo emocionante da sua hist\u00f3ria. Depois de\u00a0descobrir a gesta\u00e7\u00e3o j\u00e1 no nono m\u00eas, ela deu \u00e0 luz uma menina saud\u00e1vel\u00a0em maternidade na capital baiana. Segundo familiares, m\u00e3e e filha passam bem ap\u00f3s o parto. Ao fazer sua primeira ultrassonografia, em uma cl\u00ednica em S\u00e3o&hellip;","jetpack_sharing_enabled":true,"jetpack_likes_enabled":true,"_links":{"self":[{"href":"https:\/\/blogopara.com.br\/index.php\/wp-json\/wp\/v2\/posts\/79054","targetHints":{"allow":["GET"]}}],"collection":[{"href":"https:\/\/blogopara.com.br\/index.php\/wp-json\/wp\/v2\/posts"}],"about":[{"href":"https:\/\/blogopara.com.br\/index.php\/wp-json\/wp\/v2\/types\/post"}],"author":[{"embeddable":true,"href":"https:\/\/blogopara.com.br\/index.php\/wp-json\/wp\/v2\/users\/1"}],"replies":[{"embeddable":true,"href":"https:\/\/blogopara.com.br\/index.php\/wp-json\/wp\/v2\/comments?post=79054"}],"version-history":[{"count":1,"href":"https:\/\/blogopara.com.br\/index.php\/wp-json\/wp\/v2\/posts\/79054\/revisions"}],"predecessor-version":[{"id":79056,"href":"https:\/\/blogopara.com.br\/index.php\/wp-json\/wp\/v2\/posts\/79054\/revisions\/79056"}],"wp:featuredmedia":[{"embeddable":true,"href":"https:\/\/blogopara.com.br\/index.php\/wp-json\/wp\/v2\/media\/79055"}],"wp:attachment":[{"href":"https:\/\/blogopara.com.br\/index.php\/wp-json\/wp\/v2\/media?parent=79054"}],"wp:term":[{"taxonomy":"category","embeddable":true,"href":"https:\/\/blogopara.com.br\/index.php\/wp-json\/wp\/v2\/categories?post=79054"},{"taxonomy":"post_tag","embeddable":true,"href":"https:\/\/blogopara.com.br\/index.php\/wp-json\/wp\/v2\/tags?post=79054"}],"curies":[{"name":"wp","href":"https:\/\/api.w.org\/{rel}","templated":true}]}}