{"id":79213,"date":"2025-09-03T15:04:04","date_gmt":"2025-09-03T18:04:04","guid":{"rendered":"https:\/\/blogopara.com.br\/?p=79213"},"modified":"2025-09-03T15:04:04","modified_gmt":"2025-09-03T18:04:04","slug":"camara-aprova-audiencia-publica-para-discutir-canal-do-sertao-baiano-e-impactos-no-projeto-salitre","status":"publish","type":"post","link":"https:\/\/blogopara.com.br\/index.php\/2025\/09\/03\/camara-aprova-audiencia-publica-para-discutir-canal-do-sertao-baiano-e-impactos-no-projeto-salitre","title":{"rendered":"C\u00e2mara aprova audi\u00eancia p\u00fablica para discutir Canal do Sert\u00e3o Baiano e impactos no Projeto Salitre"},"content":{"rendered":"<p>Durante a sess\u00e3o ordin\u00e1ria desta quarta-feira(03), a C\u00e2mara de Vereadores aprovou, por unanimidade, o requerimento de autoria do vereador Mitu, que solicita a realiza\u00e7\u00e3o de uma audi\u00eancia p\u00fablica para tratar de temas de grande relev\u00e2ncia para o desenvolvimento regional: o Canal do Sert\u00e3o Baiano.<\/p>\n<p>O objetivo da audi\u00eancia \u00e9 abrir espa\u00e7o para o debate com autoridades, especialistas e a popula\u00e7\u00e3o, ampliando a discuss\u00e3o sobre os impactos, desafios e perspectivas dessas obras estruturantes que t\u00eam influ\u00eancia direta na vida de milhares de fam\u00edlias.<\/p>\n<p>O vereador Mitu destacou a import\u00e2ncia da iniciativa e refor\u00e7ou a necessidade de aten\u00e7\u00e3o \u00e0s comunidades do nosso munic\u00edpio. &#8220;Precisamos debater essa quest\u00e3o de forma ampla e transparente. \u00c9 um tema de extrema import\u00e2ncia e todos queremos o Canal, mas precisamos discutir como ficar\u00e1 a situa\u00e7\u00e3o dos agricultores familiares e das pessoas, que devem ser prioridade e protagonistas nesse processo. S\u00f3 assim garantiremos que esses projetos sejam verdadeiramente instrumentos de desenvolvimento e justi\u00e7a social para o nosso povo&#8221;, disse o edil.<\/p>\n<p>Com a aprova\u00e7\u00e3o, a C\u00e2mara d\u00e1 mais um passo para fortalecer a participa\u00e7\u00e3o popular e buscar solu\u00e7\u00f5es conjuntas para quest\u00f5es que envolvem o abastecimento h\u00eddrico, a agricultura irrigada e o futuro do desenvolvimento sustent\u00e1vel da regi\u00e3o.<\/p>\n<p>&nbsp;<\/p>\n<p>Ascom<\/p>\n","protected":false},"excerpt":{"rendered":"<p>Durante a sess\u00e3o ordin\u00e1ria desta quarta-feira(03), a C\u00e2mara de Vereadores aprovou, por unanimidade, o requerimento de autoria do vereador Mitu, que solicita a realiza\u00e7\u00e3o de uma audi\u00eancia p\u00fablica para tratar de temas de grande relev\u00e2ncia para o desenvolvimento regional: o Canal do Sert\u00e3o Baiano. O objetivo da audi\u00eancia \u00e9 abrir espa\u00e7o para o debate com [&hellip;]<\/p>\n","protected":false},"author":1,"featured_media":16904,"comment_status":"open","ping_status":"open","sticky":false,"template":"","format":"standard","meta":{"_uag_custom_page_level_css":"","_monsterinsights_skip_tracking":false,"_monsterinsights_sitenote_active":false,"_monsterinsights_sitenote_note":"","_monsterinsights_sitenote_category":0,"jetpack_post_was_ever_published":false,"_jetpack_newsletter_access":"","_jetpack_dont_email_post_to_subs":false,"_jetpack_newsletter_tier_id":0,"_jetpack_memberships_contains_paywalled_content":false,"_jetpack_memberships_contains_paid_content":false,"footnotes":"","jetpack_publicize_message":"","jetpack_publicize_feature_enabled":true,"jetpack_social_post_already_shared":true,"jetpack_social_options":{"image_generator_settings":{"template":"highway","default_image_id":0,"font":"","enabled":false},"version":2}},"categories":[203],"tags":[11692,7692,11898],"class_list":["post-79213","post","type-post","status-publish","format-standard","has-post-thumbnail","hentry","category-juazeiro","tag-mitu-do-sindicato","tag-presidente-da-cmj","tag-vereador-mitu"],"jetpack_publicize_connections":[],"jetpack_featured_media_url":"https:\/\/blogopara.com.br\/wp-content\/uploads\/2020\/12\/Camara-Municipal-de-Juazeiro-Bahia.jpg","uagb_featured_image_src":{"full":["https:\/\/blogopara.com.br\/wp-content\/uploads\/2020\/12\/Camara-Municipal-de-Juazeiro-Bahia.jpg",500,281,false],"thumbnail":["https:\/\/blogopara.com.br\/wp-content\/uploads\/2020\/12\/Camara-Municipal-de-Juazeiro-Bahia-150x150.jpg",150,150,true],"medium":["https:\/\/blogopara.com.br\/wp-content\/uploads\/2020\/12\/Camara-Municipal-de-Juazeiro-Bahia-300x169.jpg",300,169,true],"medium_large":["https:\/\/blogopara.com.br\/wp-content\/uploads\/2020\/12\/Camara-Municipal-de-Juazeiro-Bahia.jpg",500,281,false],"large":["https:\/\/blogopara.com.br\/wp-content\/uploads\/2020\/12\/Camara-Municipal-de-Juazeiro-Bahia.jpg",500,281,false],"1536x1536":["https:\/\/blogopara.com.br\/wp-content\/uploads\/2020\/12\/Camara-Municipal-de-Juazeiro-Bahia.jpg",500,281,false],"2048x2048":["https:\/\/blogopara.com.br\/wp-content\/uploads\/2020\/12\/Camara-Municipal-de-Juazeiro-Bahia.jpg",500,281,false],"mantranews-slider-large":["https:\/\/blogopara.com.br\/wp-content\/uploads\/2020\/12\/Camara-Municipal-de-Juazeiro-Bahia.jpg",500,281,false],"mantranews-featured-medium":["https:\/\/blogopara.com.br\/wp-content\/uploads\/2020\/12\/Camara-Municipal-de-Juazeiro-Bahia-420x281.jpg",420,281,true],"mantranews-featured-long":["https:\/\/blogopara.com.br\/wp-content\/uploads\/2020\/12\/Camara-Municipal-de-Juazeiro-Bahia-300x281.jpg",300,281,true],"mantranews-block-medium":["https:\/\/blogopara.com.br\/wp-content\/uploads\/2020\/12\/Camara-Municipal-de-Juazeiro-Bahia-464x281.jpg",464,281,true],"mantranews-carousel-image":["https:\/\/blogopara.com.br\/wp-content\/uploads\/2020\/12\/Camara-Municipal-de-Juazeiro-Bahia.jpg",500,281,false],"mantranews-block-thumb":["https:\/\/blogopara.com.br\/wp-content\/uploads\/2020\/12\/Camara-Municipal-de-Juazeiro-Bahia-322x230.jpg",322,230,true],"mantranews-single-large":["https:\/\/blogopara.com.br\/wp-content\/uploads\/2020\/12\/Camara-Municipal-de-Juazeiro-Bahia.jpg",500,281,false]},"uagb_author_info":{"display_name":"Reda\u00e7\u00e3o geral","author_link":"https:\/\/blogopara.com.br\/index.php\/author\/blogopara"},"uagb_comment_info":0,"uagb_excerpt":"Durante a sess\u00e3o ordin\u00e1ria desta quarta-feira(03), a C\u00e2mara de Vereadores aprovou, por unanimidade, o requerimento de autoria do vereador Mitu, que solicita a realiza\u00e7\u00e3o de uma audi\u00eancia p\u00fablica para tratar de temas de grande relev\u00e2ncia para o desenvolvimento regional: o Canal do Sert\u00e3o Baiano. O objetivo da audi\u00eancia \u00e9 abrir espa\u00e7o para o debate com&hellip;","jetpack_sharing_enabled":true,"jetpack_likes_enabled":true,"_links":{"self":[{"href":"https:\/\/blogopara.com.br\/index.php\/wp-json\/wp\/v2\/posts\/79213","targetHints":{"allow":["GET"]}}],"collection":[{"href":"https:\/\/blogopara.com.br\/index.php\/wp-json\/wp\/v2\/posts"}],"about":[{"href":"https:\/\/blogopara.com.br\/index.php\/wp-json\/wp\/v2\/types\/post"}],"author":[{"embeddable":true,"href":"https:\/\/blogopara.com.br\/index.php\/wp-json\/wp\/v2\/users\/1"}],"replies":[{"embeddable":true,"href":"https:\/\/blogopara.com.br\/index.php\/wp-json\/wp\/v2\/comments?post=79213"}],"version-history":[{"count":1,"href":"https:\/\/blogopara.com.br\/index.php\/wp-json\/wp\/v2\/posts\/79213\/revisions"}],"predecessor-version":[{"id":79214,"href":"https:\/\/blogopara.com.br\/index.php\/wp-json\/wp\/v2\/posts\/79213\/revisions\/79214"}],"wp:featuredmedia":[{"embeddable":true,"href":"https:\/\/blogopara.com.br\/index.php\/wp-json\/wp\/v2\/media\/16904"}],"wp:attachment":[{"href":"https:\/\/blogopara.com.br\/index.php\/wp-json\/wp\/v2\/media?parent=79213"}],"wp:term":[{"taxonomy":"category","embeddable":true,"href":"https:\/\/blogopara.com.br\/index.php\/wp-json\/wp\/v2\/categories?post=79213"},{"taxonomy":"post_tag","embeddable":true,"href":"https:\/\/blogopara.com.br\/index.php\/wp-json\/wp\/v2\/tags?post=79213"}],"curies":[{"name":"wp","href":"https:\/\/api.w.org\/{rel}","templated":true}]}}