{"id":79290,"date":"2025-09-05T13:59:44","date_gmt":"2025-09-05T16:59:44","guid":{"rendered":"https:\/\/blogopara.com.br\/?p=79290"},"modified":"2025-09-05T13:59:44","modified_gmt":"2025-09-05T16:59:44","slug":"senhor-do-bonfim-se-prepara-para-celebrar-o-7-de-setembro-com-desfile-civico-militar-na-sede-e-interior","status":"publish","type":"post","link":"https:\/\/blogopara.com.br\/index.php\/2025\/09\/05\/senhor-do-bonfim-se-prepara-para-celebrar-o-7-de-setembro-com-desfile-civico-militar-na-sede-e-interior","title":{"rendered":"Senhor do Bonfim se prepara para celebrar o 7 de Setembro com desfile c\u00edvico-militar na sede e interior"},"content":{"rendered":"<p class=\"x_MsoNormal\">O munic\u00edpio de Senhor do Bonfim j\u00e1 est\u00e1 em contagem regressiva para o tradicional Desfile C\u00edvico-Militar de 7 de Setembro, que acontece neste domingo, a partir das 8h, com concentra\u00e7\u00e3o na Rua 25 de Janeiro e percurso passando pelo palco oficial montado ao lado da Pra\u00e7a Nova do Congresso at\u00e9 a Pra\u00e7a Dr. Ant\u00f4nio Gon\u00e7alves.<\/p>\n<p class=\"x_MsoNormal\">Sob o tema \u201cIndepend\u00eancia do Brasil: Nossa Terra, Nosso Orgulho\u201d, a programa\u00e7\u00e3o ter\u00e1 in\u00edcio com o hasteamento das bandeiras e revista das tropas na Pra\u00e7a Nova do Congresso, momento simb\u00f3lico que abre oficialmente as comemora\u00e7\u00f5es da Independ\u00eancia.<\/p>\n<p class=\"x_MsoNormal\">O prefeito La\u00e9rcio J\u00fanior ressaltou que o desfile n\u00e3o se limita a uma lembran\u00e7a hist\u00f3rica. \u201cMais do que uma data c\u00edvica, o 7 de Setembro em Senhor do Bonfim \u00e9 uma oportunidade de refor\u00e7ar nossos valores, de cultivar o amor pelo Brasil e de preservar as tradi\u00e7\u00f5es que nos identificam como povo. \u00c9 inspirador perceber o envolvimento das escolas, das for\u00e7as de seguran\u00e7a, das institui\u00e7\u00f5es e da comunidade, todos juntos em um ato que representa cidadania e fortalecimento da nossa uni\u00e3o\u201d, destacou.<\/p>\n<p class=\"x_MsoNormal\"><b>Grande mobiliza\u00e7\u00e3o<\/b><\/p>\n<p class=\"x_MsoNormal\">Mais de 24 escolas municipais j\u00e1 est\u00e3o finalizando os \u00faltimos ensaios para garantir um espet\u00e1culo de organiza\u00e7\u00e3o e cidadania. Ao todo, ser\u00e3o cerca de 625 estudantes e servidores, acompanhados por 6 fanfarras e a participa\u00e7\u00e3o especial da Filarm\u00f4nica Uni\u00e3o dos Ferrovi\u00e1rios da Bahia, com aproximadamente 80 m\u00fasicos.<\/p>\n<p class=\"x_MsoNormal\">O desfile tamb\u00e9m contar\u00e1 com representa\u00e7\u00f5es da Pol\u00edcia Militar, Corpo de Bombeiros Militar, Pol\u00edcia Rodovi\u00e1ria Federal, Guarda Civil Municipal, Lojas Ma\u00e7\u00f4nicas, Desbravadores, AGES, BAMUQ, Meninas da 3\u00aa Idade, Associa\u00e7\u00e3o Bonfinense da Divis\u00e3o de Base, Bahia Jovem, MB Academia de Futebol, Palmeirinhas Jovem, Clubes de Motos, Clubes de Motos de Trilha, CAB (Clube Antigomobilismo Bonfinense), FAMUSB, associa\u00e7\u00f5es comunit\u00e1rias, clubes de motos e a Cavalaria Equus Caballus, tornando o ato ainda mais grandioso.<\/p>\n<p class=\"x_MsoNormal\"><b>Preparativos finais<\/b><\/p>\n<p class=\"x_MsoNormal\">Segundo a secret\u00e1ria municipal de Educa\u00e7\u00e3o e Esportes, Eline Sobreira, a equipe est\u00e1 trabalhando na montagem da estrutura e ajustando os \u00faltimos detalhes para receber o p\u00fablico com toda a seguran\u00e7a e conforto. \u201cEstamos cuidando de cada parte da organiza\u00e7\u00e3o para que o desfile seja um momento inesquec\u00edvel, marcado pelo patriotismo, pela alegria das escolas e pelo envolvimento da comunidade\u201d, refor\u00e7ou.<\/p>\n<p class=\"x_MsoNormal\"><b>Celebra\u00e7\u00e3o em Igara<\/b><\/p>\n<p class=\"x_MsoNormal\">Al\u00e9m da sede, a comunidade de Igara tamb\u00e9m recebe, \u00e0s 15h, sua edi\u00e7\u00e3o do desfile, garantindo que o esp\u00edrito c\u00edvico chegue a todo o munic\u00edpio.<\/p>\n<p class=\"x_MsoNormal\">A noite a partir das 20h uma grande e tradicional festa celebra a data com shows de Unha Pintada, e Dinho Costa e Kauanzinho<\/p>\n<p class=\"x_MsoNormal\">Ferraz.<\/p>\n<p class=\"x_MsoNormal\">\n<p class=\"x_MsoNormal\">&#8212;<br \/>\nTexto: Ascom PMSB<\/p>\n","protected":false},"excerpt":{"rendered":"<p>O munic\u00edpio de Senhor do Bonfim j\u00e1 est\u00e1 em contagem regressiva para o tradicional Desfile C\u00edvico-Militar de 7 de Setembro, que acontece neste domingo, a partir das 8h, com concentra\u00e7\u00e3o na Rua 25 de Janeiro e percurso passando pelo palco oficial montado ao lado da Pra\u00e7a Nova do Congresso at\u00e9 a Pra\u00e7a Dr. Ant\u00f4nio Gon\u00e7alves. [&hellip;]<\/p>\n","protected":false},"author":1,"featured_media":79291,"comment_status":"open","ping_status":"open","sticky":false,"template":"","format":"standard","meta":{"_uag_custom_page_level_css":"","_monsterinsights_skip_tracking":false,"_monsterinsights_sitenote_active":false,"_monsterinsights_sitenote_note":"","_monsterinsights_sitenote_category":0,"jetpack_post_was_ever_published":false,"_jetpack_newsletter_access":"","_jetpack_dont_email_post_to_subs":false,"_jetpack_newsletter_tier_id":0,"_jetpack_memberships_contains_paywalled_content":false,"_jetpack_memberships_contains_paid_content":false,"footnotes":"","jetpack_publicize_message":"","jetpack_publicize_feature_enabled":true,"jetpack_social_post_already_shared":true,"jetpack_social_options":{"image_generator_settings":{"template":"highway","default_image_id":0,"font":"","enabled":false},"version":2}},"categories":[199],"tags":[],"class_list":["post-79290","post","type-post","status-publish","format-standard","has-post-thumbnail","hentry","category-bahia"],"jetpack_publicize_connections":[],"jetpack_featured_media_url":"https:\/\/blogopara.com.br\/wp-content\/uploads\/2025\/09\/WhatsApp-Image-2025-09-05-at-09.42.46.jpeg","uagb_featured_image_src":{"full":["https:\/\/blogopara.com.br\/wp-content\/uploads\/2025\/09\/WhatsApp-Image-2025-09-05-at-09.42.46.jpeg",500,281,false],"thumbnail":["https:\/\/blogopara.com.br\/wp-content\/uploads\/2025\/09\/WhatsApp-Image-2025-09-05-at-09.42.46-150x150.jpeg",150,150,true],"medium":["https:\/\/blogopara.com.br\/wp-content\/uploads\/2025\/09\/WhatsApp-Image-2025-09-05-at-09.42.46-300x169.jpeg",300,169,true],"medium_large":["https:\/\/blogopara.com.br\/wp-content\/uploads\/2025\/09\/WhatsApp-Image-2025-09-05-at-09.42.46.jpeg",500,281,false],"large":["https:\/\/blogopara.com.br\/wp-content\/uploads\/2025\/09\/WhatsApp-Image-2025-09-05-at-09.42.46.jpeg",500,281,false],"1536x1536":["https:\/\/blogopara.com.br\/wp-content\/uploads\/2025\/09\/WhatsApp-Image-2025-09-05-at-09.42.46.jpeg",500,281,false],"2048x2048":["https:\/\/blogopara.com.br\/wp-content\/uploads\/2025\/09\/WhatsApp-Image-2025-09-05-at-09.42.46.jpeg",500,281,false],"mantranews-slider-large":["https:\/\/blogopara.com.br\/wp-content\/uploads\/2025\/09\/WhatsApp-Image-2025-09-05-at-09.42.46.jpeg",500,281,false],"mantranews-featured-medium":["https:\/\/blogopara.com.br\/wp-content\/uploads\/2025\/09\/WhatsApp-Image-2025-09-05-at-09.42.46-420x281.jpeg",420,281,true],"mantranews-featured-long":["https:\/\/blogopara.com.br\/wp-content\/uploads\/2025\/09\/WhatsApp-Image-2025-09-05-at-09.42.46-300x281.jpeg",300,281,true],"mantranews-block-medium":["https:\/\/blogopara.com.br\/wp-content\/uploads\/2025\/09\/WhatsApp-Image-2025-09-05-at-09.42.46-464x281.jpeg",464,281,true],"mantranews-carousel-image":["https:\/\/blogopara.com.br\/wp-content\/uploads\/2025\/09\/WhatsApp-Image-2025-09-05-at-09.42.46.jpeg",500,281,false],"mantranews-block-thumb":["https:\/\/blogopara.com.br\/wp-content\/uploads\/2025\/09\/WhatsApp-Image-2025-09-05-at-09.42.46-322x230.jpeg",322,230,true],"mantranews-single-large":["https:\/\/blogopara.com.br\/wp-content\/uploads\/2025\/09\/WhatsApp-Image-2025-09-05-at-09.42.46.jpeg",500,281,false]},"uagb_author_info":{"display_name":"Reda\u00e7\u00e3o geral","author_link":"https:\/\/blogopara.com.br\/index.php\/author\/blogopara"},"uagb_comment_info":0,"uagb_excerpt":"O munic\u00edpio de Senhor do Bonfim j\u00e1 est\u00e1 em contagem regressiva para o tradicional Desfile C\u00edvico-Militar de 7 de Setembro, que acontece neste domingo, a partir das 8h, com concentra\u00e7\u00e3o na Rua 25 de Janeiro e percurso passando pelo palco oficial montado ao lado da Pra\u00e7a Nova do Congresso at\u00e9 a Pra\u00e7a Dr. Ant\u00f4nio Gon\u00e7alves.&hellip;","jetpack_sharing_enabled":true,"jetpack_likes_enabled":true,"_links":{"self":[{"href":"https:\/\/blogopara.com.br\/index.php\/wp-json\/wp\/v2\/posts\/79290","targetHints":{"allow":["GET"]}}],"collection":[{"href":"https:\/\/blogopara.com.br\/index.php\/wp-json\/wp\/v2\/posts"}],"about":[{"href":"https:\/\/blogopara.com.br\/index.php\/wp-json\/wp\/v2\/types\/post"}],"author":[{"embeddable":true,"href":"https:\/\/blogopara.com.br\/index.php\/wp-json\/wp\/v2\/users\/1"}],"replies":[{"embeddable":true,"href":"https:\/\/blogopara.com.br\/index.php\/wp-json\/wp\/v2\/comments?post=79290"}],"version-history":[{"count":1,"href":"https:\/\/blogopara.com.br\/index.php\/wp-json\/wp\/v2\/posts\/79290\/revisions"}],"predecessor-version":[{"id":79292,"href":"https:\/\/blogopara.com.br\/index.php\/wp-json\/wp\/v2\/posts\/79290\/revisions\/79292"}],"wp:featuredmedia":[{"embeddable":true,"href":"https:\/\/blogopara.com.br\/index.php\/wp-json\/wp\/v2\/media\/79291"}],"wp:attachment":[{"href":"https:\/\/blogopara.com.br\/index.php\/wp-json\/wp\/v2\/media?parent=79290"}],"wp:term":[{"taxonomy":"category","embeddable":true,"href":"https:\/\/blogopara.com.br\/index.php\/wp-json\/wp\/v2\/categories?post=79290"},{"taxonomy":"post_tag","embeddable":true,"href":"https:\/\/blogopara.com.br\/index.php\/wp-json\/wp\/v2\/tags?post=79290"}],"curies":[{"name":"wp","href":"https:\/\/api.w.org\/{rel}","templated":true}]}}