{"id":79307,"date":"2025-09-06T09:55:19","date_gmt":"2025-09-06T12:55:19","guid":{"rendered":"https:\/\/blogopara.com.br\/?p=79307"},"modified":"2025-09-06T09:55:19","modified_gmt":"2025-09-06T12:55:19","slug":"governistas-reagem-a-anistia-e-apostam-em-veto-de-lula-que-prepara-discurso-sobre-soberania-no-7-de-setembro","status":"publish","type":"post","link":"https:\/\/blogopara.com.br\/index.php\/2025\/09\/06\/governistas-reagem-a-anistia-e-apostam-em-veto-de-lula-que-prepara-discurso-sobre-soberania-no-7-de-setembro","title":{"rendered":"Governistas reagem \u00e0 anistia e apostam em veto de Lula, que prepara discurso sobre soberania no 7 de Setembro"},"content":{"rendered":"<p>O governo intensificou a mobiliza\u00e7\u00e3o contra a proposta de anistia ao ex-presidente Jair Bolsonaro e seus aliados. O presidente Lula e a ministra Gleisi Hoffmann (Rela\u00e7\u00f5es Institucionais) afirmaram que o Pal\u00e1cio do Planalto usar\u00e1 todo o peso pol\u00edtico para barrar a medida. Caso avance no Congresso, aliados d\u00e3o como certo o veto presidencial, o que exigiria maioria qualificada para derrub\u00e1-lo. Lula refor\u00e7ou que n\u00e3o \u00e9 poss\u00edvel perdoar crimes contra a democracia e declarou que Bolsonaro assume culpa ao pedir anistia. A informa\u00e7\u00f5es do jornal \u201cO Globo\u201d.<\/p>\n<p>No dia da Independ\u00eancia, Lula far\u00e1 pronunciamento em cadeia nacional destacando a soberania nacional e criticando \u201ctraidores da p\u00e1tria\u201d, em refer\u00eancia a Eduardo Bolsonaro (PL-SP), acusado de articular san\u00e7\u00f5es contra o Brasil junto ao governo dos Estados Unidos. A fala de quase seis minutos foi gravada no Planalto e segue o tom das campanhas publicit\u00e1rias da Secom, que t\u00eam usado a soberania como mote.<\/p>\n<p>Apesar da resist\u00eancia do governo, a oposi\u00e7\u00e3o pressiona pela vota\u00e7\u00e3o do projeto ap\u00f3s o julgamento do STF sobre a tentativa de golpe. Na C\u00e2mara, os aliados de Bolsonaro afirmam j\u00e1 ter maioria simples para aprovar o texto, mas no Senado o cen\u00e1rio \u00e9 desfavor\u00e1vel, com forte rejei\u00e7\u00e3o da CCJ e da presid\u00eancia da Casa. Al\u00e9m das dificuldades pol\u00edticas, ministros do Supremo j\u00e1 apontaram que a proposta \u00e9 inconstitucional, lembrando a decis\u00e3o que derrubou, em 2023, o perd\u00e3o concedido a Daniel Silveira.<\/p>\n","protected":false},"excerpt":{"rendered":"<p>O governo intensificou a mobiliza\u00e7\u00e3o contra a proposta de anistia ao ex-presidente Jair Bolsonaro e seus aliados. O presidente Lula e a ministra Gleisi Hoffmann (Rela\u00e7\u00f5es Institucionais) afirmaram que o Pal\u00e1cio do Planalto usar\u00e1 todo o peso pol\u00edtico para barrar a medida. Caso avance no Congresso, aliados d\u00e3o como certo o veto presidencial, o que [&hellip;]<\/p>\n","protected":false},"author":1,"featured_media":48844,"comment_status":"open","ping_status":"open","sticky":false,"template":"","format":"standard","meta":{"_uag_custom_page_level_css":"","_monsterinsights_skip_tracking":false,"_monsterinsights_sitenote_active":false,"_monsterinsights_sitenote_note":"","_monsterinsights_sitenote_category":0,"jetpack_post_was_ever_published":false,"_jetpack_newsletter_access":"","_jetpack_dont_email_post_to_subs":false,"_jetpack_newsletter_tier_id":0,"_jetpack_memberships_contains_paywalled_content":false,"_jetpack_memberships_contains_paid_content":false,"footnotes":"","jetpack_publicize_message":"","jetpack_publicize_feature_enabled":true,"jetpack_social_post_already_shared":true,"jetpack_social_options":{"image_generator_settings":{"template":"highway","default_image_id":0,"font":"","enabled":false},"version":2}},"categories":[197],"tags":[],"class_list":["post-79307","post","type-post","status-publish","format-standard","has-post-thumbnail","hentry","category-politica"],"jetpack_publicize_connections":[],"jetpack_featured_media_url":"https:\/\/blogopara.com.br\/wp-content\/uploads\/2023\/01\/Lula-monta-grupo-de-trabalho-para-discutir-salario-minimo-500x333-1.webp","uagb_featured_image_src":{"full":["https:\/\/blogopara.com.br\/wp-content\/uploads\/2023\/01\/Lula-monta-grupo-de-trabalho-para-discutir-salario-minimo-500x333-1.webp",500,333,false],"thumbnail":["https:\/\/blogopara.com.br\/wp-content\/uploads\/2023\/01\/Lula-monta-grupo-de-trabalho-para-discutir-salario-minimo-500x333-1-150x150.webp",150,150,true],"medium":["https:\/\/blogopara.com.br\/wp-content\/uploads\/2023\/01\/Lula-monta-grupo-de-trabalho-para-discutir-salario-minimo-500x333-1-300x200.webp",300,200,true],"medium_large":["https:\/\/blogopara.com.br\/wp-content\/uploads\/2023\/01\/Lula-monta-grupo-de-trabalho-para-discutir-salario-minimo-500x333-1.webp",500,333,false],"large":["https:\/\/blogopara.com.br\/wp-content\/uploads\/2023\/01\/Lula-monta-grupo-de-trabalho-para-discutir-salario-minimo-500x333-1.webp",500,333,false],"1536x1536":["https:\/\/blogopara.com.br\/wp-content\/uploads\/2023\/01\/Lula-monta-grupo-de-trabalho-para-discutir-salario-minimo-500x333-1.webp",500,333,false],"2048x2048":["https:\/\/blogopara.com.br\/wp-content\/uploads\/2023\/01\/Lula-monta-grupo-de-trabalho-para-discutir-salario-minimo-500x333-1.webp",500,333,false],"mantranews-slider-large":["https:\/\/blogopara.com.br\/wp-content\/uploads\/2023\/01\/Lula-monta-grupo-de-trabalho-para-discutir-salario-minimo-500x333-1.webp",500,333,false],"mantranews-featured-medium":["https:\/\/blogopara.com.br\/wp-content\/uploads\/2023\/01\/Lula-monta-grupo-de-trabalho-para-discutir-salario-minimo-500x333-1-420x307.webp",420,307,true],"mantranews-featured-long":["https:\/\/blogopara.com.br\/wp-content\/uploads\/2023\/01\/Lula-monta-grupo-de-trabalho-para-discutir-salario-minimo-500x333-1-300x333.webp",300,333,true],"mantranews-block-medium":["https:\/\/blogopara.com.br\/wp-content\/uploads\/2023\/01\/Lula-monta-grupo-de-trabalho-para-discutir-salario-minimo-500x333-1-464x290.webp",464,290,true],"mantranews-carousel-image":["https:\/\/blogopara.com.br\/wp-content\/uploads\/2023\/01\/Lula-monta-grupo-de-trabalho-para-discutir-salario-minimo-500x333-1.webp",500,333,false],"mantranews-block-thumb":["https:\/\/blogopara.com.br\/wp-content\/uploads\/2023\/01\/Lula-monta-grupo-de-trabalho-para-discutir-salario-minimo-500x333-1-322x230.webp",322,230,true],"mantranews-single-large":["https:\/\/blogopara.com.br\/wp-content\/uploads\/2023\/01\/Lula-monta-grupo-de-trabalho-para-discutir-salario-minimo-500x333-1.webp",500,333,false]},"uagb_author_info":{"display_name":"Reda\u00e7\u00e3o geral","author_link":"https:\/\/blogopara.com.br\/index.php\/author\/blogopara"},"uagb_comment_info":0,"uagb_excerpt":"O governo intensificou a mobiliza\u00e7\u00e3o contra a proposta de anistia ao ex-presidente Jair Bolsonaro e seus aliados. O presidente Lula e a ministra Gleisi Hoffmann (Rela\u00e7\u00f5es Institucionais) afirmaram que o Pal\u00e1cio do Planalto usar\u00e1 todo o peso pol\u00edtico para barrar a medida. Caso avance no Congresso, aliados d\u00e3o como certo o veto presidencial, o que&hellip;","jetpack_sharing_enabled":true,"jetpack_likes_enabled":true,"_links":{"self":[{"href":"https:\/\/blogopara.com.br\/index.php\/wp-json\/wp\/v2\/posts\/79307","targetHints":{"allow":["GET"]}}],"collection":[{"href":"https:\/\/blogopara.com.br\/index.php\/wp-json\/wp\/v2\/posts"}],"about":[{"href":"https:\/\/blogopara.com.br\/index.php\/wp-json\/wp\/v2\/types\/post"}],"author":[{"embeddable":true,"href":"https:\/\/blogopara.com.br\/index.php\/wp-json\/wp\/v2\/users\/1"}],"replies":[{"embeddable":true,"href":"https:\/\/blogopara.com.br\/index.php\/wp-json\/wp\/v2\/comments?post=79307"}],"version-history":[{"count":1,"href":"https:\/\/blogopara.com.br\/index.php\/wp-json\/wp\/v2\/posts\/79307\/revisions"}],"predecessor-version":[{"id":79308,"href":"https:\/\/blogopara.com.br\/index.php\/wp-json\/wp\/v2\/posts\/79307\/revisions\/79308"}],"wp:featuredmedia":[{"embeddable":true,"href":"https:\/\/blogopara.com.br\/index.php\/wp-json\/wp\/v2\/media\/48844"}],"wp:attachment":[{"href":"https:\/\/blogopara.com.br\/index.php\/wp-json\/wp\/v2\/media?parent=79307"}],"wp:term":[{"taxonomy":"category","embeddable":true,"href":"https:\/\/blogopara.com.br\/index.php\/wp-json\/wp\/v2\/categories?post=79307"},{"taxonomy":"post_tag","embeddable":true,"href":"https:\/\/blogopara.com.br\/index.php\/wp-json\/wp\/v2\/tags?post=79307"}],"curies":[{"name":"wp","href":"https:\/\/api.w.org\/{rel}","templated":true}]}}