{"id":79309,"date":"2025-09-06T09:57:16","date_gmt":"2025-09-06T12:57:16","guid":{"rendered":"https:\/\/blogopara.com.br\/?p=79309"},"modified":"2025-09-06T09:57:16","modified_gmt":"2025-09-06T12:57:16","slug":"casa-nova-participa-de-forum-estadual-para-desenvolvimento-economico","status":"publish","type":"post","link":"https:\/\/blogopara.com.br\/index.php\/2025\/09\/06\/casa-nova-participa-de-forum-estadual-para-desenvolvimento-economico","title":{"rendered":"Casa Nova participa de f\u00f3rum estadual para desenvolvimento econ\u00f4mico"},"content":{"rendered":"<p>Nesta quinta-feira (04), foi realizado o F\u00f3rum Estadual dos Secret\u00e1rios de Desenvolvimento Econ\u00f4mico e Dirigentes Municipais do Estado da Bahia. A Prefeitura de Casa Nova marcou presen\u00e7a no evento, promovido pelo Sebrae e pela Secretaria de Desenvolvimento Econ\u00f4mico da Bahia, para dialogar sobre o fortalecimento e o desenvolvimento econ\u00f4mico no estado.<\/p>\n<p>O munic\u00edpio foi representado pelo assessor especial de Fazenda e Desenvolvimento Econ\u00f4mico, Joel J\u00fanior, no encontro realizado de forma virtual. \u201cApresentei nosso potencial de desenvolvimento em diversos aspectos. Foi um momento importante para debater e trocar experi\u00eancias com munic\u00edpios de todo o estado\u201d, destacou.<\/p>\n<p><b>Sobre o F\u00f3rum<\/b><\/p>\n<p>Esta foi a etapa de forma\u00e7\u00e3o do F\u00f3rum Estadual que reuniu munic\u00edpios baianos do Vale do S\u00e3o Francisco. Outras nove regi\u00f5es da Bahia tamb\u00e9m realizaram seus encontros, nos quais foram definidas as representa\u00e7\u00f5es por territ\u00f3rio que participar\u00e3o do F\u00f3rum em Salvador ainda este ano.<\/p>\n<p>&#8211;<br \/>\nTexto: Ascom PMCN<\/p>\n","protected":false},"excerpt":{"rendered":"<p>Nesta quinta-feira (04), foi realizado o F\u00f3rum Estadual dos Secret\u00e1rios de Desenvolvimento Econ\u00f4mico e Dirigentes Municipais do Estado da Bahia. A Prefeitura de Casa Nova marcou presen\u00e7a no evento, promovido pelo Sebrae e pela Secretaria de Desenvolvimento Econ\u00f4mico da Bahia, para dialogar sobre o fortalecimento e o desenvolvimento econ\u00f4mico no estado. O munic\u00edpio foi representado [&hellip;]<\/p>\n","protected":false},"author":1,"featured_media":79310,"comment_status":"open","ping_status":"open","sticky":false,"template":"","format":"standard","meta":{"_uag_custom_page_level_css":"","_monsterinsights_skip_tracking":false,"_monsterinsights_sitenote_active":false,"_monsterinsights_sitenote_note":"","_monsterinsights_sitenote_category":0,"jetpack_post_was_ever_published":false,"_jetpack_newsletter_access":"","_jetpack_dont_email_post_to_subs":false,"_jetpack_newsletter_tier_id":0,"_jetpack_memberships_contains_paywalled_content":false,"_jetpack_memberships_contains_paid_content":false,"footnotes":"","jetpack_publicize_message":"","jetpack_publicize_feature_enabled":true,"jetpack_social_post_already_shared":true,"jetpack_social_options":{"image_generator_settings":{"template":"highway","default_image_id":0,"font":"","enabled":false},"version":2}},"categories":[199],"tags":[],"class_list":["post-79309","post","type-post","status-publish","format-standard","has-post-thumbnail","hentry","category-bahia"],"jetpack_publicize_connections":[],"jetpack_featured_media_url":"https:\/\/blogopara.com.br\/wp-content\/uploads\/2025\/09\/FORUM-5.png","uagb_featured_image_src":{"full":["https:\/\/blogopara.com.br\/wp-content\/uploads\/2025\/09\/FORUM-5.png",500,231,false],"thumbnail":["https:\/\/blogopara.com.br\/wp-content\/uploads\/2025\/09\/FORUM-5-150x150.png",150,150,true],"medium":["https:\/\/blogopara.com.br\/wp-content\/uploads\/2025\/09\/FORUM-5-300x139.png",300,139,true],"medium_large":["https:\/\/blogopara.com.br\/wp-content\/uploads\/2025\/09\/FORUM-5.png",500,231,false],"large":["https:\/\/blogopara.com.br\/wp-content\/uploads\/2025\/09\/FORUM-5.png",500,231,false],"1536x1536":["https:\/\/blogopara.com.br\/wp-content\/uploads\/2025\/09\/FORUM-5.png",500,231,false],"2048x2048":["https:\/\/blogopara.com.br\/wp-content\/uploads\/2025\/09\/FORUM-5.png",500,231,false],"mantranews-slider-large":["https:\/\/blogopara.com.br\/wp-content\/uploads\/2025\/09\/FORUM-5.png",500,231,false],"mantranews-featured-medium":["https:\/\/blogopara.com.br\/wp-content\/uploads\/2025\/09\/FORUM-5-420x231.png",420,231,true],"mantranews-featured-long":["https:\/\/blogopara.com.br\/wp-content\/uploads\/2025\/09\/FORUM-5-300x231.png",300,231,true],"mantranews-block-medium":["https:\/\/blogopara.com.br\/wp-content\/uploads\/2025\/09\/FORUM-5-464x231.png",464,231,true],"mantranews-carousel-image":["https:\/\/blogopara.com.br\/wp-content\/uploads\/2025\/09\/FORUM-5.png",500,231,false],"mantranews-block-thumb":["https:\/\/blogopara.com.br\/wp-content\/uploads\/2025\/09\/FORUM-5-322x230.png",322,230,true],"mantranews-single-large":["https:\/\/blogopara.com.br\/wp-content\/uploads\/2025\/09\/FORUM-5.png",500,231,false]},"uagb_author_info":{"display_name":"Reda\u00e7\u00e3o geral","author_link":"https:\/\/blogopara.com.br\/index.php\/author\/blogopara"},"uagb_comment_info":0,"uagb_excerpt":"Nesta quinta-feira (04), foi realizado o F\u00f3rum Estadual dos Secret\u00e1rios de Desenvolvimento Econ\u00f4mico e Dirigentes Municipais do Estado da Bahia. A Prefeitura de Casa Nova marcou presen\u00e7a no evento, promovido pelo Sebrae e pela Secretaria de Desenvolvimento Econ\u00f4mico da Bahia, para dialogar sobre o fortalecimento e o desenvolvimento econ\u00f4mico no estado. O munic\u00edpio foi representado&hellip;","jetpack_sharing_enabled":true,"jetpack_likes_enabled":true,"_links":{"self":[{"href":"https:\/\/blogopara.com.br\/index.php\/wp-json\/wp\/v2\/posts\/79309","targetHints":{"allow":["GET"]}}],"collection":[{"href":"https:\/\/blogopara.com.br\/index.php\/wp-json\/wp\/v2\/posts"}],"about":[{"href":"https:\/\/blogopara.com.br\/index.php\/wp-json\/wp\/v2\/types\/post"}],"author":[{"embeddable":true,"href":"https:\/\/blogopara.com.br\/index.php\/wp-json\/wp\/v2\/users\/1"}],"replies":[{"embeddable":true,"href":"https:\/\/blogopara.com.br\/index.php\/wp-json\/wp\/v2\/comments?post=79309"}],"version-history":[{"count":1,"href":"https:\/\/blogopara.com.br\/index.php\/wp-json\/wp\/v2\/posts\/79309\/revisions"}],"predecessor-version":[{"id":79311,"href":"https:\/\/blogopara.com.br\/index.php\/wp-json\/wp\/v2\/posts\/79309\/revisions\/79311"}],"wp:featuredmedia":[{"embeddable":true,"href":"https:\/\/blogopara.com.br\/index.php\/wp-json\/wp\/v2\/media\/79310"}],"wp:attachment":[{"href":"https:\/\/blogopara.com.br\/index.php\/wp-json\/wp\/v2\/media?parent=79309"}],"wp:term":[{"taxonomy":"category","embeddable":true,"href":"https:\/\/blogopara.com.br\/index.php\/wp-json\/wp\/v2\/categories?post=79309"},{"taxonomy":"post_tag","embeddable":true,"href":"https:\/\/blogopara.com.br\/index.php\/wp-json\/wp\/v2\/tags?post=79309"}],"curies":[{"name":"wp","href":"https:\/\/api.w.org\/{rel}","templated":true}]}}