{"id":79343,"date":"2025-09-08T09:06:34","date_gmt":"2025-09-08T12:06:34","guid":{"rendered":"https:\/\/blogopara.com.br\/?p=79343"},"modified":"2025-09-08T09:06:34","modified_gmt":"2025-09-08T12:06:34","slug":"patriotismo-e-emocao-marcam-desfile-civico-em-sento-se-num-espetaculo-que-uniu-geracoes","status":"publish","type":"post","link":"https:\/\/blogopara.com.br\/index.php\/2025\/09\/08\/patriotismo-e-emocao-marcam-desfile-civico-em-sento-se-num-espetaculo-que-uniu-geracoes","title":{"rendered":"Patriotismo e emo\u00e7\u00e3o marcam desfile c\u00edvico em Sento S\u00e9 num espet\u00e1culo que uniu gera\u00e7\u00f5es"},"content":{"rendered":"<p class=\"x_MsoNormal\">As ruas de Sento S\u00e9 viveram neste domingo (7) uma verdadeira celebra\u00e7\u00e3o de cidadania, patriotismo e uni\u00e3o. O tradicional Desfile C\u00edvico Aleg\u00f3rico da Independ\u00eancia do Brasil, promovido pela Prefeitura Municipal, por meio da Secretaria de Educa\u00e7\u00e3o e da Ger\u00eancia de Cultura, reuniu milhares de pessoas em um espet\u00e1culo grandioso que emocionou e orgulhou a popula\u00e7\u00e3o.<\/p>\n<p class=\"x_MsoNormal\">Este ano, o evento trouxe como tema \u201cConstruir um Brasil do Futuro Est\u00e1 em Nossas M\u00e3os\u201d, refor\u00e7ando a import\u00e2ncia da participa\u00e7\u00e3o de cada cidad\u00e3o na constru\u00e7\u00e3o de um pa\u00eds mais justo e desenvolvido. Ao todo, 13 escolas municipais, estaduais e privadas participaram, somando aproximadamente 5 mil estudantes, al\u00e9m da presen\u00e7a marcante da Guarda Civil Municipal, Pol\u00edcia Militar, Brigada For\u00e7a e Resgate e 12 bandas marciais e fanfarras, que abrilhantaram ainda mais a celebra\u00e7\u00e3o.<\/p>\n<p class=\"x_MsoNormal\"><b>In\u00edcio oficial e atos c\u00edvicos<\/b><\/p>\n<p class=\"x_MsoNormal\">O desfile come\u00e7ou com a Revista \u00e0 Tropa feita pela prefeita Giselda Carvalho, seguida do hasteamento das bandeiras do Brasil, da Bahia e de Sento S\u00e9, ao som do Hino Nacional, em frente ao palco oficial. O ato contou com a presen\u00e7a de autoridades municipais, vereadores, secret\u00e1rios, do vice-prefeito Doval Reis e representantes das for\u00e7as de seguran\u00e7a.<\/p>\n<p class=\"x_MsoNormal\"><b>Inova\u00e7\u00e3o e cuidado com o povo<\/b><\/p>\n<p class=\"x_MsoNormal\">Em sua fala, a prefeita Giselda Carvalho destacou a inova\u00e7\u00e3o deste ano, com a instala\u00e7\u00e3o de arquibancadas cobertas para oferecer mais conforto \u00e0 popula\u00e7\u00e3o que prestigiou o evento. \u201cNossa gest\u00e3o pensa em cada detalhe. Este ano, al\u00e9m do brilho das escolas e bandas, cuidamos de oferecer \u00e0 popula\u00e7\u00e3o um espa\u00e7o mais confort\u00e1vel, com arquibancadas cobertas. Isso \u00e9 respeito e carinho com nosso povo. Agrade\u00e7o a cada servidor da gest\u00e3o, a cada aluno, a cada professor que se dedicou para que o desfile fosse este espet\u00e1culo, mas principalmente agrade\u00e7o ao povo de Sento-S\u00e9, que foi para as ruas e mostrou a for\u00e7a e a beleza da nossa cidade\u201d, afirmou emocionada a prefeita.<\/p>\n<p class=\"x_MsoNormal\">Segundo o secret\u00e1rio de Educa\u00e7\u00e3o, Jeorge Ribeiro, a escolha do tema traduz o esp\u00edrito da celebra\u00e7\u00e3o. \u201cConstruir um Brasil do futuro est\u00e1 em nossas m\u00e3os. \u00c9 isso que queremos que cada estudante e cada cidad\u00e3o reflita: educa\u00e7\u00e3o, tecnologia, sustentabilidade, cultura e cidadania s\u00e3o os pilares que podem transformar nossa na\u00e7\u00e3o\u201d, ressaltou.<\/p>\n<p class=\"x_MsoNormal\"><b>Novo fardamento foi destaque<\/b><\/p>\n<p class=\"x_MsoNormal\">Os desfiles deste ano tamb\u00e9m ganharam mais car\u00e1ter c\u00edvico. A Prefeitura\u00a0disponibilizou\u00a0novo fardamento para os alunos da rede p\u00fablica municipal, refor\u00e7ando a unidade e a identidade escolar. Apenas as primeiras alas de cada escola apresentaram alas aleg\u00f3ricas com subtemas relacionados.<\/p>\n<p class=\"x_MsoNormal\"><b>Orgulho da comunidade<\/b><\/p>\n<p class=\"x_MsoNormal\">O desfile tamb\u00e9m foi marcado pela emo\u00e7\u00e3o do p\u00fablico. Joseane Dias, dona de casa da comunidade de Aldeia, afirmou que n\u00e3o\u00a0perde\u00a0o evento por nada. \u201cTodos os anos venho assistir, \u00e9 um orgulho ver nossa Banda Marcial da comunidade se apresentar. \u00c9 emocionante demais\u201d, disse. O estudante \u00cdtalo Gabriel, do 6\u00ba ano do Col\u00e9gio Jairo, desfilou pela primeira vez pelo col\u00e9gio e n\u00e3o escondeu a emo\u00e7\u00e3o. \u201cAntes eu desfilava pela escola Cana\u00e3, mas agora estou no Jairo. \u00c9 sempre uma emo\u00e7\u00e3o desfilar, ainda mais nesse dia t\u00e3o especial\u201d, contou.<\/p>\n<p class=\"x_MsoNormal\"><b>Encerramento com chave de ouro<\/b><\/p>\n<p class=\"x_MsoNormal\">O desfile foi encerrado com as apresenta\u00e7\u00f5es das 12 bandas, que levantaram o p\u00fablico com suas performances individuais. O espet\u00e1culo reafirmou a tradi\u00e7\u00e3o de Sento S\u00e9 em celebrar o 7 de Setembro com grandeza, uni\u00e3o e a certeza de que o futuro do Brasil se constr\u00f3i com a participa\u00e7\u00e3o de todos.<\/p>\n<p class=\"x_MsoNormal\">\nTexto: Gardennia Garibalde &#8211; Ascom PMSSE<\/p>\n","protected":false},"excerpt":{"rendered":"<p>As ruas de Sento S\u00e9 viveram neste domingo (7) uma verdadeira celebra\u00e7\u00e3o de cidadania, patriotismo e uni\u00e3o. O tradicional Desfile C\u00edvico Aleg\u00f3rico da Independ\u00eancia do Brasil, promovido pela Prefeitura Municipal, por meio da Secretaria de Educa\u00e7\u00e3o e da Ger\u00eancia de Cultura, reuniu milhares de pessoas em um espet\u00e1culo grandioso que emocionou e orgulhou a popula\u00e7\u00e3o. [&hellip;]<\/p>\n","protected":false},"author":1,"featured_media":79344,"comment_status":"open","ping_status":"open","sticky":false,"template":"","format":"standard","meta":{"_uag_custom_page_level_css":"","_monsterinsights_skip_tracking":false,"_monsterinsights_sitenote_active":false,"_monsterinsights_sitenote_note":"","_monsterinsights_sitenote_category":0,"jetpack_post_was_ever_published":false,"_jetpack_newsletter_access":"","_jetpack_dont_email_post_to_subs":false,"_jetpack_newsletter_tier_id":0,"_jetpack_memberships_contains_paywalled_content":false,"_jetpack_memberships_contains_paid_content":false,"footnotes":"","jetpack_publicize_message":"","jetpack_publicize_feature_enabled":true,"jetpack_social_post_already_shared":true,"jetpack_social_options":{"image_generator_settings":{"template":"highway","default_image_id":0,"font":"","enabled":false},"version":2}},"categories":[199],"tags":[],"class_list":["post-79343","post","type-post","status-publish","format-standard","has-post-thumbnail","hentry","category-bahia"],"jetpack_publicize_connections":[],"jetpack_featured_media_url":"https:\/\/blogopara.com.br\/wp-content\/uploads\/2025\/09\/thumbnail_WhatsApp-Image-2025-09-07-at-15.30.57.jpg","uagb_featured_image_src":{"full":["https:\/\/blogopara.com.br\/wp-content\/uploads\/2025\/09\/thumbnail_WhatsApp-Image-2025-09-07-at-15.30.57.jpg",500,375,false],"thumbnail":["https:\/\/blogopara.com.br\/wp-content\/uploads\/2025\/09\/thumbnail_WhatsApp-Image-2025-09-07-at-15.30.57-150x150.jpg",150,150,true],"medium":["https:\/\/blogopara.com.br\/wp-content\/uploads\/2025\/09\/thumbnail_WhatsApp-Image-2025-09-07-at-15.30.57-300x225.jpg",300,225,true],"medium_large":["https:\/\/blogopara.com.br\/wp-content\/uploads\/2025\/09\/thumbnail_WhatsApp-Image-2025-09-07-at-15.30.57.jpg",500,375,false],"large":["https:\/\/blogopara.com.br\/wp-content\/uploads\/2025\/09\/thumbnail_WhatsApp-Image-2025-09-07-at-15.30.57.jpg",500,375,false],"1536x1536":["https:\/\/blogopara.com.br\/wp-content\/uploads\/2025\/09\/thumbnail_WhatsApp-Image-2025-09-07-at-15.30.57.jpg",500,375,false],"2048x2048":["https:\/\/blogopara.com.br\/wp-content\/uploads\/2025\/09\/thumbnail_WhatsApp-Image-2025-09-07-at-15.30.57.jpg",500,375,false],"mantranews-slider-large":["https:\/\/blogopara.com.br\/wp-content\/uploads\/2025\/09\/thumbnail_WhatsApp-Image-2025-09-07-at-15.30.57.jpg",500,375,false],"mantranews-featured-medium":["https:\/\/blogopara.com.br\/wp-content\/uploads\/2025\/09\/thumbnail_WhatsApp-Image-2025-09-07-at-15.30.57-420x307.jpg",420,307,true],"mantranews-featured-long":["https:\/\/blogopara.com.br\/wp-content\/uploads\/2025\/09\/thumbnail_WhatsApp-Image-2025-09-07-at-15.30.57-300x375.jpg",300,375,true],"mantranews-block-medium":["https:\/\/blogopara.com.br\/wp-content\/uploads\/2025\/09\/thumbnail_WhatsApp-Image-2025-09-07-at-15.30.57-464x290.jpg",464,290,true],"mantranews-carousel-image":["https:\/\/blogopara.com.br\/wp-content\/uploads\/2025\/09\/thumbnail_WhatsApp-Image-2025-09-07-at-15.30.57.jpg",500,375,false],"mantranews-block-thumb":["https:\/\/blogopara.com.br\/wp-content\/uploads\/2025\/09\/thumbnail_WhatsApp-Image-2025-09-07-at-15.30.57-322x230.jpg",322,230,true],"mantranews-single-large":["https:\/\/blogopara.com.br\/wp-content\/uploads\/2025\/09\/thumbnail_WhatsApp-Image-2025-09-07-at-15.30.57.jpg",500,375,false]},"uagb_author_info":{"display_name":"Reda\u00e7\u00e3o geral","author_link":"https:\/\/blogopara.com.br\/index.php\/author\/blogopara"},"uagb_comment_info":0,"uagb_excerpt":"As ruas de Sento S\u00e9 viveram neste domingo (7) uma verdadeira celebra\u00e7\u00e3o de cidadania, patriotismo e uni\u00e3o. O tradicional Desfile C\u00edvico Aleg\u00f3rico da Independ\u00eancia do Brasil, promovido pela Prefeitura Municipal, por meio da Secretaria de Educa\u00e7\u00e3o e da Ger\u00eancia de Cultura, reuniu milhares de pessoas em um espet\u00e1culo grandioso que emocionou e orgulhou a popula\u00e7\u00e3o.&hellip;","jetpack_sharing_enabled":true,"jetpack_likes_enabled":true,"_links":{"self":[{"href":"https:\/\/blogopara.com.br\/index.php\/wp-json\/wp\/v2\/posts\/79343","targetHints":{"allow":["GET"]}}],"collection":[{"href":"https:\/\/blogopara.com.br\/index.php\/wp-json\/wp\/v2\/posts"}],"about":[{"href":"https:\/\/blogopara.com.br\/index.php\/wp-json\/wp\/v2\/types\/post"}],"author":[{"embeddable":true,"href":"https:\/\/blogopara.com.br\/index.php\/wp-json\/wp\/v2\/users\/1"}],"replies":[{"embeddable":true,"href":"https:\/\/blogopara.com.br\/index.php\/wp-json\/wp\/v2\/comments?post=79343"}],"version-history":[{"count":1,"href":"https:\/\/blogopara.com.br\/index.php\/wp-json\/wp\/v2\/posts\/79343\/revisions"}],"predecessor-version":[{"id":79345,"href":"https:\/\/blogopara.com.br\/index.php\/wp-json\/wp\/v2\/posts\/79343\/revisions\/79345"}],"wp:featuredmedia":[{"embeddable":true,"href":"https:\/\/blogopara.com.br\/index.php\/wp-json\/wp\/v2\/media\/79344"}],"wp:attachment":[{"href":"https:\/\/blogopara.com.br\/index.php\/wp-json\/wp\/v2\/media?parent=79343"}],"wp:term":[{"taxonomy":"category","embeddable":true,"href":"https:\/\/blogopara.com.br\/index.php\/wp-json\/wp\/v2\/categories?post=79343"},{"taxonomy":"post_tag","embeddable":true,"href":"https:\/\/blogopara.com.br\/index.php\/wp-json\/wp\/v2\/tags?post=79343"}],"curies":[{"name":"wp","href":"https:\/\/api.w.org\/{rel}","templated":true}]}}