{"id":79346,"date":"2025-09-08T09:08:52","date_gmt":"2025-09-08T12:08:52","guid":{"rendered":"https:\/\/blogopara.com.br\/?p=79346"},"modified":"2025-09-08T09:08:52","modified_gmt":"2025-09-08T12:08:52","slug":"desfile-civico-em-casa-nova-celebra-a-independencia-do-brasil-com-orgulho-e-patriotismo","status":"publish","type":"post","link":"https:\/\/blogopara.com.br\/index.php\/2025\/09\/08\/desfile-civico-em-casa-nova-celebra-a-independencia-do-brasil-com-orgulho-e-patriotismo","title":{"rendered":"Desfile C\u00edvico em Casa Nova celebra a Independ\u00eancia do Brasil com orgulho e patriotismo"},"content":{"rendered":"<p>Com ruas tomadas por cores, bandeiras e emo\u00e7\u00e3o, a Prefeitura de Casa Nova, por meio das Secretarias de Educa\u00e7\u00e3o e Cultura, realizou neste s\u00e1bado (06) o desfile c\u00edvico em homenagem \u00e0 Independ\u00eancia do Brasil. Um momento de uni\u00e3o e demonstra\u00e7\u00e3o de amor \u00e0 p\u00e1tria, que refor\u00e7ou o sentimento de pertencimento e respeito \u00e0 hist\u00f3ria do pa\u00eds.<\/p>\n<p>Cerca de 1.500 alunos das redes municipal, estadual e particular participaram do desfile, que teve como tema \u201cCelebrando a Independ\u00eancia do Brasil com o cora\u00e7\u00e3o de Casa Nova\u201d. Os estudantes sa\u00edram da Avenida da Escola Alano Viana, no final da tarde, levando alegria e emo\u00e7\u00e3o pelas ruas.<\/p>\n<p>\u201cFoi uma festa linda! Quero parabenizar todos os alunos e profissionais das redes de ensino que se dedicaram para nos oferecer este espet\u00e1culo de amor pelo nosso Brasil. Momentos como esses nos unem ainda mais e refor\u00e7am o nosso orgulho de sermos brasileiros e casanovenses\u201d, afirmou o prefeito Anisio Viana.<\/p>\n<p>A visitante Tamara Cavalcanti, que est\u00e1 a passeio em Casa Nova, concordou com o prefeito. \u201cFoi muito bonito assistir \u00e0s crian\u00e7as e jovens t\u00e3o empolgados e envolvidos com uma data t\u00e3o importante como a Independ\u00eancia do Brasil. Foi emocionante!\u201d<\/p>\n<p>Para os participantes, a experi\u00eancia tamb\u00e9m foi marcante. \u201cFoi muito legal poder participar. Eu e minhas amigas ensaiamos durante dias uma coreografia e foi emocionante apresentar para tantas pessoas\u201d, disse a estudante Alice Borges.<\/p>\n<p><b>Tradi\u00e7\u00f5es locais preservadas<\/b><\/p>\n<p>As agremia\u00e7\u00f5es e fantasias homenagearam o Brasil sem esquecer das tradi\u00e7\u00f5es do munic\u00edpio, trazendo elementos da cultura local, como o vaqueiro, o bai\u00e3o e o xaxado. A fruticultura e a agricultura sertaneja tamb\u00e9m estiveram presentes.<\/p>\n<p>O folclore brasileiro e a cultura africana foram representados, enquanto o tema da inclus\u00e3o de pessoas com defici\u00eancia ganhou destaque, conscientizando sobre a import\u00e2ncia da diversidade.<\/p>\n<p>A banda musical do 72\u00ba Batalh\u00e3o de Infantaria de Caatinga de Petrolina-PE trouxe ainda mais brilho ao evento, que tamb\u00e9m contou com o talento de sete fanfarras de col\u00e9gios de Petrolina.<\/p>\n<p>&#8211;<br \/>\nTexto: Ascom PMCN<\/p>\n<div>Sonoras; Prefeito Anisio Viana<\/div>\n<div>Espectador do evento Breno Gomes<\/div>\n<div>Fotos: AiYrton\u00a0Latapiat<\/div>\n<div><\/div>\n","protected":false},"excerpt":{"rendered":"<p>Com ruas tomadas por cores, bandeiras e emo\u00e7\u00e3o, a Prefeitura de Casa Nova, por meio das Secretarias de Educa\u00e7\u00e3o e Cultura, realizou neste s\u00e1bado (06) o desfile c\u00edvico em homenagem \u00e0 Independ\u00eancia do Brasil. Um momento de uni\u00e3o e demonstra\u00e7\u00e3o de amor \u00e0 p\u00e1tria, que refor\u00e7ou o sentimento de pertencimento e respeito \u00e0 hist\u00f3ria do [&hellip;]<\/p>\n","protected":false},"author":1,"featured_media":79347,"comment_status":"open","ping_status":"open","sticky":false,"template":"","format":"standard","meta":{"_uag_custom_page_level_css":"","_monsterinsights_skip_tracking":false,"_monsterinsights_sitenote_active":false,"_monsterinsights_sitenote_note":"","_monsterinsights_sitenote_category":0,"jetpack_post_was_ever_published":false,"_jetpack_newsletter_access":"","_jetpack_dont_email_post_to_subs":false,"_jetpack_newsletter_tier_id":0,"_jetpack_memberships_contains_paywalled_content":false,"_jetpack_memberships_contains_paid_content":false,"footnotes":"","jetpack_publicize_message":"","jetpack_publicize_feature_enabled":true,"jetpack_social_post_already_shared":true,"jetpack_social_options":{"image_generator_settings":{"template":"highway","default_image_id":0,"font":"","enabled":false},"version":2}},"categories":[199],"tags":[],"class_list":["post-79346","post","type-post","status-publish","format-standard","has-post-thumbnail","hentry","category-bahia"],"jetpack_publicize_connections":[],"jetpack_featured_media_url":"https:\/\/blogopara.com.br\/wp-content\/uploads\/2025\/09\/thumbnail_Desfile-04.jpg","uagb_featured_image_src":{"full":["https:\/\/blogopara.com.br\/wp-content\/uploads\/2025\/09\/thumbnail_Desfile-04.jpg",500,312,false],"thumbnail":["https:\/\/blogopara.com.br\/wp-content\/uploads\/2025\/09\/thumbnail_Desfile-04-150x150.jpg",150,150,true],"medium":["https:\/\/blogopara.com.br\/wp-content\/uploads\/2025\/09\/thumbnail_Desfile-04-300x187.jpg",300,187,true],"medium_large":["https:\/\/blogopara.com.br\/wp-content\/uploads\/2025\/09\/thumbnail_Desfile-04.jpg",500,312,false],"large":["https:\/\/blogopara.com.br\/wp-content\/uploads\/2025\/09\/thumbnail_Desfile-04.jpg",500,312,false],"1536x1536":["https:\/\/blogopara.com.br\/wp-content\/uploads\/2025\/09\/thumbnail_Desfile-04.jpg",500,312,false],"2048x2048":["https:\/\/blogopara.com.br\/wp-content\/uploads\/2025\/09\/thumbnail_Desfile-04.jpg",500,312,false],"mantranews-slider-large":["https:\/\/blogopara.com.br\/wp-content\/uploads\/2025\/09\/thumbnail_Desfile-04.jpg",500,312,false],"mantranews-featured-medium":["https:\/\/blogopara.com.br\/wp-content\/uploads\/2025\/09\/thumbnail_Desfile-04-420x307.jpg",420,307,true],"mantranews-featured-long":["https:\/\/blogopara.com.br\/wp-content\/uploads\/2025\/09\/thumbnail_Desfile-04-300x312.jpg",300,312,true],"mantranews-block-medium":["https:\/\/blogopara.com.br\/wp-content\/uploads\/2025\/09\/thumbnail_Desfile-04-464x290.jpg",464,290,true],"mantranews-carousel-image":["https:\/\/blogopara.com.br\/wp-content\/uploads\/2025\/09\/thumbnail_Desfile-04.jpg",500,312,false],"mantranews-block-thumb":["https:\/\/blogopara.com.br\/wp-content\/uploads\/2025\/09\/thumbnail_Desfile-04-322x230.jpg",322,230,true],"mantranews-single-large":["https:\/\/blogopara.com.br\/wp-content\/uploads\/2025\/09\/thumbnail_Desfile-04.jpg",500,312,false]},"uagb_author_info":{"display_name":"Reda\u00e7\u00e3o geral","author_link":"https:\/\/blogopara.com.br\/index.php\/author\/blogopara"},"uagb_comment_info":0,"uagb_excerpt":"Com ruas tomadas por cores, bandeiras e emo\u00e7\u00e3o, a Prefeitura de Casa Nova, por meio das Secretarias de Educa\u00e7\u00e3o e Cultura, realizou neste s\u00e1bado (06) o desfile c\u00edvico em homenagem \u00e0 Independ\u00eancia do Brasil. Um momento de uni\u00e3o e demonstra\u00e7\u00e3o de amor \u00e0 p\u00e1tria, que refor\u00e7ou o sentimento de pertencimento e respeito \u00e0 hist\u00f3ria do&hellip;","jetpack_sharing_enabled":true,"jetpack_likes_enabled":true,"_links":{"self":[{"href":"https:\/\/blogopara.com.br\/index.php\/wp-json\/wp\/v2\/posts\/79346","targetHints":{"allow":["GET"]}}],"collection":[{"href":"https:\/\/blogopara.com.br\/index.php\/wp-json\/wp\/v2\/posts"}],"about":[{"href":"https:\/\/blogopara.com.br\/index.php\/wp-json\/wp\/v2\/types\/post"}],"author":[{"embeddable":true,"href":"https:\/\/blogopara.com.br\/index.php\/wp-json\/wp\/v2\/users\/1"}],"replies":[{"embeddable":true,"href":"https:\/\/blogopara.com.br\/index.php\/wp-json\/wp\/v2\/comments?post=79346"}],"version-history":[{"count":1,"href":"https:\/\/blogopara.com.br\/index.php\/wp-json\/wp\/v2\/posts\/79346\/revisions"}],"predecessor-version":[{"id":79348,"href":"https:\/\/blogopara.com.br\/index.php\/wp-json\/wp\/v2\/posts\/79346\/revisions\/79348"}],"wp:featuredmedia":[{"embeddable":true,"href":"https:\/\/blogopara.com.br\/index.php\/wp-json\/wp\/v2\/media\/79347"}],"wp:attachment":[{"href":"https:\/\/blogopara.com.br\/index.php\/wp-json\/wp\/v2\/media?parent=79346"}],"wp:term":[{"taxonomy":"category","embeddable":true,"href":"https:\/\/blogopara.com.br\/index.php\/wp-json\/wp\/v2\/categories?post=79346"},{"taxonomy":"post_tag","embeddable":true,"href":"https:\/\/blogopara.com.br\/index.php\/wp-json\/wp\/v2\/tags?post=79346"}],"curies":[{"name":"wp","href":"https:\/\/api.w.org\/{rel}","templated":true}]}}