{"id":79371,"date":"2025-09-08T09:49:18","date_gmt":"2025-09-08T12:49:18","guid":{"rendered":"https:\/\/blogopara.com.br\/?p=79371"},"modified":"2025-09-08T09:49:18","modified_gmt":"2025-09-08T12:49:18","slug":"festival-jua-literaria-2025-trara-grandes-atracoes-e-programacao-gratuita","status":"publish","type":"post","link":"https:\/\/blogopara.com.br\/index.php\/2025\/09\/08\/festival-jua-literaria-2025-trara-grandes-atracoes-e-programacao-gratuita","title":{"rendered":"Festival \u2018Ju\u00e1 Liter\u00e1ria\u2019 2025 trar\u00e1 grandes atra\u00e7\u00f5es e programa\u00e7\u00e3o gratuita"},"content":{"rendered":"<p data-start=\"144\" data-end=\"425\">Entre os dias 22 e 25 de outubro Juazeiro (BA) realiza o Festival \u2018Ju\u00e1 Liter\u00e1ria\u2019. O evento gratuito reunir\u00e1 m\u00fasica, poesia, dan\u00e7a, teatro, literatura e cultura popular, em uma programa\u00e7\u00e3o pensada para toda a fam\u00edlia.<\/p>\n<p data-start=\"627\" data-end=\"914\">Realizado pela prefeitura municipal, por meio da Secretaria de Educa\u00e7\u00e3o (Seduc), o Festival conta com a curadoria do cantor, composito e poeta Maviael Melo e ser\u00e1 a culmin\u00e2ncia do programa, que promove a\u00e7\u00f5es de incentivo \u00e0 leitura, arte e cultura, integrando escola, fam\u00edlia e sociedade.<\/p>\n<p data-start=\"916\" data-end=\"1265\">Durante quatro dias, o evento vai reunir cerca de 80 atra\u00e7\u00f5es, incluindo shows musicais, mesas redondas, lan\u00e7amentos de livros, conta\u00e7\u00e3o de hist\u00f3rias, apresenta\u00e7\u00f5es teatrais, oficinas, mesas de aut\u00f3grafos, Feira de Livros, al\u00e9m de espa\u00e7os culturais itinerantes como a Kombi do Z\u00e9 Livr\u00f3rio, Cineteatro Busarte e a Carreta Liter\u00e1ria. As atividades acontecer\u00e3o em diversos pontos da cidade: Orla II, Centro de Cultura Jo\u00e3o Gilberto, distritos, rio S\u00e3o Francisco e a Pra\u00e7a do Poeta, montada na Orla de Juazeiro em homenagem a Manuca Almeida.<\/p>\n<p data-start=\"1484\" data-end=\"1727\">O Festival Ju\u00e1 Liter\u00e1ria conta ainda com o apoio do Governo da Bahia, Funda\u00e7\u00e3o Pedro Calmon, Editora IMEPH e Ande Livros. A produ\u00e7\u00e3o \u00e9 assinada pela Carranca Produ\u00e7\u00f5es e pela Entre Versos e Can\u00e7\u00f5es Produ\u00e7\u00f5es Art\u00edsticas.<\/p>\n","protected":false},"excerpt":{"rendered":"<p>Entre os dias 22 e 25 de outubro Juazeiro (BA) realiza o Festival \u2018Ju\u00e1 Liter\u00e1ria\u2019. O evento gratuito reunir\u00e1 m\u00fasica, poesia, dan\u00e7a, teatro, literatura e cultura popular, em uma programa\u00e7\u00e3o pensada para toda a fam\u00edlia. Realizado pela prefeitura municipal, por meio da Secretaria de Educa\u00e7\u00e3o (Seduc), o Festival conta com a curadoria do cantor, composito [&hellip;]<\/p>\n","protected":false},"author":1,"featured_media":79372,"comment_status":"open","ping_status":"open","sticky":false,"template":"","format":"standard","meta":{"_uag_custom_page_level_css":"","_monsterinsights_skip_tracking":false,"_monsterinsights_sitenote_active":false,"_monsterinsights_sitenote_note":"","_monsterinsights_sitenote_category":0,"jetpack_post_was_ever_published":false,"_jetpack_newsletter_access":"","_jetpack_dont_email_post_to_subs":false,"_jetpack_newsletter_tier_id":0,"_jetpack_memberships_contains_paywalled_content":false,"_jetpack_memberships_contains_paid_content":false,"footnotes":"","jetpack_publicize_message":"","jetpack_publicize_feature_enabled":true,"jetpack_social_post_already_shared":true,"jetpack_social_options":{"image_generator_settings":{"template":"highway","default_image_id":0,"font":"","enabled":false},"version":2}},"categories":[203],"tags":[],"class_list":["post-79371","post","type-post","status-publish","format-standard","has-post-thumbnail","hentry","category-juazeiro"],"jetpack_publicize_connections":[],"jetpack_featured_media_url":"https:\/\/blogopara.com.br\/wp-content\/uploads\/2025\/09\/IMG_4183.jpeg","uagb_featured_image_src":{"full":["https:\/\/blogopara.com.br\/wp-content\/uploads\/2025\/09\/IMG_4183.jpeg",500,386,false],"thumbnail":["https:\/\/blogopara.com.br\/wp-content\/uploads\/2025\/09\/IMG_4183-150x150.jpeg",150,150,true],"medium":["https:\/\/blogopara.com.br\/wp-content\/uploads\/2025\/09\/IMG_4183-300x232.jpeg",300,232,true],"medium_large":["https:\/\/blogopara.com.br\/wp-content\/uploads\/2025\/09\/IMG_4183.jpeg",500,386,false],"large":["https:\/\/blogopara.com.br\/wp-content\/uploads\/2025\/09\/IMG_4183.jpeg",500,386,false],"1536x1536":["https:\/\/blogopara.com.br\/wp-content\/uploads\/2025\/09\/IMG_4183.jpeg",500,386,false],"2048x2048":["https:\/\/blogopara.com.br\/wp-content\/uploads\/2025\/09\/IMG_4183.jpeg",500,386,false],"mantranews-slider-large":["https:\/\/blogopara.com.br\/wp-content\/uploads\/2025\/09\/IMG_4183.jpeg",500,386,false],"mantranews-featured-medium":["https:\/\/blogopara.com.br\/wp-content\/uploads\/2025\/09\/IMG_4183-420x307.jpeg",420,307,true],"mantranews-featured-long":["https:\/\/blogopara.com.br\/wp-content\/uploads\/2025\/09\/IMG_4183-300x386.jpeg",300,386,true],"mantranews-block-medium":["https:\/\/blogopara.com.br\/wp-content\/uploads\/2025\/09\/IMG_4183-464x290.jpeg",464,290,true],"mantranews-carousel-image":["https:\/\/blogopara.com.br\/wp-content\/uploads\/2025\/09\/IMG_4183.jpeg",500,386,false],"mantranews-block-thumb":["https:\/\/blogopara.com.br\/wp-content\/uploads\/2025\/09\/IMG_4183-322x230.jpeg",322,230,true],"mantranews-single-large":["https:\/\/blogopara.com.br\/wp-content\/uploads\/2025\/09\/IMG_4183.jpeg",500,386,false]},"uagb_author_info":{"display_name":"Reda\u00e7\u00e3o geral","author_link":"https:\/\/blogopara.com.br\/index.php\/author\/blogopara"},"uagb_comment_info":0,"uagb_excerpt":"Entre os dias 22 e 25 de outubro Juazeiro (BA) realiza o Festival \u2018Ju\u00e1 Liter\u00e1ria\u2019. O evento gratuito reunir\u00e1 m\u00fasica, poesia, dan\u00e7a, teatro, literatura e cultura popular, em uma programa\u00e7\u00e3o pensada para toda a fam\u00edlia. Realizado pela prefeitura municipal, por meio da Secretaria de Educa\u00e7\u00e3o (Seduc), o Festival conta com a curadoria do cantor, composito&hellip;","jetpack_sharing_enabled":true,"jetpack_likes_enabled":true,"_links":{"self":[{"href":"https:\/\/blogopara.com.br\/index.php\/wp-json\/wp\/v2\/posts\/79371","targetHints":{"allow":["GET"]}}],"collection":[{"href":"https:\/\/blogopara.com.br\/index.php\/wp-json\/wp\/v2\/posts"}],"about":[{"href":"https:\/\/blogopara.com.br\/index.php\/wp-json\/wp\/v2\/types\/post"}],"author":[{"embeddable":true,"href":"https:\/\/blogopara.com.br\/index.php\/wp-json\/wp\/v2\/users\/1"}],"replies":[{"embeddable":true,"href":"https:\/\/blogopara.com.br\/index.php\/wp-json\/wp\/v2\/comments?post=79371"}],"version-history":[{"count":1,"href":"https:\/\/blogopara.com.br\/index.php\/wp-json\/wp\/v2\/posts\/79371\/revisions"}],"predecessor-version":[{"id":79373,"href":"https:\/\/blogopara.com.br\/index.php\/wp-json\/wp\/v2\/posts\/79371\/revisions\/79373"}],"wp:featuredmedia":[{"embeddable":true,"href":"https:\/\/blogopara.com.br\/index.php\/wp-json\/wp\/v2\/media\/79372"}],"wp:attachment":[{"href":"https:\/\/blogopara.com.br\/index.php\/wp-json\/wp\/v2\/media?parent=79371"}],"wp:term":[{"taxonomy":"category","embeddable":true,"href":"https:\/\/blogopara.com.br\/index.php\/wp-json\/wp\/v2\/categories?post=79371"},{"taxonomy":"post_tag","embeddable":true,"href":"https:\/\/blogopara.com.br\/index.php\/wp-json\/wp\/v2\/tags?post=79371"}],"curies":[{"name":"wp","href":"https:\/\/api.w.org\/{rel}","templated":true}]}}