{"id":79481,"date":"2025-09-11T14:39:44","date_gmt":"2025-09-11T17:39:44","guid":{"rendered":"https:\/\/blogopara.com.br\/?p=79481"},"modified":"2025-09-11T14:39:44","modified_gmt":"2025-09-11T17:39:44","slug":"geddel-pede-indenizacao-e-prisao-do-vereador-sandro-filho","status":"publish","type":"post","link":"https:\/\/blogopara.com.br\/index.php\/2025\/09\/11\/geddel-pede-indenizacao-e-prisao-do-vereador-sandro-filho","title":{"rendered":"Geddel pede indeniza\u00e7\u00e3o e pris\u00e3o do vereador Sandro Filho"},"content":{"rendered":"<p>O ex-ministro Geddel Vieira Lima, condenado no caso dos R$ 51 milh\u00f5es encontrados em malas de dinheiro em um apartamento em Salvador, ingressou com uma queixa-crime contra o vereador de Salvador Sandro Filho (PP) ap\u00f3s ser chamado pelo edil de \u201cladr\u00e3o\u201d em um v\u00eddeo.<\/p>\n<p>Na a\u00e7\u00e3o protocolada no Juizado Especial Criminal da capital baiana, Geddel acusa o parlamentar de inj\u00faria e difama\u00e7\u00e3o por declara\u00e7\u00f5es feitas em julho de 2024, por meio das redes sociais.<\/p>\n<p>Em v\u00eddeo publicado no Instagram, Sandro Filho se referiu a Geddel como \u201cladr\u00e3o\u201d e \u201cvagabundo\u201d, criticando sua participa\u00e7\u00e3o nos bastidores da pol\u00edtica baiana. Para a defesa do ex-ministro, as falas do vereador atingiram sua honra e imagem, extrapolando os limites da liberdade de express\u00e3o.<\/p>\n<p>A a\u00e7\u00e3o pede que Sandro Filho seja condenado pelos crimes previstos nos artigos 139 e 140 do C\u00f3digo Penal, com aumento de pena pelo fato de as declara\u00e7\u00f5es terem sido feitas em rede social, e que pague indeniza\u00e7\u00e3o m\u00ednima de R$ 10 mil por danos morais. Al\u00e9m disso, a defesa de Geddel requer que eventual senten\u00e7a condenat\u00f3ria seja divulgada no mesmo espa\u00e7o em que ocorreram as ofensas.<\/p>\n","protected":false},"excerpt":{"rendered":"<p>O ex-ministro Geddel Vieira Lima, condenado no caso dos R$ 51 milh\u00f5es encontrados em malas de dinheiro em um apartamento em Salvador, ingressou com uma queixa-crime contra o vereador de Salvador Sandro Filho (PP) ap\u00f3s ser chamado pelo edil de \u201cladr\u00e3o\u201d em um v\u00eddeo. Na a\u00e7\u00e3o protocolada no Juizado Especial Criminal da capital baiana, Geddel [&hellip;]<\/p>\n","protected":false},"author":1,"featured_media":79482,"comment_status":"open","ping_status":"open","sticky":false,"template":"","format":"standard","meta":{"_uag_custom_page_level_css":"","_monsterinsights_skip_tracking":false,"_monsterinsights_sitenote_active":false,"_monsterinsights_sitenote_note":"","_monsterinsights_sitenote_category":0,"jetpack_post_was_ever_published":false,"_jetpack_newsletter_access":"","_jetpack_dont_email_post_to_subs":false,"_jetpack_newsletter_tier_id":0,"_jetpack_memberships_contains_paywalled_content":false,"_jetpack_memberships_contains_paid_content":false,"footnotes":"","jetpack_publicize_message":"","jetpack_publicize_feature_enabled":true,"jetpack_social_post_already_shared":true,"jetpack_social_options":{"image_generator_settings":{"template":"highway","default_image_id":0,"font":"","enabled":false},"version":2}},"categories":[197],"tags":[],"class_list":["post-79481","post","type-post","status-publish","format-standard","has-post-thumbnail","hentry","category-politica"],"jetpack_publicize_connections":[],"jetpack_featured_media_url":"https:\/\/blogopara.com.br\/wp-content\/uploads\/2025\/09\/Capturar-21.jpg","uagb_featured_image_src":{"full":["https:\/\/blogopara.com.br\/wp-content\/uploads\/2025\/09\/Capturar-21.jpg",500,277,false],"thumbnail":["https:\/\/blogopara.com.br\/wp-content\/uploads\/2025\/09\/Capturar-21-150x150.jpg",150,150,true],"medium":["https:\/\/blogopara.com.br\/wp-content\/uploads\/2025\/09\/Capturar-21-300x166.jpg",300,166,true],"medium_large":["https:\/\/blogopara.com.br\/wp-content\/uploads\/2025\/09\/Capturar-21.jpg",500,277,false],"large":["https:\/\/blogopara.com.br\/wp-content\/uploads\/2025\/09\/Capturar-21.jpg",500,277,false],"1536x1536":["https:\/\/blogopara.com.br\/wp-content\/uploads\/2025\/09\/Capturar-21.jpg",500,277,false],"2048x2048":["https:\/\/blogopara.com.br\/wp-content\/uploads\/2025\/09\/Capturar-21.jpg",500,277,false],"mantranews-slider-large":["https:\/\/blogopara.com.br\/wp-content\/uploads\/2025\/09\/Capturar-21.jpg",500,277,false],"mantranews-featured-medium":["https:\/\/blogopara.com.br\/wp-content\/uploads\/2025\/09\/Capturar-21-420x277.jpg",420,277,true],"mantranews-featured-long":["https:\/\/blogopara.com.br\/wp-content\/uploads\/2025\/09\/Capturar-21-300x277.jpg",300,277,true],"mantranews-block-medium":["https:\/\/blogopara.com.br\/wp-content\/uploads\/2025\/09\/Capturar-21-464x277.jpg",464,277,true],"mantranews-carousel-image":["https:\/\/blogopara.com.br\/wp-content\/uploads\/2025\/09\/Capturar-21.jpg",500,277,false],"mantranews-block-thumb":["https:\/\/blogopara.com.br\/wp-content\/uploads\/2025\/09\/Capturar-21-322x230.jpg",322,230,true],"mantranews-single-large":["https:\/\/blogopara.com.br\/wp-content\/uploads\/2025\/09\/Capturar-21.jpg",500,277,false]},"uagb_author_info":{"display_name":"Reda\u00e7\u00e3o geral","author_link":"https:\/\/blogopara.com.br\/index.php\/author\/blogopara"},"uagb_comment_info":0,"uagb_excerpt":"O ex-ministro Geddel Vieira Lima, condenado no caso dos R$ 51 milh\u00f5es encontrados em malas de dinheiro em um apartamento em Salvador, ingressou com uma queixa-crime contra o vereador de Salvador Sandro Filho (PP) ap\u00f3s ser chamado pelo edil de \u201cladr\u00e3o\u201d em um v\u00eddeo. Na a\u00e7\u00e3o protocolada no Juizado Especial Criminal da capital baiana, Geddel&hellip;","jetpack_sharing_enabled":true,"jetpack_likes_enabled":true,"_links":{"self":[{"href":"https:\/\/blogopara.com.br\/index.php\/wp-json\/wp\/v2\/posts\/79481","targetHints":{"allow":["GET"]}}],"collection":[{"href":"https:\/\/blogopara.com.br\/index.php\/wp-json\/wp\/v2\/posts"}],"about":[{"href":"https:\/\/blogopara.com.br\/index.php\/wp-json\/wp\/v2\/types\/post"}],"author":[{"embeddable":true,"href":"https:\/\/blogopara.com.br\/index.php\/wp-json\/wp\/v2\/users\/1"}],"replies":[{"embeddable":true,"href":"https:\/\/blogopara.com.br\/index.php\/wp-json\/wp\/v2\/comments?post=79481"}],"version-history":[{"count":1,"href":"https:\/\/blogopara.com.br\/index.php\/wp-json\/wp\/v2\/posts\/79481\/revisions"}],"predecessor-version":[{"id":79483,"href":"https:\/\/blogopara.com.br\/index.php\/wp-json\/wp\/v2\/posts\/79481\/revisions\/79483"}],"wp:featuredmedia":[{"embeddable":true,"href":"https:\/\/blogopara.com.br\/index.php\/wp-json\/wp\/v2\/media\/79482"}],"wp:attachment":[{"href":"https:\/\/blogopara.com.br\/index.php\/wp-json\/wp\/v2\/media?parent=79481"}],"wp:term":[{"taxonomy":"category","embeddable":true,"href":"https:\/\/blogopara.com.br\/index.php\/wp-json\/wp\/v2\/categories?post=79481"},{"taxonomy":"post_tag","embeddable":true,"href":"https:\/\/blogopara.com.br\/index.php\/wp-json\/wp\/v2\/tags?post=79481"}],"curies":[{"name":"wp","href":"https:\/\/api.w.org\/{rel}","templated":true}]}}