{"id":79496,"date":"2025-09-12T18:00:41","date_gmt":"2025-09-12T21:00:41","guid":{"rendered":"https:\/\/blogopara.com.br\/?p=79496"},"modified":"2025-09-12T18:00:41","modified_gmt":"2025-09-12T21:00:41","slug":"com-chegada-do-novo-transporte-coletivo-prefeitura-de-juazeiro-orienta-sobre-suspensao-da-venda-de-passagens","status":"publish","type":"post","link":"https:\/\/blogopara.com.br\/index.php\/2025\/09\/12\/com-chegada-do-novo-transporte-coletivo-prefeitura-de-juazeiro-orienta-sobre-suspensao-da-venda-de-passagens","title":{"rendered":"Com chegada do novo transporte coletivo, Prefeitura de Juazeiro orienta sobre suspens\u00e3o da venda de passagens"},"content":{"rendered":"<div>A Prefeitura de Juazeiro informa que, a partir desta quinta-feira (11), estar\u00e1 suspensa a venda de passagens do sistema municipal de transporte coletivo. A medida faz parte do processo de transi\u00e7\u00e3o entre empresas, garantindo que a chegada da nova operadora aconte\u00e7a de forma organizada e transparente.&nbsp;<\/p>\n<\/div>\n<div>Essa mudan\u00e7a marca um passo hist\u00f3rico na mobilidade urbana do munic\u00edpio. Pela primeira vez em d\u00e9cadas, Juazeiro contar\u00e1 com um servi\u00e7o de transporte coletivo estruturado dentro de um modelo de concess\u00e3o p\u00fablica, que trar\u00e1 mais qualidade, acessibilidade e seguran\u00e7a para os usu\u00e1rios. A medida atende a uma antiga demanda da popula\u00e7\u00e3o e vai transformar a experi\u00eancia de quem depende do transporte p\u00fablico no dia a dia.&nbsp;<\/p>\n<\/div>\n<div>A nova empresa, que come\u00e7a a operar j\u00e1 na pr\u00f3xima segunda-feira (15), chega para oferecer um servi\u00e7o moderno, regular e eficiente, alinhado \u00e0s necessidades da cidade em crescimento. Al\u00e9m disso, o novo modelo vai garantir maior controle do poder p\u00fablico sobre a opera\u00e7\u00e3o, o que significa mais transpar\u00eancia e responsabilidade na gest\u00e3o.&nbsp;<\/p>\n<\/div>\n<div>A secret\u00e1ria de Administra\u00e7\u00e3o, Ana Ang\u00e9lica, destacou a import\u00e2ncia desse momento.\u201cCom essa iniciativa, a Prefeitura de Juazeiro mostra que est\u00e1 priorizando a mobilidade urbana e assegurando que os cidad\u00e3os tenham acesso a um transporte coletivo digno e de qualidade. A suspens\u00e3o tempor\u00e1ria da venda de bilhetes \u00e9 apenas um passo necess\u00e1rio para que a popula\u00e7\u00e3o possa usufruir, em breve, de um sistema totalmente renovado e pensado para o bem-estar de todos\u201d, ressaltou.<\/div>\n<div>____<\/div>\n<div>Texto: Lucas Oliveira \u2013 Ascom\/PMJ<\/div>\n","protected":false},"excerpt":{"rendered":"<p>A Prefeitura de Juazeiro informa que, a partir desta quinta-feira (11), estar\u00e1 suspensa a venda de passagens do sistema municipal de transporte coletivo. A medida faz parte do processo de transi\u00e7\u00e3o entre empresas, garantindo que a chegada da nova operadora aconte\u00e7a de forma organizada e transparente.&nbsp; Essa mudan\u00e7a marca um passo hist\u00f3rico na mobilidade urbana [&hellip;]<\/p>\n","protected":false},"author":1,"featured_media":79497,"comment_status":"open","ping_status":"open","sticky":false,"template":"","format":"standard","meta":{"_uag_custom_page_level_css":"","_monsterinsights_skip_tracking":false,"_monsterinsights_sitenote_active":false,"_monsterinsights_sitenote_note":"","_monsterinsights_sitenote_category":0,"jetpack_post_was_ever_published":false,"_jetpack_newsletter_access":"","_jetpack_dont_email_post_to_subs":false,"_jetpack_newsletter_tier_id":0,"_jetpack_memberships_contains_paywalled_content":false,"_jetpack_memberships_contains_paid_content":false,"footnotes":"","jetpack_publicize_message":"","jetpack_publicize_feature_enabled":true,"jetpack_social_post_already_shared":true,"jetpack_social_options":{"image_generator_settings":{"template":"highway","default_image_id":0,"font":"","enabled":false},"version":2}},"categories":[203],"tags":[],"class_list":["post-79496","post","type-post","status-publish","format-standard","has-post-thumbnail","hentry","category-juazeiro"],"jetpack_publicize_connections":[],"jetpack_featured_media_url":"https:\/\/blogopara.com.br\/wp-content\/uploads\/2025\/09\/transferir-2-1.jpg","uagb_featured_image_src":{"full":["https:\/\/blogopara.com.br\/wp-content\/uploads\/2025\/09\/transferir-2-1.jpg",500,333,false],"thumbnail":["https:\/\/blogopara.com.br\/wp-content\/uploads\/2025\/09\/transferir-2-1-150x150.jpg",150,150,true],"medium":["https:\/\/blogopara.com.br\/wp-content\/uploads\/2025\/09\/transferir-2-1-300x200.jpg",300,200,true],"medium_large":["https:\/\/blogopara.com.br\/wp-content\/uploads\/2025\/09\/transferir-2-1.jpg",500,333,false],"large":["https:\/\/blogopara.com.br\/wp-content\/uploads\/2025\/09\/transferir-2-1.jpg",500,333,false],"1536x1536":["https:\/\/blogopara.com.br\/wp-content\/uploads\/2025\/09\/transferir-2-1.jpg",500,333,false],"2048x2048":["https:\/\/blogopara.com.br\/wp-content\/uploads\/2025\/09\/transferir-2-1.jpg",500,333,false],"mantranews-slider-large":["https:\/\/blogopara.com.br\/wp-content\/uploads\/2025\/09\/transferir-2-1.jpg",500,333,false],"mantranews-featured-medium":["https:\/\/blogopara.com.br\/wp-content\/uploads\/2025\/09\/transferir-2-1-420x307.jpg",420,307,true],"mantranews-featured-long":["https:\/\/blogopara.com.br\/wp-content\/uploads\/2025\/09\/transferir-2-1-300x333.jpg",300,333,true],"mantranews-block-medium":["https:\/\/blogopara.com.br\/wp-content\/uploads\/2025\/09\/transferir-2-1-464x290.jpg",464,290,true],"mantranews-carousel-image":["https:\/\/blogopara.com.br\/wp-content\/uploads\/2025\/09\/transferir-2-1.jpg",500,333,false],"mantranews-block-thumb":["https:\/\/blogopara.com.br\/wp-content\/uploads\/2025\/09\/transferir-2-1-322x230.jpg",322,230,true],"mantranews-single-large":["https:\/\/blogopara.com.br\/wp-content\/uploads\/2025\/09\/transferir-2-1.jpg",500,333,false]},"uagb_author_info":{"display_name":"Reda\u00e7\u00e3o geral","author_link":"https:\/\/blogopara.com.br\/index.php\/author\/blogopara"},"uagb_comment_info":0,"uagb_excerpt":"A Prefeitura de Juazeiro informa que, a partir desta quinta-feira (11), estar\u00e1 suspensa a venda de passagens do sistema municipal de transporte coletivo. A medida faz parte do processo de transi\u00e7\u00e3o entre empresas, garantindo que a chegada da nova operadora aconte\u00e7a de forma organizada e transparente.&nbsp; Essa mudan\u00e7a marca um passo hist\u00f3rico na mobilidade urbana&hellip;","jetpack_sharing_enabled":true,"jetpack_likes_enabled":true,"_links":{"self":[{"href":"https:\/\/blogopara.com.br\/index.php\/wp-json\/wp\/v2\/posts\/79496","targetHints":{"allow":["GET"]}}],"collection":[{"href":"https:\/\/blogopara.com.br\/index.php\/wp-json\/wp\/v2\/posts"}],"about":[{"href":"https:\/\/blogopara.com.br\/index.php\/wp-json\/wp\/v2\/types\/post"}],"author":[{"embeddable":true,"href":"https:\/\/blogopara.com.br\/index.php\/wp-json\/wp\/v2\/users\/1"}],"replies":[{"embeddable":true,"href":"https:\/\/blogopara.com.br\/index.php\/wp-json\/wp\/v2\/comments?post=79496"}],"version-history":[{"count":1,"href":"https:\/\/blogopara.com.br\/index.php\/wp-json\/wp\/v2\/posts\/79496\/revisions"}],"predecessor-version":[{"id":79498,"href":"https:\/\/blogopara.com.br\/index.php\/wp-json\/wp\/v2\/posts\/79496\/revisions\/79498"}],"wp:featuredmedia":[{"embeddable":true,"href":"https:\/\/blogopara.com.br\/index.php\/wp-json\/wp\/v2\/media\/79497"}],"wp:attachment":[{"href":"https:\/\/blogopara.com.br\/index.php\/wp-json\/wp\/v2\/media?parent=79496"}],"wp:term":[{"taxonomy":"category","embeddable":true,"href":"https:\/\/blogopara.com.br\/index.php\/wp-json\/wp\/v2\/categories?post=79496"},{"taxonomy":"post_tag","embeddable":true,"href":"https:\/\/blogopara.com.br\/index.php\/wp-json\/wp\/v2\/tags?post=79496"}],"curies":[{"name":"wp","href":"https:\/\/api.w.org\/{rel}","templated":true}]}}