{"id":79677,"date":"2025-09-16T14:01:38","date_gmt":"2025-09-16T17:01:38","guid":{"rendered":"https:\/\/blogopara.com.br\/?p=79677"},"modified":"2025-09-16T14:01:38","modified_gmt":"2025-09-16T17:01:38","slug":"depois-de-atrair-prefeitos-netistas-governo-tenta-minar-relacao-de-neto-com-ronaldo-roma-e-nilo","status":"publish","type":"post","link":"https:\/\/blogopara.com.br\/index.php\/2025\/09\/16\/depois-de-atrair-prefeitos-netistas-governo-tenta-minar-relacao-de-neto-com-ronaldo-roma-e-nilo","title":{"rendered":"Depois de atrair prefeitos netistas, governo tenta minar rela\u00e7\u00e3o de Neto com Ronaldo, Roma e Nilo"},"content":{"rendered":"<p>Depois de buscar atrair para a base prefeitos que poderiam engrossar as fileiras da campanha de ACM Neto, o governo lan\u00e7ou tamb\u00e9m uma ofensiva para fomentar a dissid\u00eancia entre ele e l\u00edderes que poderiam ajudar o virtual candidato do Uni\u00e3o Brasil ao governo nas pr\u00f3ximas elei\u00e7\u00f5es.<\/p>\n<p>Entre os alvos da campanha governista est\u00e1, por exemplo, o prefeito de Feira de Santana, Jos\u00e9 Ronaldo (UB), cuja hist\u00f3ria de que teria ficado frustrado por ter sido preterido pelo ex-prefeito de Salvador como seu vice nas elei\u00e7\u00f5es de 2022 tornou-se prosaica.<\/p>\n<p>A ideia n\u00e3o \u00e9 lev\u00e1-lo para o grupo do governo, mesmo porque s\u00e3o muito raras as chances de protagonizar qualquer ades\u00e3o ao governismo, mas trat\u00e1-lo muito bem a partir de agora para incentivar \u2018sua alegada m\u00e1goa\u2019 contra Neto e lev\u00e1-lo a cruzar os bra\u00e7os na sucess\u00e3o estadual.<\/p>\n<p>\u201cJos\u00e9 Ronaldo pode se beneficiar muito da boa rela\u00e7\u00e3o com o governo at\u00e9 o ano que vem\u201d, confirma uma fonte governista, dizendo que o prefeito tem um excelente argumento para n\u00e3o \u2018vestir a camisa\u2019 de Neto em 2026 \u2013 o de que ele, pessoalmente, pode ter at\u00e9 perdoado a exclus\u00e3o em 2022, mas seus aliados n\u00e3o.<\/p>\n<p>Outra figura que pode ser \u2018cultivada\u2019 pelo governo para cruzar os bra\u00e7os nas pr\u00f3ximas elei\u00e7\u00f5es \u00e9 o ex-ministro Jo\u00e3o Roma (PL), especialmente se for preterido para uma das vagas ao Senado na chapa netista.<\/p>\n<p>Roma se reaproximou de Neto recentemente depois de ter rompido com o ex-prefeito de Salvador para assumir o minist\u00e9rio da Cidadania no governo de Jair Bolsonaro e, em seguida, ter concorrido ao governo em 2022 com o estrito prop\u00f3sito de ajudar a derrotar o ent\u00e3o ex-aliado.<\/p>\n<p>No percurso, segundo fontes de lado a lado, teria pactuado com o senador Jaques Wagner (PT) um jogo combinado para dificultar a campanha de Neto e ajudar Jer\u00f4nimo Rodrigues (PT) a se eleger governador da Bahia.<\/p>\n<div id=\"attachment_1176796\" class=\"wp-caption alignleft\"><img loading=\"lazy\" decoding=\"async\" class=\"wp-image-1176796 size-medium\" src=\"https:\/\/politicalivre.com.br\/wp-content\/uploads\/2025\/09\/1758037410719299-370x209.jpg\" sizes=\"auto, (max-width: 370px) 100vw, 370px\" srcset=\"https:\/\/politicalivre.com.br\/wp-content\/uploads\/2025\/09\/1758037410719299-370x209.jpg 370w, https:\/\/politicalivre.com.br\/wp-content\/uploads\/2025\/09\/1758037410719299-570x321.jpg 570w, https:\/\/politicalivre.com.br\/wp-content\/uploads\/2025\/09\/1758037410719299-768x433.jpg 768w, https:\/\/politicalivre.com.br\/wp-content\/uploads\/2025\/09\/1758037410719299.jpg 1054w\" alt=\"\" width=\"370\" height=\"209\" aria-describedby=\"caption-attachment-1176796\" \/><\/p>\n<p id=\"caption-attachment-1176796\" class=\"wp-caption-text\"><em>Jos\u00e9 Ronaldo, Nilo e Jo\u00e3o Roma<\/em><\/p>\n<\/div>\n<p>Inspirado no acordo do passado, o governo n\u00e3o descarta uma reaproxima\u00e7\u00e3o nos bastidores com Roma, principalmente se Neto n\u00e3o cumprir um alegado compromisso de coloc\u00e1-lo em sua chapa. Na rela\u00e7\u00e3o de figuras que podem ajudar a complicar a vida do advers\u00e1rio, at\u00e9 o ex-deputado Marcelo Nilo (Republicanos) vem sendo lembrado.<\/p>\n<p>Nilo tamb\u00e9m estaria negociando a indica\u00e7\u00e3o para o Senado na chapa de Neto. O governo, no entanto, o v\u00ea como algu\u00e9m que pode vir a criar problemas para o candidato do Uni\u00e3o Brasil, caso seja exclu\u00eddo da chapa, principalmente porque o problema ocorreria pela segunda vez.<\/p>\n<p>Nas elei\u00e7\u00f5es passadas, ele deixou de integrar a chapa por causa de uma confus\u00e3o envolvendo o deputado federal F\u00e9lix Mendon\u00e7a (PDT), que rompeu de novo com ACM Neto para se aliar mais uma vez ao governo \u2013 o movimento de ida e vinda \u00e9 constante na vida do parlamentar.<\/p>\n<p>No campo do governo, no entanto, Nilo s\u00f3 conversaria com Wagner, j\u00e1 que dinamitou as pontes com o governador e o ministro Rui Costa (PT) ao deixar o governo, h\u00e1 tr\u00eas anos. Apesar de buscar n\u00e3o valorizar a candidatura ao governo de Jos\u00e9 Carlos Aleluia, a articula\u00e7\u00e3o de Jer\u00f4nimo apreciou o movimento.<\/p>\n<p>Acha que o ex-deputado ocupar\u00e1 um v\u00e1cuo importante, especialmente junto ao eleitor bolsonarista, que ser\u00e1 criado caso Roma marche com Neto no ano que vem. Ele poderia impedir que o voto dos eleitores do ex-presidente passem a aderir automaticamente a Neto.<\/p>\n<p><span class=\"assinatura_exclusiva\">Pol\u00edtica Livre<\/span><\/p>\n","protected":false},"excerpt":{"rendered":"<p>Depois de buscar atrair para a base prefeitos que poderiam engrossar as fileiras da campanha de ACM Neto, o governo lan\u00e7ou tamb\u00e9m uma ofensiva para fomentar a dissid\u00eancia entre ele e l\u00edderes que poderiam ajudar o virtual candidato do Uni\u00e3o Brasil ao governo nas pr\u00f3ximas elei\u00e7\u00f5es. Entre os alvos da campanha governista est\u00e1, por exemplo, [&hellip;]<\/p>\n","protected":false},"author":1,"featured_media":72147,"comment_status":"open","ping_status":"open","sticky":false,"template":"","format":"standard","meta":{"_uag_custom_page_level_css":"","_monsterinsights_skip_tracking":false,"_monsterinsights_sitenote_active":false,"_monsterinsights_sitenote_note":"","_monsterinsights_sitenote_category":0,"jetpack_post_was_ever_published":false,"_jetpack_newsletter_access":"","_jetpack_dont_email_post_to_subs":false,"_jetpack_newsletter_tier_id":0,"_jetpack_memberships_contains_paywalled_content":false,"_jetpack_memberships_contains_paid_content":false,"footnotes":"","jetpack_publicize_message":"","jetpack_publicize_feature_enabled":true,"jetpack_social_post_already_shared":true,"jetpack_social_options":{"image_generator_settings":{"template":"highway","default_image_id":0,"font":"","enabled":false},"version":2}},"categories":[199,197],"tags":[],"class_list":["post-79677","post","type-post","status-publish","format-standard","has-post-thumbnail","hentry","category-bahia","category-politica"],"jetpack_publicize_connections":[],"jetpack_featured_media_url":"https:\/\/blogopara.com.br\/wp-content\/uploads\/2025\/02\/acm-neto-comenta-sobre-declaracao-pardo-e1738503444895.jpg","uagb_featured_image_src":{"full":["https:\/\/blogopara.com.br\/wp-content\/uploads\/2025\/02\/acm-neto-comenta-sobre-declaracao-pardo-e1738503444895.jpg",500,334,false],"thumbnail":["https:\/\/blogopara.com.br\/wp-content\/uploads\/2025\/02\/acm-neto-comenta-sobre-declaracao-pardo-150x150.jpg",150,150,true],"medium":["https:\/\/blogopara.com.br\/wp-content\/uploads\/2025\/02\/acm-neto-comenta-sobre-declaracao-pardo-300x200.jpg",300,200,true],"medium_large":["https:\/\/blogopara.com.br\/wp-content\/uploads\/2025\/02\/acm-neto-comenta-sobre-declaracao-pardo-e1738503444895.jpg",500,334,false],"large":["https:\/\/blogopara.com.br\/wp-content\/uploads\/2025\/02\/acm-neto-comenta-sobre-declaracao-pardo-e1738503444895.jpg",500,334,false],"1536x1536":["https:\/\/blogopara.com.br\/wp-content\/uploads\/2025\/02\/acm-neto-comenta-sobre-declaracao-pardo-e1738503444895.jpg",500,334,false],"2048x2048":["https:\/\/blogopara.com.br\/wp-content\/uploads\/2025\/02\/acm-neto-comenta-sobre-declaracao-pardo-e1738503444895.jpg",500,334,false],"mantranews-slider-large":["https:\/\/blogopara.com.br\/wp-content\/uploads\/2025\/02\/acm-neto-comenta-sobre-declaracao-pardo-e1738503444895.jpg",500,334,false],"mantranews-featured-medium":["https:\/\/blogopara.com.br\/wp-content\/uploads\/2025\/02\/acm-neto-comenta-sobre-declaracao-pardo-420x307.jpg",420,307,true],"mantranews-featured-long":["https:\/\/blogopara.com.br\/wp-content\/uploads\/2025\/02\/acm-neto-comenta-sobre-declaracao-pardo-300x427.jpg",300,427,true],"mantranews-block-medium":["https:\/\/blogopara.com.br\/wp-content\/uploads\/2025\/02\/acm-neto-comenta-sobre-declaracao-pardo-464x290.jpg",464,290,true],"mantranews-carousel-image":["https:\/\/blogopara.com.br\/wp-content\/uploads\/2025\/02\/acm-neto-comenta-sobre-declaracao-pardo-600x427.jpg",600,427,true],"mantranews-block-thumb":["https:\/\/blogopara.com.br\/wp-content\/uploads\/2025\/02\/acm-neto-comenta-sobre-declaracao-pardo-322x230.jpg",322,230,true],"mantranews-single-large":["https:\/\/blogopara.com.br\/wp-content\/uploads\/2025\/02\/acm-neto-comenta-sobre-declaracao-pardo-e1738503444895.jpg",500,334,false]},"uagb_author_info":{"display_name":"Reda\u00e7\u00e3o geral","author_link":"https:\/\/blogopara.com.br\/index.php\/author\/blogopara"},"uagb_comment_info":0,"uagb_excerpt":"Depois de buscar atrair para a base prefeitos que poderiam engrossar as fileiras da campanha de ACM Neto, o governo lan\u00e7ou tamb\u00e9m uma ofensiva para fomentar a dissid\u00eancia entre ele e l\u00edderes que poderiam ajudar o virtual candidato do Uni\u00e3o Brasil ao governo nas pr\u00f3ximas elei\u00e7\u00f5es. Entre os alvos da campanha governista est\u00e1, por exemplo,&hellip;","jetpack_sharing_enabled":true,"jetpack_likes_enabled":true,"_links":{"self":[{"href":"https:\/\/blogopara.com.br\/index.php\/wp-json\/wp\/v2\/posts\/79677","targetHints":{"allow":["GET"]}}],"collection":[{"href":"https:\/\/blogopara.com.br\/index.php\/wp-json\/wp\/v2\/posts"}],"about":[{"href":"https:\/\/blogopara.com.br\/index.php\/wp-json\/wp\/v2\/types\/post"}],"author":[{"embeddable":true,"href":"https:\/\/blogopara.com.br\/index.php\/wp-json\/wp\/v2\/users\/1"}],"replies":[{"embeddable":true,"href":"https:\/\/blogopara.com.br\/index.php\/wp-json\/wp\/v2\/comments?post=79677"}],"version-history":[{"count":1,"href":"https:\/\/blogopara.com.br\/index.php\/wp-json\/wp\/v2\/posts\/79677\/revisions"}],"predecessor-version":[{"id":79678,"href":"https:\/\/blogopara.com.br\/index.php\/wp-json\/wp\/v2\/posts\/79677\/revisions\/79678"}],"wp:featuredmedia":[{"embeddable":true,"href":"https:\/\/blogopara.com.br\/index.php\/wp-json\/wp\/v2\/media\/72147"}],"wp:attachment":[{"href":"https:\/\/blogopara.com.br\/index.php\/wp-json\/wp\/v2\/media?parent=79677"}],"wp:term":[{"taxonomy":"category","embeddable":true,"href":"https:\/\/blogopara.com.br\/index.php\/wp-json\/wp\/v2\/categories?post=79677"},{"taxonomy":"post_tag","embeddable":true,"href":"https:\/\/blogopara.com.br\/index.php\/wp-json\/wp\/v2\/tags?post=79677"}],"curies":[{"name":"wp","href":"https:\/\/api.w.org\/{rel}","templated":true}]}}