{"id":79721,"date":"2025-09-18T10:43:49","date_gmt":"2025-09-18T13:43:49","guid":{"rendered":"https:\/\/blogopara.com.br\/?p=79721"},"modified":"2025-09-18T10:43:49","modified_gmt":"2025-09-18T13:43:49","slug":"salvador-tem-85-dos-bairros-com-tiroteios-em-2025-veja-os-mais-perigosos","status":"publish","type":"post","link":"https:\/\/blogopara.com.br\/index.php\/2025\/09\/18\/salvador-tem-85-dos-bairros-com-tiroteios-em-2025-veja-os-mais-perigosos","title":{"rendered":"Salvador tem 85% dos bairros com tiroteios em 2025; veja os mais perigosos"},"content":{"rendered":"<div class=\"flex flex-col w-full font-normal text-[18px] leading-[30px] text-tw-theme-text-default\">\n<p id=\"paragrafo-tv469uh80q\">Independente da regi\u00e3o onde acontece, a viol\u00eancia armada \u00e9 um problema que se tornou parte do dia a dia dos soteropolitanos. Seja nas regi\u00f5es centrais, nobres ou mais perif\u00e9ricas, essa \u00e9 uma quest\u00e3o que afeta todos que circulam pela capital baiana. De acordo com o Instituto Fogo Cruzado, 146 bairros registraram trocas de tiro entre os meses de janeiro e agosto de 2025, representando 85,38% do total de logradouros da cidade.<\/p>\n<\/div>\n<div class=\"flex flex-col w-full font-normal text-[18px] leading-[30px] text-tw-theme-text-default\">\n<p id=\"paragrafo-4phwfynk1i\">Os bairros Tancredo Neves, Lobato e Mussurunga registraram em m\u00e9dia, cada, mais de 25 confrontos de janeiro at\u00e9 a \u00faltima quarta (17), ocupando o p\u00f3dio dos tr\u00eas mais violentos. Tancredo Neves \u00e9 o l\u00edder nesse quesito em Salvador, com cerca de 29 tiroteios registrados at\u00e9 esse per\u00edodo do ano. Federa\u00e7\u00e3o e Fazenda Coutos completam o top 5. Ao todo, a capital registrou 856 tiroteios at\u00e9 o momento, o que resultou em 647 mortes e 188 pessoas feridas.<\/p>\n<\/div>\n<div class=\"flex flex-col w-full font-normal text-[18px] leading-[30px] text-tw-theme-text-default\">\n<p id=\"paragrafo-8801dq5gpq\">Na contram\u00e3o, 25 bairros n\u00e3o registraram confrontos nesse ano, sendo que alguns deles estiveram entre os que mais registros com armas. S\u00e3o eles: Alto das Pombas, Amaralina, Boa Viagem, Boa Vista de S\u00e3o Caetano, Cabula VI, Cajazeiras II, Cajazeiras VII, Calabar, Chame-Chame, Colinas de Periperi, Dois de Julho, Doron, Granjas Rurais Presidente Vargas, Ilha de Bom Jesus dos Passos, Ilha de Mar\u00e9, Ilha dos Frades\/Ilha de Santo Ant\u00f4nio, Lapinha, Nova Esperan\u00e7a, Pitua\u00e7u, Roma, Santo Agostinho, Saramandaia, Sa\u00fade, Stiep e Vit\u00f3ria.<\/p>\n<\/div>\n<div class=\"flex flex-col w-full font-normal text-[18px] leading-[30px] text-tw-theme-text-default\">\n<p id=\"paragrafo-arvlmhnlcc\">Integrante da Rede de Observat\u00f3rios da Seguran\u00e7a na Bahia, Dudu Ribeiro expressa preocupa\u00e7\u00e3o com os n\u00fameros apresentados pelo Instituto Fogo Cruzado. Ele aponta as disputas em rela\u00e7\u00e3o ao mercado de drogas e armas, a presen\u00e7a ostensiva da pol\u00edcia nas comunidades e as tomadas de decis\u00e3o dos gestores quanto ao investimento para esses locais como principais fatores para o incremento desses dados.<\/p>\n<\/div>\n<div class=\"flex flex-col w-full font-normal text-[18px] leading-[30px] text-tw-theme-text-default\">\n<p id=\"paragrafo-20sa8fef7p\">\u201cEstamos diante de um quadro em que h\u00e1 uma mudan\u00e7a no topo da lista de bairros com mais trocas de tiro ao longo dos meses e isso demonstra que a viol\u00eancia armada est\u00e1 espalhada de forma cr\u00f4nica, sobretudo nos bairros mais negros, nos bairros perif\u00e9ricos e que sofrem com outro conjunto muito grande de viol\u00eancias institucionais\u201d, pondera.<\/p>\n<\/div>\n<div class=\"flex flex-col w-full font-normal text-[18px] leading-[30px] text-tw-theme-text-default\">\n<p id=\"paragrafo-szzv2vha3v\"><b>Din\u00e2mica do Crime<\/b><\/p>\n<\/div>\n<div class=\"flex flex-col w-full font-normal text-[18px] leading-[30px] text-tw-theme-text-default\">\n<p id=\"paragrafo-5wsl8wuvzs\">Para o especialista em seguran\u00e7a p\u00fablica e professor da Universidade Federal da Bahia (Ufba) Hor\u00e1cio Hastenreiter, a distribui\u00e7\u00e3o dos casos de viol\u00eancia armada pela cidade est\u00e1 associada \u00e0 din\u00e2mica do crime organizado no estado. Segundo ele, a presen\u00e7a de diferentes fac\u00e7\u00f5es criminosas e a disputa por territ\u00f3rio entre esses grupos contribui para a ocorr\u00eancia de trocas de tiros.<\/p>\n<\/div>\n<div class=\"flex flex-col w-full font-normal text-[18px] leading-[30px] text-tw-theme-text-default\">\n<p id=\"paragrafo-6c9xn9y35o\">\u201cQuando h\u00e1 um poder consolidado em um grupo apenas, a popula\u00e7\u00e3o do entorno \u00e9 menos impactada. S\u00e3o Paulo, por exemplo, registrou uma queda significativa no n\u00famero de homic\u00eddios depois que uma fac\u00e7\u00e3o se tornou dominante no estado. Isso ocorre devido \u00e0 redu\u00e7\u00e3o dos conflitos quando um desses grupos se torna hegem\u00f4nico no local e consegue coibir as disputas internas\u201d, afirma.<\/p>\n<\/div>\n<div class=\"flex flex-col w-full font-normal text-[18px] leading-[30px] text-tw-theme-text-default\">\n<p id=\"paragrafo-zap4cy8yfz\">Dudu Ribeiro tamb\u00e9m refor\u00e7a a import\u00e2ncia do fortalecimento de a\u00e7\u00f5es de intelig\u00eancia e de pol\u00edticas de cidadania nos bairros mais violentos visando a constru\u00e7\u00e3o de uma cultura de paz e uma pol\u00edtica de combate ostensivo ao crime pautada pela prote\u00e7\u00e3o da vida.<\/p>\n<\/div>\n<div class=\"flex flex-col w-full font-normal text-[18px] leading-[30px] text-tw-theme-text-default\">\n<p id=\"paragrafo-kzm9xosf9f\">\u201c\u00c9 necess\u00e1rio que a seguran\u00e7a p\u00fablica seja pensada a partir da prote\u00e7\u00e3o desses territ\u00f3rios e da promo\u00e7\u00e3o de direitos no combate \u00e0 viol\u00eancia. Tamb\u00e9m temos o desafio de atender as pessoas que est\u00e3o no sistema prisional e que devem ser reconhecidas como cidad\u00e3os de direitos, sendo acolhidas pelo servi\u00e7o de assist\u00eancia social, sa\u00fade e educa\u00e7\u00e3o para constru\u00edmos percursos de vida mais protetivos para essas pessoas\u201d, finaliza Dudu.<\/p>\n<\/div>\n<div class=\"flex flex-col w-full font-normal text-[18px] leading-[30px] text-tw-theme-text-default\">\n<p id=\"paragrafo-op00fhh3nn\">Em nota, a Secretaria da Seguran\u00e7a P\u00fablica (SSP) afirmou que o combate ao crime organizado foi intensificado pelas for\u00e7as estaduais e federais nesse ano. Segundo o \u00f3rg\u00e3o, a a\u00e7\u00e3o das unidades de seguran\u00e7a resultou no aumento de 20% do n\u00famero de armas apreendidas e da redu\u00e7\u00e3o de 6% dos registros de homic\u00eddio, latroc\u00ednio e les\u00e3o dolosa seguida de morte no estado em 2025.<\/p>\n<p>Fonte: Correio da Bahia<\/p>\n<\/div>\n","protected":false},"excerpt":{"rendered":"<p>Independente da regi\u00e3o onde acontece, a viol\u00eancia armada \u00e9 um problema que se tornou parte do dia a dia dos soteropolitanos. Seja nas regi\u00f5es centrais, nobres ou mais perif\u00e9ricas, essa \u00e9 uma quest\u00e3o que afeta todos que circulam pela capital baiana. De acordo com o Instituto Fogo Cruzado, 146 bairros registraram trocas de tiro entre [&hellip;]<\/p>\n","protected":false},"author":1,"featured_media":7286,"comment_status":"open","ping_status":"open","sticky":false,"template":"","format":"standard","meta":{"_uag_custom_page_level_css":"","_monsterinsights_skip_tracking":false,"_monsterinsights_sitenote_active":false,"_monsterinsights_sitenote_note":"","_monsterinsights_sitenote_category":0,"jetpack_post_was_ever_published":false,"_jetpack_newsletter_access":"","_jetpack_dont_email_post_to_subs":false,"_jetpack_newsletter_tier_id":0,"_jetpack_memberships_contains_paywalled_content":false,"_jetpack_memberships_contains_paid_content":false,"footnotes":"","jetpack_publicize_message":"","jetpack_publicize_feature_enabled":true,"jetpack_social_post_already_shared":true,"jetpack_social_options":{"image_generator_settings":{"template":"highway","default_image_id":0,"font":"","enabled":false},"version":2}},"categories":[202],"tags":[],"class_list":["post-79721","post","type-post","status-publish","format-standard","has-post-thumbnail","hentry","category-policia"],"jetpack_publicize_connections":[],"jetpack_featured_media_url":"https:\/\/blogopara.com.br\/wp-content\/uploads\/2020\/02\/homicidio-violencia-e1666094574189.jpg","uagb_featured_image_src":{"full":["https:\/\/blogopara.com.br\/wp-content\/uploads\/2020\/02\/homicidio-violencia-e1666094574189.jpg",500,263,false],"thumbnail":["https:\/\/blogopara.com.br\/wp-content\/uploads\/2020\/02\/homicidio-violencia-e1528235328685-150x150.jpg",150,150,true],"medium":["https:\/\/blogopara.com.br\/wp-content\/uploads\/2020\/02\/homicidio-violencia-e1528235328685-300x158.jpg",300,158,true],"medium_large":["https:\/\/blogopara.com.br\/wp-content\/uploads\/2020\/02\/homicidio-violencia-e1666094574189.jpg",500,263,false],"large":["https:\/\/blogopara.com.br\/wp-content\/uploads\/2020\/02\/homicidio-violencia-e1666094574189.jpg",500,263,false],"1536x1536":["https:\/\/blogopara.com.br\/wp-content\/uploads\/2020\/02\/homicidio-violencia-e1666094574189.jpg",500,263,false],"2048x2048":["https:\/\/blogopara.com.br\/wp-content\/uploads\/2020\/02\/homicidio-violencia-e1666094574189.jpg",500,263,false],"mantranews-slider-large":["https:\/\/blogopara.com.br\/wp-content\/uploads\/2020\/02\/homicidio-violencia-e1666094574189.jpg",500,263,false],"mantranews-featured-medium":["https:\/\/blogopara.com.br\/wp-content\/uploads\/2020\/02\/homicidio-violencia-e1666094574189.jpg",420,221,false],"mantranews-featured-long":["https:\/\/blogopara.com.br\/wp-content\/uploads\/2020\/02\/homicidio-violencia-e1666094574189.jpg",300,158,false],"mantranews-block-medium":["https:\/\/blogopara.com.br\/wp-content\/uploads\/2020\/02\/homicidio-violencia-e1666094574189.jpg",464,244,false],"mantranews-carousel-image":["https:\/\/blogopara.com.br\/wp-content\/uploads\/2020\/02\/homicidio-violencia-e1666094574189.jpg",500,263,false],"mantranews-block-thumb":["https:\/\/blogopara.com.br\/wp-content\/uploads\/2020\/02\/homicidio-violencia-e1666094574189.jpg",322,169,false],"mantranews-single-large":["https:\/\/blogopara.com.br\/wp-content\/uploads\/2020\/02\/homicidio-violencia-e1666094574189.jpg",500,263,false]},"uagb_author_info":{"display_name":"Reda\u00e7\u00e3o geral","author_link":"https:\/\/blogopara.com.br\/index.php\/author\/blogopara"},"uagb_comment_info":0,"uagb_excerpt":"Independente da regi\u00e3o onde acontece, a viol\u00eancia armada \u00e9 um problema que se tornou parte do dia a dia dos soteropolitanos. Seja nas regi\u00f5es centrais, nobres ou mais perif\u00e9ricas, essa \u00e9 uma quest\u00e3o que afeta todos que circulam pela capital baiana. De acordo com o Instituto Fogo Cruzado, 146 bairros registraram trocas de tiro entre&hellip;","jetpack_sharing_enabled":true,"jetpack_likes_enabled":true,"_links":{"self":[{"href":"https:\/\/blogopara.com.br\/index.php\/wp-json\/wp\/v2\/posts\/79721","targetHints":{"allow":["GET"]}}],"collection":[{"href":"https:\/\/blogopara.com.br\/index.php\/wp-json\/wp\/v2\/posts"}],"about":[{"href":"https:\/\/blogopara.com.br\/index.php\/wp-json\/wp\/v2\/types\/post"}],"author":[{"embeddable":true,"href":"https:\/\/blogopara.com.br\/index.php\/wp-json\/wp\/v2\/users\/1"}],"replies":[{"embeddable":true,"href":"https:\/\/blogopara.com.br\/index.php\/wp-json\/wp\/v2\/comments?post=79721"}],"version-history":[{"count":1,"href":"https:\/\/blogopara.com.br\/index.php\/wp-json\/wp\/v2\/posts\/79721\/revisions"}],"predecessor-version":[{"id":79722,"href":"https:\/\/blogopara.com.br\/index.php\/wp-json\/wp\/v2\/posts\/79721\/revisions\/79722"}],"wp:featuredmedia":[{"embeddable":true,"href":"https:\/\/blogopara.com.br\/index.php\/wp-json\/wp\/v2\/media\/7286"}],"wp:attachment":[{"href":"https:\/\/blogopara.com.br\/index.php\/wp-json\/wp\/v2\/media?parent=79721"}],"wp:term":[{"taxonomy":"category","embeddable":true,"href":"https:\/\/blogopara.com.br\/index.php\/wp-json\/wp\/v2\/categories?post=79721"},{"taxonomy":"post_tag","embeddable":true,"href":"https:\/\/blogopara.com.br\/index.php\/wp-json\/wp\/v2\/tags?post=79721"}],"curies":[{"name":"wp","href":"https:\/\/api.w.org\/{rel}","templated":true}]}}